{"id":579605,"date":"2025-12-05T10:08:17","date_gmt":"2025-12-05T10:08:17","guid":{"rendered":"https:\/\/www.europesays.com\/fr\/579605\/"},"modified":"2025-12-05T10:08:17","modified_gmt":"2025-12-05T10:08:17","slug":"grenoble-vitalic-pedro-winter-et-rebeka-warrior-au-musee-electronique-festival","status":"publish","type":"post","link":"https:\/\/www.europesays.com\/fr\/579605\/","title":{"rendered":"Grenoble. Vitalic, Pedro Winter et Rebeka Warrior au Mus\u00e9e \u00e9lectronique festival"},"content":{"rendered":"<p>\u2060Tr\u00e8s belle programmation <a href=\"https:\/\/www.ledauphine.com\/culture-loisirs\/2025\/09\/18\/le-musee-electronique-festival-de-retour-apres-trois-ans-d-absence\" target=\"_blank\" rel=\"noopener\">pour le retour du Mus\u00e9e \u00e9lectronique festival<\/a> organis\u00e9 par le P\u00e9riscope au Mus\u00e9e dauphinois \u00e0 Grenoble, les vendredi\u00a012 et samedi 13\u00a0juin. On retrouvera notamment Busy P (Pedro Winter), compositeur et producteur, connu pour avoir \u00e9t\u00e9 le manager les Daft Punk et \u00e0 l\u2019origine de la d\u00e9couverte de Justice.<\/p>\n<p>Autre star de l\u2019\u00e9lectro, Vitalic, producteur, auteur et compositeur qui forme le duo Kompromat avec la musicienne Rebeka Warrior. Les autres premiers invit\u00e9s annonc\u00e9s\u00a0: Olkan &amp; la Vip\u00e8re Rouge, Camille Doe, Mon cher Guy et Marco del Bosque. Les artistes locaux seront annonc\u00e9s dans un second temps, afin de leur donner une meilleure visibilit\u00e9.<\/p>\n<p class=\"note\">Vendredi\u00a012 et samedi 13\u00a0juin \u00e0 partir de 19 heures au Mus\u00e9e dauphinois. 45\u00a0euros la soir\u00e9e\u00a0; 80\u00a0euros les deux.<\/p>\n","protected":false},"excerpt":{"rendered":"\u2060Tr\u00e8s belle programmation pour le retour du Mus\u00e9e \u00e9lectronique festival organis\u00e9 par le P\u00e9riscope au Mus\u00e9e dauphinois \u00e0&hellip;\n","protected":false},"author":2,"featured_media":579606,"comment_status":"","ping_status":"","sticky":false,"template":"","format":"standard","meta":{"footnotes":""},"categories":[9566],"tags":[1111,11,2430,1687,112,113,1777,674,107,1011,27,2731,2732,108,873,12,25,3140],"class_list":{"0":"post-579605","1":"post","2":"type-post","3":"status-publish","4":"format-standard","5":"has-post-thumbnail","7":"category-grenoble","8":"tag-actu","9":"tag-actualites","10":"tag-auvergne-rhone-alpes","11":"tag-culture-loisirs","12":"tag-edition-grenoble-agglomeration","13":"tag-edition-gresivaudan-oisans","14":"tag-eu","15":"tag-europe","16":"tag-fil-info","17":"tag-fr","18":"tag-france","19":"tag-grenoble","20":"tag-grenoble-bassin","21":"tag-isere","22":"tag-musique","23":"tag-news","24":"tag-republique-francaise","25":"tag-spectacle"},"share_on_mastodon":{"url":"https:\/\/pubeurope.com\/@fr\/115666413538968789","error":""},"_links":{"self":[{"href":"https:\/\/www.europesays.com\/fr\/wp-json\/wp\/v2\/posts\/579605","targetHints":{"allow":["GET"]}}],"collection":[{"href":"https:\/\/www.europesays.com\/fr\/wp-json\/wp\/v2\/posts"}],"about":[{"href":"https:\/\/www.europesays.com\/fr\/wp-json\/wp\/v2\/types\/post"}],"author":[{"embeddable":true,"href":"https:\/\/www.europesays.com\/fr\/wp-json\/wp\/v2\/users\/2"}],"replies":[{"embeddable":true,"href":"https:\/\/www.europesays.com\/fr\/wp-json\/wp\/v2\/comments?post=579605"}],"version-history":[{"count":0,"href":"https:\/\/www.europesays.com\/fr\/wp-json\/wp\/v2\/posts\/579605\/revisions"}],"wp:featuredmedia":[{"embeddable":true,"href":"https:\/\/www.europesays.com\/fr\/wp-json\/wp\/v2\/media\/579606"}],"wp:attachment":[{"href":"https:\/\/www.europesays.com\/fr\/wp-json\/wp\/v2\/media?parent=579605"}],"wp:term":[{"taxonomy":"category","embeddable":true,"href":"https:\/\/www.europesays.com\/fr\/wp-json\/wp\/v2\/categories?post=579605"},{"taxonomy":"post_tag","embeddable":true,"href":"https:\/\/www.europesays.com\/fr\/wp-json\/wp\/v2\/tags?post=579605"}],"curies":[{"name":"wp","href":"https:\/\/api.w.org\/{rel}","templated":true}]}}