{"id":579607,"date":"2025-12-05T10:09:16","date_gmt":"2025-12-05T10:09:16","guid":{"rendered":"https:\/\/www.europesays.com\/fr\/579607\/"},"modified":"2025-12-05T10:09:16","modified_gmt":"2025-12-05T10:09:16","slug":"a-louest-de-rennes-36-720-pieces-sont-encore-a-placer-sur-le-puzzle-entame-pour-le","status":"publish","type":"post","link":"https:\/\/www.europesays.com\/fr\/579607\/","title":{"rendered":"\u00c0 l\u2019Ouest de Rennes, \u00ab\u00a036\u00a0720\u00a0pi\u00e8ces sont encore \u00e0 placer sur le puzzle entam\u00e9 pour le"},"content":{"rendered":"<p>\u00a0Depuis longtemps je souhaitais mener une action pour le T\u00e9l\u00e9thon. Ce puzzle, je l\u2019ai r\u00e9alis\u00e9 en m\u00eame temps que la r\u00e9novation de ma maison. Cela me d\u00e9tendait. Le puzzle a \u00e9t\u00e9 commenc\u00e9 lors du T\u00e9l\u00e9thon 2024, et 3\u00a0600\u00a0pi\u00e8ces ont \u00e9t\u00e9 positionn\u00e9es, soit un peu moins de 10\u00a0%. Une action qui a cependant permis de collecter 360 euros. Ce serait bien que le nombre de pi\u00e8ces acquises puisse permettre de le terminer cette ann\u00e9e\u00a0, explique Laurent Touchet.<\/p>\n<p><strong>Lire aussi\u00a0: <\/strong> <a href=\"https:\/\/rennes.maville.com\/actu\/actudet_--des-imbeciles-il-y-en-a-partout...-les-agents-des-dechetteries-de-rennes-metropole-deplorent-les-incivilites-_7-7087057_actu.Htm\" target=\"_blank\" rel=\"noopener\">\u00ab\u00a0Des imb\u00e9ciles, il y en a partout\u2026\u00a0\u00bb\u00a0: les agents des d\u00e9chetteries de Rennes m\u00e9tropole d\u00e9plorent les incivilit\u00e9s<\/a><\/p>\n<p>Dans un local plus confortable<\/p>\n<p>L\u2019ann\u00e9e derni\u00e8re, toutes les conditions d\u2019organisation n\u2019\u00e9taient pas r\u00e9unies \u00e0 <a href=\"https:\/\/rennes.maville.com\/bretagne\/ille-et-vilaine\/mordelles\/\" target=\"_blank\" rel=\"noopener\">Mordelles <\/a>(Ille-et-Vilaine). Certaines personnes se sont plaintes du froid. M\u00eame si l\u2019initiative semblait originale et g\u00e9n\u00e9reuse, l\u2019\u00e9v\u00e9nement n\u2019a pas eu le succ\u00e8s escompt\u00e9. \u00a0Qu\u2019\u00e0 cela ne tienne, je r\u00e9it\u00e8re cette ann\u00e9e, dans un local plus confortable, la salle de l\u2019Aquarium \u00e0 Beaus\u00e9jour. Mon d\u00e9fi personnel a \u00e9t\u00e9 de le construire en 36\u00a0heures. Un d\u00e9fi \u00e0 la hauteur du T\u00e9l\u00e9thon\u00a0\u00bb, ajoute Laurent Touchet. Les participants sont attendus vendredi de 11\u00a0h \u00e0 23\u00a0h, et samedi, de 8\u00a0h \u00e0 23\u00a0h. Chacun peut acqu\u00e9rir un sachet de trente-six\u00a0pi\u00e8ces pour deux euros. Des conditions particuli\u00e8res ont \u00e9t\u00e9 mises en place pour les enfants qui, dans tous les cas, re\u00e7oivent une r\u00e9compense.<\/p>\n<p>Pour cinq\u00a0sachets, soit dix euros, les participants peuvent les placer eux-m\u00eames sur le plateau. \u00a0Le T\u00e9l\u00e9thon aide \u00e0 la recherche pour des maladies rares qui touchent le plus souvent les enfants et ne semblent pas beaucoup pr\u00e9occuper nos politiques. C\u2019est pour cela qu\u2019il est n\u00e9cessaire de nous y investir\u00a0, poursuit l\u2019organisateur. Pour m\u00e9moire, l\u2019Association fran\u00e7aise contre les myopathies a pour mission de gu\u00e9rir, aider et communiquer.<\/p>\n<p>\u00a0<\/p>\n","protected":false},"excerpt":{"rendered":"\u00a0Depuis longtemps je souhaitais mener une action pour le T\u00e9l\u00e9thon. Ce puzzle, je l\u2019ai r\u00e9alis\u00e9 en m\u00eame temps&hellip;\n","protected":false},"author":2,"featured_media":579608,"comment_status":"","ping_status":"","sticky":false,"template":"","format":"standard","meta":{"footnotes":""},"categories":[2821],"tags":[6542,32894,69360,1111,11,829,1440,34785,1777,674,1011,27,12,9144,15080,53274,42589,3086,584,25,12846],"class_list":{"0":"post-579607","1":"post","2":"type-post","3":"status-publish","4":"format-standard","5":"has-post-thumbnail","7":"category-rennes","8":"tag-6542","9":"tag-32894","10":"tag-69360","11":"tag-actu","12":"tag-actualites","13":"tag-bretagne","14":"tag-encore","15":"tag-entame","16":"tag-eu","17":"tag-europe","18":"tag-fr","19":"tag-france","20":"tag-news","21":"tag-ouest","22":"tag-pieces","23":"tag-placer","24":"tag-puzzle","25":"tag-redon","26":"tag-rennes","27":"tag-republique-francaise","28":"tag-telethon"},"share_on_mastodon":{"url":"https:\/\/pubeurope.com\/@fr\/115666417432796257","error":""},"_links":{"self":[{"href":"https:\/\/www.europesays.com\/fr\/wp-json\/wp\/v2\/posts\/579607","targetHints":{"allow":["GET"]}}],"collection":[{"href":"https:\/\/www.europesays.com\/fr\/wp-json\/wp\/v2\/posts"}],"about":[{"href":"https:\/\/www.europesays.com\/fr\/wp-json\/wp\/v2\/types\/post"}],"author":[{"embeddable":true,"href":"https:\/\/www.europesays.com\/fr\/wp-json\/wp\/v2\/users\/2"}],"replies":[{"embeddable":true,"href":"https:\/\/www.europesays.com\/fr\/wp-json\/wp\/v2\/comments?post=579607"}],"version-history":[{"count":0,"href":"https:\/\/www.europesays.com\/fr\/wp-json\/wp\/v2\/posts\/579607\/revisions"}],"wp:featuredmedia":[{"embeddable":true,"href":"https:\/\/www.europesays.com\/fr\/wp-json\/wp\/v2\/media\/579608"}],"wp:attachment":[{"href":"https:\/\/www.europesays.com\/fr\/wp-json\/wp\/v2\/media?parent=579607"}],"wp:term":[{"taxonomy":"category","embeddable":true,"href":"https:\/\/www.europesays.com\/fr\/wp-json\/wp\/v2\/categories?post=579607"},{"taxonomy":"post_tag","embeddable":true,"href":"https:\/\/www.europesays.com\/fr\/wp-json\/wp\/v2\/tags?post=579607"}],"curies":[{"name":"wp","href":"https:\/\/api.w.org\/{rel}","templated":true}]}}