{"id":579609,"date":"2025-12-05T10:10:15","date_gmt":"2025-12-05T10:10:15","guid":{"rendered":"https:\/\/www.europesays.com\/fr\/579609\/"},"modified":"2025-12-05T10:10:15","modified_gmt":"2025-12-05T10:10:15","slug":"a-rennes-linauguration-de-la-nouvelle-eglise-marcel-callo-est-reportee-a-2026","status":"publish","type":"post","link":"https:\/\/www.europesays.com\/fr\/579609\/","title":{"rendered":"\u00c0 Rennes, l&rsquo;inauguration de la nouvelle \u00e9glise Marcel-Callo est report\u00e9e \u00e0 2026"},"content":{"rendered":"<p>                    Par<br \/>\n        <strong><br \/>\n            <a href=\"https:\/\/actu.fr\/auteur\/clemence-pays02-actu-fr\" title=\"Consulter tous les articles de Cl\u00e9mence Pays\" target=\"_blank\" rel=\"noopener\">Cl\u00e9mence Pays<\/a><br \/>\n                    <\/strong><\/p>\n<p>        Publi\u00e9 le<\/p>\n<p>            5 d\u00e9c. 2025 \u00e0 10h51        <\/p>\n<p>C\u2019est entre les tours d\u2019habitations du quartier Baud-Chardonnet que le dioc\u00e8se de Rennes et la paroisse Saint-H\u00e9lier ont fait <strong>construire une \u00e9glise.<\/strong> Baptis\u00e9<strong> Marcel-Callo<\/strong> \u2013 en m\u00e9moire du Rennais membre de la Jeunesse ouvri\u00e8re chr\u00e9tienne mort \u00e0 23 ans au camp de Mauthausen, en 1944 \u2013 l\u2019\u00e9difice religieux devait \u00eatre <strong>inaugur\u00e9 samedi 6\u00a0d\u00e9cembre<\/strong> 2025. L\u2019\u00e9v\u00e9nement est finalement <strong>report\u00e9.<\/strong><\/p>\n<p>Des retards dans les travaux<\/p>\n<p class=\" wall-content\">Lors d\u2019une journ\u00e9e de portes ouvertes en f\u00e9vrier\u00a02024, le dioc\u00e8se confiait \u00e0 actu Rennes <a href=\"https:\/\/actu.fr\/bretagne\/rennes_35238\/rennes-une-eglise-contemporaine-est-sortie-de-terre-dans-ce-quartier_60713899.html\" target=\"_blank\" rel=\"noopener\">esp\u00e9rer \u00ab\u2009ouvrir pour la Toussaint 2024 et \u00eatre op\u00e9rationnel en mars\u00a02025\u2009\u00bb<\/a>.<\/p>\n<p class=\" wall-content\">Mais, <strong>les travaux ont d\u00fb \u00eatre interrompus<\/strong> pour \u00ab\u2009diff\u00e9rentes raisons\u2009\u00bb, explique la paroisse Saint-H\u00e9lier. Une nouvelle date d\u2019inauguration avait donc \u00e9t\u00e9 cal\u00e9e au samedi 6 d\u00e9cembre 2025.<\/p>\n<p class=\" wall-content\">L\u2019\u00e9v\u00e9nement est finalement <strong>\u00ab\u2009report\u00e9 au 7\u00a0f\u00e9vrier 2026\u2009\u00bb,<\/strong> confie Olivier Bertrand, membre des Amis de Marcel Callo. La raison\u2009? \u00ab\u2009Un retard dans la livraison du mobilier\u2009\u00bb qui doit venir habiller l\u2019\u00e9glise. Les travaux de la fa\u00e7ade sont \u00e9galement toujours en cours.<\/p>\n<p class=\" wall-content\">\u00ab\u2009L\u2019inauguration en pr\u00e9sence d\u2019\u00e9lus de la Ville de Rennes se fera <strong>le m\u00eame jour que la cons\u00e9cration<\/strong> religieuse\u2009\u00bb, qui officialisera le caract\u00e8re sacr\u00e9 du b\u00e2timent aux yeux de l\u2019\u00c9glise catholique.<\/p>\n<p class=\" wall-content\">Personnalisez votre actualit\u00e9 en ajoutant vos villes et m\u00e9dias en favori avec <a href=\"https:\/\/moncompte.actu.fr\" title=\"D\u00e9couvez Mon Actu\" rel=\"nofollow noopener\" data-trk=\"{&quot;cta&quot;:{&quot;action&quot;:&quot;https:\\\/\\\/moncompte.actu.fr&quot;,&quot;category&quot;:&quot;mon compte&quot;,&quot;from&quot;:&quot;article footer&quot;,&quot;name&quot;:&quot;Mon actu&quot;,&quot;type&quot;:&quot;cta&quot;}}\" target=\"_blank\">Mon Actu<\/a>.<\/p>\n","protected":false},"excerpt":{"rendered":"Par Cl\u00e9mence Pays Publi\u00e9 le 5 d\u00e9c. 2025 \u00e0 10h51 C\u2019est entre les tours d\u2019habitations du quartier Baud-Chardonnet&hellip;\n","protected":false},"author":2,"featured_media":579610,"comment_status":"","ping_status":"","sticky":false,"template":"","format":"standard","meta":{"footnotes":""},"categories":[2821],"tags":[1111,11,829,1777,674,1011,27,12,4020,584,25,104],"class_list":{"0":"post-579609","1":"post","2":"type-post","3":"status-publish","4":"format-standard","5":"has-post-thumbnail","7":"category-rennes","8":"tag-actu","9":"tag-actualites","10":"tag-bretagne","11":"tag-eu","12":"tag-europe","13":"tag-fr","14":"tag-france","15":"tag-news","16":"tag-religion","17":"tag-rennes","18":"tag-republique-francaise","19":"tag-societe"},"share_on_mastodon":{"url":"https:\/\/pubeurope.com\/@fr\/115666421344412985","error":""},"_links":{"self":[{"href":"https:\/\/www.europesays.com\/fr\/wp-json\/wp\/v2\/posts\/579609","targetHints":{"allow":["GET"]}}],"collection":[{"href":"https:\/\/www.europesays.com\/fr\/wp-json\/wp\/v2\/posts"}],"about":[{"href":"https:\/\/www.europesays.com\/fr\/wp-json\/wp\/v2\/types\/post"}],"author":[{"embeddable":true,"href":"https:\/\/www.europesays.com\/fr\/wp-json\/wp\/v2\/users\/2"}],"replies":[{"embeddable":true,"href":"https:\/\/www.europesays.com\/fr\/wp-json\/wp\/v2\/comments?post=579609"}],"version-history":[{"count":0,"href":"https:\/\/www.europesays.com\/fr\/wp-json\/wp\/v2\/posts\/579609\/revisions"}],"wp:featuredmedia":[{"embeddable":true,"href":"https:\/\/www.europesays.com\/fr\/wp-json\/wp\/v2\/media\/579610"}],"wp:attachment":[{"href":"https:\/\/www.europesays.com\/fr\/wp-json\/wp\/v2\/media?parent=579609"}],"wp:term":[{"taxonomy":"category","embeddable":true,"href":"https:\/\/www.europesays.com\/fr\/wp-json\/wp\/v2\/categories?post=579609"},{"taxonomy":"post_tag","embeddable":true,"href":"https:\/\/www.europesays.com\/fr\/wp-json\/wp\/v2\/tags?post=579609"}],"curies":[{"name":"wp","href":"https:\/\/api.w.org\/{rel}","templated":true}]}}