{"id":579611,"date":"2025-12-05T10:11:11","date_gmt":"2025-12-05T10:11:11","guid":{"rendered":"https:\/\/www.europesays.com\/fr\/579611\/"},"modified":"2025-12-05T10:11:11","modified_gmt":"2025-12-05T10:11:11","slug":"pourquoi-celui-qui-a-vendu-larme-au-terroriste-ne-sera-pas-juge","status":"publish","type":"post","link":"https:\/\/www.europesays.com\/fr\/579611\/","title":{"rendered":"pourquoi celui qui a vendu l&rsquo;arme au terroriste ne sera pas jug\u00e9"},"content":{"rendered":"<p>                    Par<br \/>\n        <strong><br \/>\n            <a href=\"https:\/\/actu.fr\/auteur\/redaction-strasbourg\" title=\"Consulter tous les articles de R\u00e9daction Strasbourg\" target=\"_blank\" rel=\"noopener\">R\u00e9daction Strasbourg<\/a><br \/>\n                    <\/strong><\/p>\n<p>        Publi\u00e9 le<\/p>\n<p>            5 d\u00e9c. 2025 \u00e0 7h02        <\/p>\n<p>Le soir du 11\u00a0d\u00e9cembre 2018, Ch\u00e9rif Chekatt avait <strong>tu\u00e9 cinq personnes<\/strong> et en avait bless\u00e9 <strong>11 autres<\/strong> dans les rues bond\u00e9es de <a href=\"https:\/\/actu.fr\/strasbourg\/\" target=\"_blank\" rel=\"noopener\">Strasbourg<\/a> en plein march\u00e9 de No\u00ebl. Il avait ensuite \u00e9t\u00e9 abattu par les forces de l\u2019ordre apr\u00e8s deux jours de traque.<\/p>\n<p>Albert B. n\u2019ira jamais devant la justice<\/p>\n<p class=\" wall-content\">Une expertise m\u00e9dicale conclut que l\u2019\u00e9tat de sant\u00e9 de l\u2019octog\u00e9naire vendeur de l\u2019arme utilis\u00e9e dans l\u2019attentat est d\u00e9finitivement \u00ab<strong>\u2009incompatible<\/strong>\u2009\u00bb avec toute comparution, a appris l\u2019AFP ce jeudi de source proche du dossier.<\/p>\n<p class=\" wall-content\">L\u2019\u00e9tat de sant\u00e9 d\u2019Albert B. l\u2019avait d\u00e9j\u00e0 <strong>emp\u00each\u00e9 de compara\u00eetre<\/strong> en 2024 devant la cour d\u2019assises sp\u00e9ciale \u00e0 Paris. Une expertise m\u00e9dicale r\u00e9cente, communiqu\u00e9e cette semaine aux diff\u00e9rentes parties du dossier,<strong> exclut d\u00e9sormais tout proc\u00e8s<\/strong> pour le seul mis en cause qui restait \u00e0 juger, comme r\u00e9v\u00e9l\u00e9 par les DNA.<\/p>\n<p class=\" wall-content\">\u00ab\u2009L\u2019\u00e9tat de sant\u00e9 d\u2019Albert B. est incompatible avec une \u00e9ventuelle comparution\u2009\u00bb et \u00ab\u2009les \u00e9l\u00e9ments de cette incompatibilit\u00e9 sont<strong> irr\u00e9versibles<\/strong>, permettant donc de la consid\u00e9rer comme d\u00e9finitive\u2009\u00bb, selon les conclusions de cette expertise.<\/p>\n<p>\u00ab\u2009Nous pressentions cette issue\u2009\u00bb<\/p>\n<p class=\" wall-content\">Albert B., qui s\u2019est pr\u00e9sent\u00e9 comme un amateur d\u2019armes anciennes, a toujours clam\u00e9 n\u2019avoir <strong>jamais eu connaissance du projet<\/strong> d\u2019attaque du terroriste qui avait pr\u00eat\u00e9 all\u00e9geance au groupe \u00c9tat islamique (EI) quelques heures avant de passer \u00e0 l\u2019acte.<\/p>\n<p class=\" wall-content\">\u00ab\u2009Nous pressentions cette issue [pour Albert B.], mais cela reste <strong>une d\u00e9ception<\/strong>, car c\u2019est un point qui ne sera jamais jug\u00e9\u2009\u00bb, a comment\u00e9 aupr\u00e8s de l\u2019AFP Me Claude Lienhard, avocat de parties civiles.<\/p>\n<p>Votre r\u00e9gion, votre actu !<\/p>\n<p>Recevez chaque jour les infos qui comptent pour vous.<\/p>\n<p>\t<a href=\"https:\/\/actu.fr\/newsletter\" class=\"ac-btn ac-btn--corner ac-btn--medium ac-btn--blue800\" target=\"_blank\" rel=\"noopener\">S&rsquo;incrire<\/a><\/p>\n<p class=\" wall-content\">\u00ab\u2009Et cela cr\u00e9e<strong> une souffrance<\/strong>, car cette d\u00e9cision est notifi\u00e9e aux victimes \u00e0 quelques jours de la date anniversaire des faits\u2009\u00bb, a encore d\u00e9plor\u00e9 cet avocat.<\/p>\n<p>D\u2019autres personnes impliqu\u00e9es d\u00e9j\u00e0 condamn\u00e9es<\/p>\n<p class=\" wall-content\">Durant le proc\u00e8s devant les assises sp\u00e9ciales au printemps 2024, quatre personnes avaient comparu. Audrey Mondjehi, quadrag\u00e9naire, a \u00e9t\u00e9 condamn\u00e9e \u00e0 <strong>30\u00a0ans de r\u00e9clusion<\/strong> pour avoir aid\u00e9 Ch\u00e9rif Chekatt \u00e0 se procurer l\u2019arme. La cour a consid\u00e9r\u00e9 qu\u2019il avait connaissance de la radicalisation de l\u2019assaillant. Audrey Mondjehi a fait appel.<\/p>\n<p class=\" wall-content\">La cour avait par ailleurs condamn\u00e9 \u00e0 des<strong> peines plus l\u00e9g\u00e8res<\/strong> deux autres mis en cause pour un r\u00f4le d\u2019interm\u00e9diaire de moindre importance et avait acquitt\u00e9 un autre suspect.<\/p>\n<p class=\" wall-content\"><strong>Avec AFP<\/strong><\/p>\n<p class=\" wall-content\">Personnalisez votre actualit\u00e9 en ajoutant vos villes et m\u00e9dias en favori avec <a href=\"https:\/\/moncompte.actu.fr\" title=\"D\u00e9couvez Mon Actu\" rel=\"nofollow noopener\" data-trk=\"{&quot;cta&quot;:{&quot;action&quot;:&quot;https:\\\/\\\/moncompte.actu.fr&quot;,&quot;category&quot;:&quot;mon compte&quot;,&quot;from&quot;:&quot;article footer&quot;,&quot;name&quot;:&quot;Mon actu&quot;,&quot;type&quot;:&quot;cta&quot;}}\" target=\"_blank\">Mon Actu<\/a>.<\/p>\n","protected":false},"excerpt":{"rendered":"Par R\u00e9daction Strasbourg Publi\u00e9 le 5 d\u00e9c. 2025 \u00e0 7h02 Le soir du 11\u00a0d\u00e9cembre 2018, Ch\u00e9rif Chekatt avait&hellip;\n","protected":false},"author":2,"featured_media":579612,"comment_status":"","ping_status":"","sticky":false,"template":"","format":"standard","meta":{"footnotes":""},"categories":[2820],"tags":[1111,11,1777,674,118,1011,27,775,56596,12,25,640],"class_list":{"0":"post-579611","1":"post","2":"type-post","3":"status-publish","4":"format-standard","5":"has-post-thumbnail","7":"category-strasbourg","8":"tag-actu","9":"tag-actualites","10":"tag-eu","11":"tag-europe","12":"tag-faits-divers","13":"tag-fr","14":"tag-france","15":"tag-grand-est","16":"tag-marche-de-noel-de-strasbourg","17":"tag-news","18":"tag-republique-francaise","19":"tag-strasbourg"},"share_on_mastodon":{"url":"https:\/\/pubeurope.com\/@fr\/115666425364553741","error":""},"_links":{"self":[{"href":"https:\/\/www.europesays.com\/fr\/wp-json\/wp\/v2\/posts\/579611","targetHints":{"allow":["GET"]}}],"collection":[{"href":"https:\/\/www.europesays.com\/fr\/wp-json\/wp\/v2\/posts"}],"about":[{"href":"https:\/\/www.europesays.com\/fr\/wp-json\/wp\/v2\/types\/post"}],"author":[{"embeddable":true,"href":"https:\/\/www.europesays.com\/fr\/wp-json\/wp\/v2\/users\/2"}],"replies":[{"embeddable":true,"href":"https:\/\/www.europesays.com\/fr\/wp-json\/wp\/v2\/comments?post=579611"}],"version-history":[{"count":0,"href":"https:\/\/www.europesays.com\/fr\/wp-json\/wp\/v2\/posts\/579611\/revisions"}],"wp:featuredmedia":[{"embeddable":true,"href":"https:\/\/www.europesays.com\/fr\/wp-json\/wp\/v2\/media\/579612"}],"wp:attachment":[{"href":"https:\/\/www.europesays.com\/fr\/wp-json\/wp\/v2\/media?parent=579611"}],"wp:term":[{"taxonomy":"category","embeddable":true,"href":"https:\/\/www.europesays.com\/fr\/wp-json\/wp\/v2\/categories?post=579611"},{"taxonomy":"post_tag","embeddable":true,"href":"https:\/\/www.europesays.com\/fr\/wp-json\/wp\/v2\/tags?post=579611"}],"curies":[{"name":"wp","href":"https:\/\/api.w.org\/{rel}","templated":true}]}}