{"id":579615,"date":"2025-12-05T10:13:10","date_gmt":"2025-12-05T10:13:10","guid":{"rendered":"https:\/\/www.europesays.com\/fr\/579615\/"},"modified":"2025-12-05T10:13:10","modified_gmt":"2025-12-05T10:13:10","slug":"nice-un-magasin-grand-frais-pourrait-ouvrir-dans-ce-quartier-ce-que-lon-sait","status":"publish","type":"post","link":"https:\/\/www.europesays.com\/fr\/579615\/","title":{"rendered":"Nice. Un magasin Grand Frais pourrait ouvrir dans ce quartier : ce que l&rsquo;on sait"},"content":{"rendered":"<p>                    Par<br \/>\n        <strong><br \/>\n            <a href=\"https:\/\/actu.fr\/auteur\/ugo-maillard\" title=\"Consulter tous les articles de Ugo Maillard\" target=\"_blank\" rel=\"noopener\">Ugo Maillard<\/a><br \/>\n                    <\/strong><\/p>\n<p>        Publi\u00e9 le<\/p>\n<p>            5 d\u00e9c. 2025 \u00e0 10h53        <\/p>\n<p>Une tr\u00e8s bonne nouvelle pour les habitants de ce quartier. Des discussions sont en cours entre la mairie de <a href=\"https:\/\/actu.fr\/nice\/\" target=\"_blank\" rel=\"noopener\">Nice<\/a> et l\u2019enseigne <strong>Grand Frais<\/strong> en vue d\u2019une prochaine installation.<\/p>\n<p class=\" wall-content\">Ce nouveau point de vente de l\u2019entreprise de grande distribution pourrait voir le jour dans les prochains mois. Les premi\u00e8res informations communiqu\u00e9es indiquent que le magasin devrait ouvrir sur <strong>l\u2019axe Gambetta-Cessole<\/strong>. L\u2019adresse exacte du futur Grand Frais n\u2019est pas encore connue.<\/p>\n<p>    <a href=\"https:\/\/www.google.com\/maps\/embed?pb=!1m14!1m12!1m3!1d9701.165897407687!2d7.259934308914374!3d43.70693547979377!2m3!1f0!2f0!3f0!3m2!1i1024!2i768!4f13.1!5e0!3m2!1sfr!2sfr!4v1764926121353!5m2!1sfr!2sfr\" title=\"Ouvrie le lien\" target=\"_blank\" rel=\"noopener\">Cliquez ici pour visualiser le contenu<\/a><\/p>\n<p class=\" wall-content\">Lors d\u2019une r\u00e9union publique de campagne ouverte aux habitants du quartier le mercredi 3 d\u00e9cembre 2025, le maire de Nice, <a href=\"https:\/\/actu.fr\/tag\/christian-estrosi\" target=\"_blank\" rel=\"noopener\">Christian Estrosi<\/a>, s\u2019est r\u00e9joui de cette possible arriv\u00e9e, \u00e9voquant \u00ab\u2009une grande chance pour les riverains\u2009\u00bb.<\/p>\n<p>Vers un 5\u1d49 Grand Frais\u2009?<\/p>\n<p class=\" wall-content\">Sollicit\u00e9e par la r\u00e9daction d\u2019actu Nice, la direction de Grand Frais n\u2019a pas encore r\u00e9pondu.<\/p>\n<p class=\" wall-content\">Pour rappel, l\u2019enseigne a inaugur\u00e9, au mois de septembre\u00a02025, un <a href=\"https:\/\/actu.fr\/provence-alpes-cote-d-azur\/la-trinite_06149\/tres-attendue-l-enseigne-grand-frais-inaugure-un-nouveau-magasin-pres-de-nice_63139673.html\" target=\"_blank\" rel=\"noopener\">nouveau point de vente<\/a> sur la commune de La\u00a0Trinit\u00e9.<\/p>\n<p class=\" wall-content\">Il s\u2019agit du <strong>quatri\u00e8me magasin<\/strong> du distributeur \u00e0 s\u2019implanter dans les Alpes-Maritimes, apr\u00e8s celui \u00e0 Lingosti\u00e8re, Villeneuve-Loubet et <a href=\"https:\/\/actu.fr\/provence-alpes-cote-d-azur\/cagnes-sur-mer_06027\/pres-de-nice-grand-frais-a-ouvert-a-polygone-riviera-voici-pourquoi-ca-change-tout_60653068.html\" target=\"_blank\" rel=\"noopener\">Shopping Promenade Riviera<\/a>.<\/p>\n<p class=\" wall-content\">Personnalisez votre actualit\u00e9 en ajoutant vos villes et m\u00e9dias en favori avec <a href=\"https:\/\/moncompte.actu.fr\" title=\"D\u00e9couvez Mon Actu\" rel=\"nofollow noopener\" data-trk=\"{&quot;cta&quot;:{&quot;action&quot;:&quot;https:\\\/\\\/moncompte.actu.fr&quot;,&quot;category&quot;:&quot;mon compte&quot;,&quot;from&quot;:&quot;article footer&quot;,&quot;name&quot;:&quot;Mon actu&quot;,&quot;type&quot;:&quot;cta&quot;}}\" target=\"_blank\">Mon Actu<\/a>.<\/p>\n","protected":false},"excerpt":{"rendered":"Par Ugo Maillard Publi\u00e9 le 5 d\u00e9c. 2025 \u00e0 10h53 Une tr\u00e8s bonne nouvelle pour les habitants de&hellip;\n","protected":false},"author":2,"featured_media":579616,"comment_status":"","ping_status":"","sticky":false,"template":"","format":"standard","meta":{"footnotes":""},"categories":[2819],"tags":[1111,11,215,1777,674,1011,27,12,2401,3147,882,25,104],"class_list":{"0":"post-579615","1":"post","2":"type-post","3":"status-publish","4":"format-standard","5":"has-post-thumbnail","7":"category-nice","8":"tag-actu","9":"tag-actualites","10":"tag-commerce","11":"tag-eu","12":"tag-europe","13":"tag-fr","14":"tag-france","15":"tag-news","16":"tag-nice","17":"tag-nouveaux-commerces","18":"tag-provence-alpes-cote-dazur","19":"tag-republique-francaise","20":"tag-societe"},"share_on_mastodon":{"url":"https:\/\/pubeurope.com\/@fr\/115666433280885583","error":""},"_links":{"self":[{"href":"https:\/\/www.europesays.com\/fr\/wp-json\/wp\/v2\/posts\/579615","targetHints":{"allow":["GET"]}}],"collection":[{"href":"https:\/\/www.europesays.com\/fr\/wp-json\/wp\/v2\/posts"}],"about":[{"href":"https:\/\/www.europesays.com\/fr\/wp-json\/wp\/v2\/types\/post"}],"author":[{"embeddable":true,"href":"https:\/\/www.europesays.com\/fr\/wp-json\/wp\/v2\/users\/2"}],"replies":[{"embeddable":true,"href":"https:\/\/www.europesays.com\/fr\/wp-json\/wp\/v2\/comments?post=579615"}],"version-history":[{"count":0,"href":"https:\/\/www.europesays.com\/fr\/wp-json\/wp\/v2\/posts\/579615\/revisions"}],"wp:featuredmedia":[{"embeddable":true,"href":"https:\/\/www.europesays.com\/fr\/wp-json\/wp\/v2\/media\/579616"}],"wp:attachment":[{"href":"https:\/\/www.europesays.com\/fr\/wp-json\/wp\/v2\/media?parent=579615"}],"wp:term":[{"taxonomy":"category","embeddable":true,"href":"https:\/\/www.europesays.com\/fr\/wp-json\/wp\/v2\/categories?post=579615"},{"taxonomy":"post_tag","embeddable":true,"href":"https:\/\/www.europesays.com\/fr\/wp-json\/wp\/v2\/tags?post=579615"}],"curies":[{"name":"wp","href":"https:\/\/api.w.org\/{rel}","templated":true}]}}