{"id":579617,"date":"2025-12-05T10:14:12","date_gmt":"2025-12-05T10:14:12","guid":{"rendered":"https:\/\/www.europesays.com\/fr\/579617\/"},"modified":"2025-12-05T10:14:12","modified_gmt":"2025-12-05T10:14:12","slug":"jusqua-larrivee-je-ny-croyais-pas-relier-nice-au-sommet-du-mont-blanc-en-courant-la-folle-idee-du-brestois-johann-lamour","status":"publish","type":"post","link":"https:\/\/www.europesays.com\/fr\/579617\/","title":{"rendered":"\u00ab\u00a0Jusqu\u2019\u00e0 l\u2019arriv\u00e9e, je n\u2019y croyais pas\u00a0\u00bb\u00a0: relier Nice au sommet du Mont Blanc en courant, la folle id\u00e9e du Brestois Johann Lamour"},"content":{"rendered":"<p>Avant de se lancer dans <a href=\"https:\/\/www.letelegramme.fr\/sports\/running\/\" title=\"www.letelegramme.fr\" target=\"_blank\" rel=\"noopener\">l\u2019ultra-trail<\/a>, discipline qui consiste \u00e0 courir sur de tr\u00e8s longues distances, le Brestois Johann Lamour, 28 ans, n\u2019\u00e9tait \u00e9tonnamment pas un amateur de course \u00e0 pied. C\u2019est encore plus paradoxalement une blessure au genou qui l\u2019a pouss\u00e9 se lancer dans un d\u00e9fi hors norme\u00a0: \u00ab\u00a0En 2024, j\u2019ai eu un accident de moto. Je me suis fait op\u00e9rer du genou. J\u2019avais la totale\u00a0: fracture du plateau tibial, fissure du m\u00e9nisque et rupture des ligaments. Un long protocole de r\u00e9\u00e9ducation m\u2019attendait. En tant qu\u2018adepte des d\u00e9fis, je me suis dit que j\u2019allais relier la mer au sommet du Mont Blanc en totale autonomie\u00a0\u00bb, raconte-t-il.<\/p>\n<p>Le 1er septembre 2025, Johann Lamour s\u2019\u00e9lance de Nice, \u00e0 l\u2019assaut du point culminant de l\u2019Europe occidentale. Il n\u2019a pr\u00e9venu personne \u00e0 l\u2019exception de son meilleur ami. Il part seul, sans l\u2019avis des m\u00e9decins, et avec pour seul compagnon son sac \u00e0 dos.<\/p>\n<blockquote class=\"instagram-media\" data-instgrm-captioned=\"\" data-instgrm-permalink=\"https:\/\/www.instagram.com\/reel\/DRIIBQLCFmr\/?utm_source=ig_embed&amp;utm_campaign=loading\" data-instgrm-version=\"14\" style=\" background:#FFF; border:0; border-radius:3px; box-shadow:0 0 1px 0 rgba(0,0,0,0.5),0 1px 10px 0 rgba(0,0,0,0.15); margin: 1px; max-width:540px; min-width:326px; padding:0; width:99.375%; width:-webkit-calc(100% - 2px); width:calc(100% - 2px);\"\/><p>Une premi\u00e8re dans l\u2019histoire de l\u2019ultra-trail<\/p>\n<p>Un exploit qu\u2019il est le seul \u00e0 avoir r\u00e9alis\u00e9\u00a0: \u00ab\u00a0Je voulais un projet qui rassemble mes passions. En tant que Breton, je suis fan de la mer et ma deuxi\u00e8me passion, c\u2019est la montagne. Ma troisi\u00e8me, c\u2019est le d\u00e9passement. J\u2019avais en t\u00eate le Mont Blanc car c\u2019est un sommet iconique. J\u2019ai consult\u00e9 internet et j\u2019ai vu que personne n\u2019avait encore couru de Nice jusqu\u2019au Mont Blanc sans assistance\u00a0\u00bb, explique <a href=\"https:\/\/www.letelegramme.fr\/finistere\/brest-29200\/\" title=\"www.letelegramme.fr\" target=\"_blank\" rel=\"noopener\">le Brestois<\/a>.<\/p>\n<p>Les conditions de son p\u00e9riple ont souvent \u00e9t\u00e9 inconfortables\u00a0: \u00ab\u00a0J\u2019aime l\u2019aventure et sortir de ma zone de confort, donc je me suis dit que je n\u2019allais pas dormir dans des h\u00f4tels. Et une tente \u00e9tait trop lourde, poursuit-il. Finalement, je suis parti avec un sac de vingt litres, un sac de couchage, un matelas, une gourde filtrante et un peu de nourriture\u00a0\u00bb.<\/p>\n<blockquote><p>La veille de l\u2019ascension, on annon\u00e7ait des conditions m\u00e9t\u00e9o tr\u00e8s d\u00e9favorables. Je me suis endormi en me disant que l\u2019aventure devait s\u2019arr\u00eater l\u00e0.<\/p><\/blockquote>\n<p>477 kilom\u00e8tres et 20\u00a0000 m\u00e8tres de d\u00e9nivel\u00e9 positif<\/p>\n<p>\u00ab\u00a0Ma plus grande distance courue avant ce d\u00e9fi \u00e9tait 42 kilom\u00e8tres, lors du marathon de Paris, en avril 2025. R\u00e9aliser les 477 kilom\u00e8tres et 20\u00a0000 m\u00e8tres de d\u00e9nivel\u00e9 positif qui s\u00e9parent Nice du sommet du Mont Blanc \u00e9tait tr\u00e8s incertain\u00a0\u00bb, r\u00e9v\u00e8le-t-il.<\/p>\n<p>Le sportif a connu bien des p\u00e9rip\u00e9ties avant d\u2019atteindre le fameux sommet\u00a0: \u00ab\u00a0La veille de l\u2019ascension, on annon\u00e7ait des conditions m\u00e9t\u00e9o tr\u00e8s d\u00e9favorables. Je me suis endormi en me disant que l\u2019aventure devait s\u2019arr\u00eater l\u00e0. J\u2019ai suivi un guide sur les parties les plus accident\u00e9es, en me disant que j\u2019allais essayer d\u2019aller le plus loin possible. Il n\u2019\u00e9tait pas s\u00fbr de pouvoir nous amener jusqu\u2019en haut. On avan\u00e7ait \u00e0 t\u00e2tons. Jusqu\u2019\u00e0 l\u2019arriv\u00e9e, je n\u2019y croyais pas\u00a0\u00bb, rembobine <a href=\"https:\/\/www.instagram.com\/johann.lmr\/\" title=\"www.instagram.com\" target=\"_blank\" rel=\"noopener\">Johann Lamour<\/a>.<\/p>\n<p>Une exp\u00e9rience qu\u2019il souhaite r\u00e9it\u00e9rer l\u2019ann\u00e9e prochaine<\/p>\n<p>Il a baptis\u00e9 son d\u00e9fi Mer2Montagne. Une marque \u00e9ponyme, sp\u00e9cialis\u00e9e dans l\u2019\u00e9quipement sportif pour les traileurs, est en cours de cr\u00e9ation. Il a d\u00e9j\u00e0 sur la t\u00eate une casquette floqu\u00e9e de son logo. \u00ab\u00a0C\u2019est une id\u00e9e qui part d\u2019une blessure et que je souhaite faire grandir. En 2026, je r\u00e9it\u00e8re l\u2019exp\u00e9rience, ailleurs. Mais, pour le moment, je garde la destination secr\u00e8te\u00a0\u00bb.<\/p>\n<p><script async src=\"\/\/www.instagram.com\/embed.js\"><\/script><\/p>\n","protected":false},"excerpt":{"rendered":"Avant de se lancer dans l\u2019ultra-trail, discipline qui consiste \u00e0 courir sur de tr\u00e8s longues distances, le Brestois&hellip;\n","protected":false},"author":2,"featured_media":579618,"comment_status":"","ping_status":"","sticky":false,"template":"","format":"standard","meta":{"footnotes":""},"categories":[2819],"tags":[1111,11,3450,1777,674,1011,27,1757,12,2401,9026,882,25,6187],"class_list":{"0":"post-579617","1":"post","2":"type-post","3":"status-publish","4":"format-standard","5":"has-post-thumbnail","7":"category-nice","8":"tag-actu","9":"tag-actualites","10":"tag-brest","11":"tag-eu","12":"tag-europe","13":"tag-fr","14":"tag-france","15":"tag-insolite","16":"tag-news","17":"tag-nice","18":"tag-portrait","19":"tag-provence-alpes-cote-dazur","20":"tag-republique-francaise","21":"tag-trail"},"share_on_mastodon":{"url":"https:\/\/pubeurope.com\/@fr\/115666437064945466","error":""},"_links":{"self":[{"href":"https:\/\/www.europesays.com\/fr\/wp-json\/wp\/v2\/posts\/579617","targetHints":{"allow":["GET"]}}],"collection":[{"href":"https:\/\/www.europesays.com\/fr\/wp-json\/wp\/v2\/posts"}],"about":[{"href":"https:\/\/www.europesays.com\/fr\/wp-json\/wp\/v2\/types\/post"}],"author":[{"embeddable":true,"href":"https:\/\/www.europesays.com\/fr\/wp-json\/wp\/v2\/users\/2"}],"replies":[{"embeddable":true,"href":"https:\/\/www.europesays.com\/fr\/wp-json\/wp\/v2\/comments?post=579617"}],"version-history":[{"count":0,"href":"https:\/\/www.europesays.com\/fr\/wp-json\/wp\/v2\/posts\/579617\/revisions"}],"wp:featuredmedia":[{"embeddable":true,"href":"https:\/\/www.europesays.com\/fr\/wp-json\/wp\/v2\/media\/579618"}],"wp:attachment":[{"href":"https:\/\/www.europesays.com\/fr\/wp-json\/wp\/v2\/media?parent=579617"}],"wp:term":[{"taxonomy":"category","embeddable":true,"href":"https:\/\/www.europesays.com\/fr\/wp-json\/wp\/v2\/categories?post=579617"},{"taxonomy":"post_tag","embeddable":true,"href":"https:\/\/www.europesays.com\/fr\/wp-json\/wp\/v2\/tags?post=579617"}],"curies":[{"name":"wp","href":"https:\/\/api.w.org\/{rel}","templated":true}]}}