{"id":579629,"date":"2025-12-05T10:20:27","date_gmt":"2025-12-05T10:20:27","guid":{"rendered":"https:\/\/www.europesays.com\/fr\/579629\/"},"modified":"2025-12-05T10:20:27","modified_gmt":"2025-12-05T10:20:27","slug":"le-departement-du-tarn-et-garonne-et-luniversite-toulouse-capitole-perennisent-leur-partenariat","status":"publish","type":"post","link":"https:\/\/www.europesays.com\/fr\/579629\/","title":{"rendered":"Le d\u00e9partement du Tarn-et-Garonne et l&rsquo;Universit\u00e9 Toulouse Capitole p\u00e9rennisent leur partenariat"},"content":{"rendered":"<p>                    Par<br \/>\n        <strong><br \/>\n            <a href=\"https:\/\/actu.fr\/auteur\/gilles-rolland\" title=\"Consulter tous les articles de Gilles Rolland\" target=\"_blank\" rel=\"noopener\">Gilles Rolland<\/a><br \/>\n                    <\/strong><\/p>\n<p>        Publi\u00e9 le<\/p>\n<p>            5 d\u00e9c. 2025 \u00e0 11h02        <\/p>\n<p>L\u2019antenne de l\u2019universit\u00e9 Toulouse Capitole de <a href=\"https:\/\/actu.fr\/occitanie\/montauban_82121\" target=\"_blank\" rel=\"noopener\">Montauban<\/a> permet, tout comme celle de Rodez, aux \u00e9tudiants g\u00e9ographiquement \u00e9loign\u00e9s de la ville rose, de tout de m\u00eame pouvoir faire leurs \u00e9tudes dans les meilleures conditions. \u00c0 Montauban o\u00f9 s\u2019est justement sign\u00e9e, le <strong>mardi 18 novembre 2025<\/strong>, une <strong>convention<\/strong> entre le Conseil d\u00e9partemental du Tarn-et-Garonne et l\u2019universit\u00e9 toulousaine, plus de 30 ans apr\u00e8s l\u2019inauguration de l\u2019antenne montalbanaise.<\/p>\n<p>Une collaboration fructueuse<\/p>\n<p class=\" wall-content\">Cette convention vient ainsi ent\u00e9riner une volont\u00e9 d\u2019accompagner l\u2019orientation des \u00e9tudiants tout en <strong>\u00e9largissant l\u2019offre de formation<\/strong>, pour offrir une qualit\u00e9 de vie \u00e9tudiante attractive et promouvoir la recherche et l\u2019innovation, tout en d\u00e9veloppant la <strong>coordination et les synergies<\/strong> entre les acteurs du territoire.<\/p>\n<p>Pr\u00e8s de 350 \u00e9tudiants inscrits en licence de droit<\/p>\n<p class=\" wall-content\">L\u2019occasion de rappeler que l\u2019UT Capitole de Montauban propose une<strong> licence de droit<\/strong> et accueille aujourd\u2019hui pr\u00e8s de 350 \u00e9tudiants sur les trois ann\u00e9es. Il est \u00e9galement possible d\u2019y obtenir le dipl\u00f4me universitaire \u00ab\u2009administration g\u00e9n\u00e9rale des collectivit\u00e9s territoriales.\u2009\u00bb Une fa\u00e7on d\u2019offrir aux \u00e9tudiants qui ne vivent pas \u00e0 Toulouse ou qui ne disposent pas des moyens pour s\u2019y installer de tout de m\u00eame suivre une <strong>formation identique<\/strong> \u00e0 celle dispens\u00e9e \u00e0 Toulouse.<\/p>\n<p>    <img   decoding=\"async\" loading=\"lazy\" src=\"https:\/\/www.europesays.com\/fr\/wp-content\/uploads\/2025\/12\/ut-capitole-3-960x640.jpg\" alt=\"La signature de la convention entre l'Universit\u00e9 Toulouse cpaitole et le Conseil d\u00e9partement du tarn-et-Garonne\" width=\"960\" height=\"640\"\/><br \/>\n    La signature de la convention entre l\u2019Universit\u00e9 Toulouse Capitole et le Conseil d\u00e9partement du Tarn-et-Garonne a \u00e9t\u00e9 sign\u00e9e le mardi 18\u00a0novembre 2025. (\u00a9CD82)Vid\u00e9os : en ce moment sur Actu<\/p>\n<p class=\" wall-content\">L\u2019antenne montalbanaise de l\u2019UT Capitole s\u2019inscrivant pr\u00e9cis\u00e9ment dans une <strong>logique d\u2019\u00e9galit\u00e9 des chances<\/strong> et de <strong>d\u00e9mocratisation de l\u2019enseignement sup\u00e9rieur<\/strong>. Sans oublier les recherches men\u00e9es dans le Tarn-et-Garonne, qui vont faire l\u2019objet d\u2019un accompagnement sp\u00e9cifique\u2026<\/p>\n<p class=\" wall-content\">Personnalisez votre actualit\u00e9 en ajoutant vos villes et m\u00e9dias en favori avec <a href=\"https:\/\/moncompte.actu.fr\" title=\"D\u00e9couvez Mon Actu\" rel=\"nofollow noopener\" data-trk=\"{&quot;cta&quot;:{&quot;action&quot;:&quot;https:\\\/\\\/moncompte.actu.fr&quot;,&quot;category&quot;:&quot;mon compte&quot;,&quot;from&quot;:&quot;article footer&quot;,&quot;name&quot;:&quot;Mon actu&quot;,&quot;type&quot;:&quot;cta&quot;}}\" target=\"_blank\">Mon Actu<\/a>.<\/p>\n","protected":false},"excerpt":{"rendered":"Par Gilles Rolland Publi\u00e9 le 5 d\u00e9c. 2025 \u00e0 11h02 L\u2019antenne de l\u2019universit\u00e9 Toulouse Capitole de Montauban permet,&hellip;\n","protected":false},"author":2,"featured_media":579630,"comment_status":"","ping_status":"","sticky":false,"template":"","format":"standard","meta":{"footnotes":""},"categories":[2816],"tags":[1111,11,1777,674,1011,27,12,2680,25,104,2312,7171],"class_list":{"0":"post-579629","1":"post","2":"type-post","3":"status-publish","4":"format-standard","5":"has-post-thumbnail","7":"category-toulouse","8":"tag-actu","9":"tag-actualites","10":"tag-eu","11":"tag-europe","12":"tag-fr","13":"tag-france","14":"tag-news","15":"tag-occitanie","16":"tag-republique-francaise","17":"tag-societe","18":"tag-toulouse","19":"tag-universite-toulouse-1-capitole"},"share_on_mastodon":{"url":"https:\/\/pubeurope.com\/@fr\/115666461462543010","error":""},"_links":{"self":[{"href":"https:\/\/www.europesays.com\/fr\/wp-json\/wp\/v2\/posts\/579629","targetHints":{"allow":["GET"]}}],"collection":[{"href":"https:\/\/www.europesays.com\/fr\/wp-json\/wp\/v2\/posts"}],"about":[{"href":"https:\/\/www.europesays.com\/fr\/wp-json\/wp\/v2\/types\/post"}],"author":[{"embeddable":true,"href":"https:\/\/www.europesays.com\/fr\/wp-json\/wp\/v2\/users\/2"}],"replies":[{"embeddable":true,"href":"https:\/\/www.europesays.com\/fr\/wp-json\/wp\/v2\/comments?post=579629"}],"version-history":[{"count":0,"href":"https:\/\/www.europesays.com\/fr\/wp-json\/wp\/v2\/posts\/579629\/revisions"}],"wp:featuredmedia":[{"embeddable":true,"href":"https:\/\/www.europesays.com\/fr\/wp-json\/wp\/v2\/media\/579630"}],"wp:attachment":[{"href":"https:\/\/www.europesays.com\/fr\/wp-json\/wp\/v2\/media?parent=579629"}],"wp:term":[{"taxonomy":"category","embeddable":true,"href":"https:\/\/www.europesays.com\/fr\/wp-json\/wp\/v2\/categories?post=579629"},{"taxonomy":"post_tag","embeddable":true,"href":"https:\/\/www.europesays.com\/fr\/wp-json\/wp\/v2\/tags?post=579629"}],"curies":[{"name":"wp","href":"https:\/\/api.w.org\/{rel}","templated":true}]}}