{"id":57963,"date":"2025-04-27T23:53:08","date_gmt":"2025-04-27T23:53:08","guid":{"rendered":"https:\/\/www.europesays.com\/fr\/57963\/"},"modified":"2025-04-27T23:53:08","modified_gmt":"2025-04-27T23:53:08","slug":"previsions-du-lundi-28-avril-2025-2","status":"publish","type":"post","link":"https:\/\/www.europesays.com\/fr\/57963\/","title":{"rendered":"pr\u00e9visions du lundi 28 avril 2025"},"content":{"rendered":"<p>Aujourd&rsquo;hui, un grand soleil brillera sur Montpellier. Les temp\u00e9ratures tourneront autour des 17\u00b0C. Le matin, un vent de nord-est rafra\u00eechira un peu l&rsquo;atmosph\u00e8re. Les valeurs afficheront entre 18 et 20\u00b0C durant l&rsquo;apr\u00e8s-midi. Le temps devrait s&rsquo;am\u00e9liorer pendant la soir\u00e9e. On s&rsquo;attend \u00e0 une nuit claire entre lundi et mardi.<\/p>\n<p>Un bel ensoleillement est pr\u00e9vu demain \u00e0 Montpellier. Une chute des temp\u00e9ratures est attendue. On anticipe des temp\u00e9ratures avoisinant 16\u00b0C. Un l\u00e9ger vent de sud-est sera ressenti par les habitants. Dans la matin\u00e9e, les temp\u00e9ratures seront de 17\u00b0C. Demain apr\u00e8s-midi, les valeurs s&rsquo;\u00e9chelonneront entre 18 et 19\u00b0C. Il va faire 16\u00b0C en moyenne demain soir.<\/p>\n<p>Pour les prochains jours, la m\u00e9t\u00e9o ne changera pas. Il va faire un temps plut\u00f4t ensoleill\u00e9 avec des temp\u00e9ratures autour de 17\u00b0C.<\/p>\n<p><\/p>\n","protected":false},"excerpt":{"rendered":"Aujourd&rsquo;hui, un grand soleil brillera sur Montpellier. Les temp\u00e9ratures tourneront autour des 17\u00b0C. Le matin, un vent de&hellip;\n","protected":false},"author":2,"featured_media":57964,"comment_status":"","ping_status":"","sticky":false,"template":"","format":"standard","meta":{"footnotes":""},"categories":[9599],"tags":[1111,11,1777,674,1011,27,7089,2681,2208,12,2680,2119,25],"class_list":{"0":"post-57963","1":"post","2":"type-post","3":"status-publish","4":"format-standard","5":"has-post-thumbnail","7":"category-montpellier","8":"tag-actu","9":"tag-actualites","10":"tag-eu","11":"tag-europe","12":"tag-fr","13":"tag-france","14":"tag-herault","15":"tag-languedoc-roussillon","16":"tag-montpellier","17":"tag-news","18":"tag-occitanie","19":"tag-previsions-meteo","20":"tag-republique-francaise"},"share_on_mastodon":{"url":"https:\/\/pubeurope.com\/@fr\/114412624506934838","error":""},"_links":{"self":[{"href":"https:\/\/www.europesays.com\/fr\/wp-json\/wp\/v2\/posts\/57963","targetHints":{"allow":["GET"]}}],"collection":[{"href":"https:\/\/www.europesays.com\/fr\/wp-json\/wp\/v2\/posts"}],"about":[{"href":"https:\/\/www.europesays.com\/fr\/wp-json\/wp\/v2\/types\/post"}],"author":[{"embeddable":true,"href":"https:\/\/www.europesays.com\/fr\/wp-json\/wp\/v2\/users\/2"}],"replies":[{"embeddable":true,"href":"https:\/\/www.europesays.com\/fr\/wp-json\/wp\/v2\/comments?post=57963"}],"version-history":[{"count":0,"href":"https:\/\/www.europesays.com\/fr\/wp-json\/wp\/v2\/posts\/57963\/revisions"}],"wp:featuredmedia":[{"embeddable":true,"href":"https:\/\/www.europesays.com\/fr\/wp-json\/wp\/v2\/media\/57964"}],"wp:attachment":[{"href":"https:\/\/www.europesays.com\/fr\/wp-json\/wp\/v2\/media?parent=57963"}],"wp:term":[{"taxonomy":"category","embeddable":true,"href":"https:\/\/www.europesays.com\/fr\/wp-json\/wp\/v2\/categories?post=57963"},{"taxonomy":"post_tag","embeddable":true,"href":"https:\/\/www.europesays.com\/fr\/wp-json\/wp\/v2\/tags?post=57963"}],"curies":[{"name":"wp","href":"https:\/\/api.w.org\/{rel}","templated":true}]}}