{"id":579631,"date":"2025-12-05T10:22:11","date_gmt":"2025-12-05T10:22:11","guid":{"rendered":"https:\/\/www.europesays.com\/fr\/579631\/"},"modified":"2025-12-05T10:22:11","modified_gmt":"2025-12-05T10:22:11","slug":"villeneuve-dascq-un-specialiste-des-cadeaux-rigolos-et-une-enseigne-hyper-gourmande-ouvrent-a-aushopping-v2","status":"publish","type":"post","link":"https:\/\/www.europesays.com\/fr\/579631\/","title":{"rendered":"Villeneuve-d&rsquo;Ascq. Un sp\u00e9cialiste des cadeaux rigolos et une enseigne hyper gourmande ouvrent \u00e0 Aushopping V2"},"content":{"rendered":"<p>                    Par<br \/>\n        <strong><br \/>\n            <a href=\"https:\/\/actu.fr\/auteur\/nicolas-demollien\" title=\"Consulter tous les articles de Nicolas Demollien\" target=\"_blank\" rel=\"noopener\">Nicolas Demollien<\/a><br \/>\n                    <\/strong><\/p>\n<p>        Publi\u00e9 le<\/p>\n<p>            5 d\u00e9c. 2025 \u00e0 10h48        <\/p>\n<p>Il y a encore du mouvement dans le <b>grand centre commercial Aushopping V2<\/b> de <a href=\"https:\/\/actu.fr\/hauts-de-france\/villeneuve-d-ascq_59009\" target=\"_blank\" rel=\"noopener\">Villeneuve-d\u2019Ascq<\/a> (Nord). En cette fin d\u2019ann\u00e9e 2025, <b>deux nouvelles enseignes<\/b> ont en effet pos\u00e9 leurs valises dans les all\u00e9es : un <b>sp\u00e9cialiste r\u00e9gional des cadeaux originaux<\/b> et amusants d\u2019une part, une <b>boutique hyper gourmande<\/b> de l\u2019autre.<\/p>\n<p>Cadeaux amusants et gourmandises arrivent chez Aushooping V2 \u00e0 Villeneuve-d\u2019Ascq<\/p>\n<p class=\" wall-content\">La premi\u00e8re d\u2019entre elle, c\u2019est en effet le <b>d\u00e9sormais c\u00e9l\u00e8bre gallodrome.<\/b> Le concept-store s\u2019est install\u00e9 \u00e0 Villeneuve-d\u2019Ascq avec sa gamme d\u2019articles tr\u00e8s nordistes. En 2016, le Gallodrome avait m\u00eame cr\u00e9\u00e9 sa propre <a href=\"https:\/\/actu.fr\/tag\/biere\" target=\"_blank\" rel=\"noopener\">bi\u00e8re<\/a> \u00ab\u00a0La Fi\u00e8re\u00a0\u00bb, et d\u00e9croch\u00e9 sa premi\u00e8re m\u00e9daille au <a href=\"https:\/\/actu.fr\/tag\/salon-international-de-l-agriculture\" target=\"_blank\" rel=\"noopener\">salon de l\u2019agriculture<\/a>.<\/p>\n<p class=\" wall-content\">Depuis 2006, sa r\u00e9putation n\u2019est plus \u00e0 faire avec ses <b>produits toujours plus innovants et amusants<\/b>.<\/p>\n<p class=\" wall-content\">Notons qu\u2019une offre sp\u00e9ciale <a href=\"https:\/\/actu.fr\/tag\/noel\" target=\"_blank\" rel=\"noopener\">No\u00ebl<\/a> est en cours : \u00ab\u00a0Pour deux articles achet\u00e9s, une affiche est offerte jusqu\u2019au 3 janvier. L\u2019occasion id\u00e9ale de red\u00e9couvrir la signature cr\u00e9ative, audacieuse et fi\u00e8re du Nord, \u00e0 travers des tee-shirts, sweat-shirts ou accessoires, tout en repartant avec un visuel collector pour d\u00e9corer votre int\u00e9rieur\u00a0\u00bb, lance-t-on du c\u00f4t\u00e9 du centre commercial.<\/p>\n<p>    <a href=\"https:\/\/www.facebook.com\/plugins\/post.php?href=https%3A%2F%2Fwww.facebook.com%2FCCAushoppingV2%2Fposts%2Fpfbid0GeLeFRqrFm2UU8vjJ98j3epjJWFigV4PFuAEPbd9zYSZhBU1SKtPa52xk8uYReeNl&amp;show_text=true&amp;width=350\" title=\"Ouvrie le lien\" target=\"_blank\" rel=\"noopener\">Cliquez ici pour visualiser le contenu<\/a><\/p>\n<p class=\" wall-content\">Plus d\u2019infos sur cette installation sur le site <a href=\"https:\/\/v2.aushopping.com\/actualites\/un-nouveau-concept-store-gallodrome-arrive-a-aushopping-v2\" target=\"_blank\" rel=\"noopener\">v2.aushopping.com<\/a><\/p>\n<p>Des donuts d\u00e9licieux<\/p>\n<p class=\" wall-content\">Sur les r\u00e9seaux sociaux, le centre commercial a \u00e9galement annonc\u00e9 l\u2019arriv\u00e9e de l\u2019<b>enseigne gourmande Donuts &amp; Donuts<\/b>. Vous y trouvez un large choix de gourmandises sucr\u00e9es et color\u00e9es \u00ab\u00a0mais \u00e9galement des boissons chaudes ou rafra\u00eechissantes\u00a0\u00bb, souligne le centre commercial. Et pour que le plaisir soit toujours renouvel\u00e9, les <b>recettes sont multiples et changent chaque semaine<\/b>.<\/p>\n<p>Votre r\u00e9gion, votre actu !<\/p>\n<p>Recevez chaque jour les infos qui comptent pour vous.<\/p>\n<p>\t<a href=\"https:\/\/actu.fr\/newsletter\" class=\"ac-btn ac-btn--corner ac-btn--medium ac-btn--blue800\" target=\"_blank\" rel=\"noopener\">S&rsquo;incrire<\/a><\/p>\n<p class=\" wall-content\">Plus d\u2019infos sur le site <a href=\"https:\/\/www.donutsanddonuts.com\/#donuts\" target=\"_blank\" rel=\"noopener\">donutsanddonuts.com<\/a><\/p>\n<p class=\" wall-content\">Personnalisez votre actualit\u00e9 en ajoutant vos villes et m\u00e9dias en favori avec <a href=\"https:\/\/moncompte.actu.fr\" title=\"D\u00e9couvez Mon Actu\" rel=\"nofollow noopener\" data-trk=\"{&quot;cta&quot;:{&quot;action&quot;:&quot;https:\\\/\\\/moncompte.actu.fr&quot;,&quot;category&quot;:&quot;mon compte&quot;,&quot;from&quot;:&quot;article footer&quot;,&quot;name&quot;:&quot;Mon actu&quot;,&quot;type&quot;:&quot;cta&quot;}}\" target=\"_blank\">Mon Actu<\/a>.<\/p>\n","protected":false},"excerpt":{"rendered":"Par Nicolas Demollien Publi\u00e9 le 5 d\u00e9c. 2025 \u00e0 10h48 Il y a encore du mouvement dans le&hellip;\n","protected":false},"author":2,"featured_media":579632,"comment_status":"","ping_status":"","sticky":false,"template":"","format":"standard","meta":{"footnotes":""},"categories":[2815],"tags":[1111,11,1777,674,1011,27,811,1307,12,3147,25,104],"class_list":{"0":"post-579631","1":"post","2":"type-post","3":"status-publish","4":"format-standard","5":"has-post-thumbnail","7":"category-lille","8":"tag-actu","9":"tag-actualites","10":"tag-eu","11":"tag-europe","12":"tag-fr","13":"tag-france","14":"tag-hauts-de-france","15":"tag-lille","16":"tag-news","17":"tag-nouveaux-commerces","18":"tag-republique-francaise","19":"tag-societe"},"share_on_mastodon":{"url":"https:\/\/pubeurope.com\/@fr\/115666468507354640","error":""},"_links":{"self":[{"href":"https:\/\/www.europesays.com\/fr\/wp-json\/wp\/v2\/posts\/579631","targetHints":{"allow":["GET"]}}],"collection":[{"href":"https:\/\/www.europesays.com\/fr\/wp-json\/wp\/v2\/posts"}],"about":[{"href":"https:\/\/www.europesays.com\/fr\/wp-json\/wp\/v2\/types\/post"}],"author":[{"embeddable":true,"href":"https:\/\/www.europesays.com\/fr\/wp-json\/wp\/v2\/users\/2"}],"replies":[{"embeddable":true,"href":"https:\/\/www.europesays.com\/fr\/wp-json\/wp\/v2\/comments?post=579631"}],"version-history":[{"count":0,"href":"https:\/\/www.europesays.com\/fr\/wp-json\/wp\/v2\/posts\/579631\/revisions"}],"wp:featuredmedia":[{"embeddable":true,"href":"https:\/\/www.europesays.com\/fr\/wp-json\/wp\/v2\/media\/579632"}],"wp:attachment":[{"href":"https:\/\/www.europesays.com\/fr\/wp-json\/wp\/v2\/media?parent=579631"}],"wp:term":[{"taxonomy":"category","embeddable":true,"href":"https:\/\/www.europesays.com\/fr\/wp-json\/wp\/v2\/categories?post=579631"},{"taxonomy":"post_tag","embeddable":true,"href":"https:\/\/www.europesays.com\/fr\/wp-json\/wp\/v2\/tags?post=579631"}],"curies":[{"name":"wp","href":"https:\/\/api.w.org\/{rel}","templated":true}]}}