{"id":579633,"date":"2025-12-05T10:23:15","date_gmt":"2025-12-05T10:23:15","guid":{"rendered":"https:\/\/www.europesays.com\/fr\/579633\/"},"modified":"2025-12-05T10:23:15","modified_gmt":"2025-12-05T10:23:15","slug":"om-un-duel-au-sommet-ce-soir","status":"publish","type":"post","link":"https:\/\/www.europesays.com\/fr\/579633\/","title":{"rendered":"OM : un duel au sommet ce soir"},"content":{"rendered":"<p>Pour cette 15e journ\u00e9e de Ligue 1, l&rsquo;Olympique de Marseille se rend \u00e0 Lille pour un match qui s&rsquo;annonce d\u00e9cisif. Quatri\u00e8me au classement, le LOSC talonne l&rsquo;OM qui occupe actuellement la troisi\u00e8me place. Cette confrontation, attendue avec impatience par les supporters des deux camps, se jouera au stade Pierre-Mauroy, avec un coup d&rsquo;envoi pr\u00e9vu ce soir \u00e0 21 heures sur beIN SPORTS.\u00a0<\/p>\n<p>Ce d\u00e9placement marque le d\u00e9but d&rsquo;un mois de d\u00e9cembre particuli\u00e8rement\u00a0charg\u00e9 pour les Phoc\u00e9ens. Mardi 9, ils se d\u00e9placeront en Belgique pour affronter l&rsquo;Union Saint-Gilloise, \u00e0 l&rsquo;occasion de la 6e journ\u00e9e de Champions League, un match crucial pour leurs ambitions europ\u00e9ennes. De retour en France, l&rsquo;OM disputera son dernier rendez-vous de championnat avant la tr\u00eave hivernale dimanche 14 d\u00e9cembre au V\u00e9lodrome contre l&rsquo;AS Monaco. Une fin d&rsquo;ann\u00e9e sous tension qui pourrait s&rsquo;av\u00e9rer d\u00e9terminante pour l&rsquo;OM, \u00e0 suivre sur beIN SPORTS et CANAL+ !<\/p>\n<p>La s\u00e9rie limit\u00e9e CANAL+ LA TOTALE*<\/p>\n<p>Pour profiter pleinement de cette p\u00e9riode exceptionnelle, la s\u00e9rie limit\u00e9e CANAL+ LA TOTALE*, c&rsquo;est l&rsquo;int\u00e9gralit\u00e9 des offres CANAL+ r\u00e9unies en une ! Profitez de la s\u00e9rie limit\u00e9e CANAL+ LA TOTALE* \u00e0 40 \u20ac par mois avec engagement 24 mois.<\/p>\n<p>En souscrivant l\u2019offre, vous profitez de tout le sport de CANAL+ avec 100%** des Coupes d\u2019Europe masculines de l\u2019UEFA (UEFA Champions League, UEFA Europa League, UEFA Conference League), de la Premier League, du TOP 14, du Championnat du Monde de Formule 1\u00ae et du MOTOGP\u2122, du golf\u2026, mais aussi de beIN SPORTS avec les meilleurs matchs de LALIGA, de la Bundesliga, une grande affiche de Ligue 1 McDonald\u2019s chaque samedi \u00e0 17h**. Sans oublier Eurosport avec du tennis (Open d\u2019Australie, US Open), du cyclisme, sans oublier les Jeux Olympiques d\u2019hiver Milan Cortina 2026 et la Coupe du Monde de ski alpin!<\/p>\n<p>Retrouvez \u00e9galement de grandes cha\u00eenes et services de streaming Cin\u00e9 &amp; S\u00e9ries avec l\u2019int\u00e9gralit\u00e9 des catalogues d&rsquo;Apple TV, HBO Max, Netflix, Paramount+, CINE+OCS\u2026\u00a0!<\/p>\n<p>Profitez de la S\u00e9rie Limit\u00e9e CANAL+ LA TOTALE pour 40\u20ac par mois avec engagement 24 mois jusqu\u2019au 10 d\u00e9cembre 2025 !<\/p>\n<p>BOUTON : CLIQUEZ ICI POUR PROFITER DE L\u2019OFFRE CANAL+ LA TOTALE \u00e0 40\u20ac\/MOIS<\/p>\n<p>Le foot est aussi sur l\u2019offre beIN SPORTS CONNECT<\/p>\n<p>Vibrez, chaque saison, avec un big match de Ligue 1 McDonald\u2019s chaque samedi \u00e0 17 h **, la Coupe de France Cr\u00e9dit Agricole, la Ligue 2 BKT, la Liga EA SPORTS, la Bundesliga, la Liga Portugal et la S\u00fcper Lig turque. Sans oublier la NBA, la NFL, la MLB, la NHL, Wimbledon, le circuit WTA, l\u2019Investec Champions Cup, la Challenge Cup, la Liqui Moly<\/p>\n<p>Starligue, et bien plus encore en souscrivant l\u2019offre beIN SPORT CONNECT avec abonnement mensuel*** !<\/p>\n<p>Profitez de l\u2019offre beIN SPORTS CONNECT \u00e0 15\u20ac par mois avec engagement mensuel !<\/p>\n<p>* S\u00c9RIE LIMIT\u00c9E CANAL+LA TOTALE soumise \u00e0 conditions et valable en France m\u00e9tropolitaine jusqu\u2019au 10 d\u00e9cembre 2025 pour tout nouvel abonnement de 24 mois. Inclus Netflix Standard (prix public 14,99 \u20ac par mois) Modalit\u00e9s sur boutique.canalplus.com<\/p>\n<p>** sauf interdiction administrative de diffusion<\/p>\n<p>***Offre avec abonnement mensuel valable en France m\u00e9tropolitaine soumise \u00e0 conditions. Modalit\u00e9s sur boutique.canalplus.com<\/p>\n","protected":false},"excerpt":{"rendered":"Pour cette 15e journ\u00e9e de Ligue 1, l&rsquo;Olympique de Marseille se rend \u00e0 Lille pour un match qui&hellip;\n","protected":false},"author":2,"featured_media":579634,"comment_status":"","ping_status":"","sticky":false,"template":"","format":"standard","meta":{"footnotes":""},"categories":[2815],"tags":[17,1111,11,1459,1777,674,1011,27,811,1307,12,149,25,3467,2764],"class_list":{"0":"post-579633","1":"post","2":"type-post","3":"status-publish","4":"format-standard","5":"has-post-thumbnail","7":"category-lille","8":"tag-17","9":"tag-actu","10":"tag-actualites","11":"tag-duel","12":"tag-eu","13":"tag-europe","14":"tag-fr","15":"tag-france","16":"tag-hauts-de-france","17":"tag-lille","18":"tag-news","19":"tag-om","20":"tag-republique-francaise","21":"tag-soir","22":"tag-sommet"},"share_on_mastodon":{"url":"https:\/\/pubeurope.com\/@fr\/115666472445975475","error":""},"_links":{"self":[{"href":"https:\/\/www.europesays.com\/fr\/wp-json\/wp\/v2\/posts\/579633","targetHints":{"allow":["GET"]}}],"collection":[{"href":"https:\/\/www.europesays.com\/fr\/wp-json\/wp\/v2\/posts"}],"about":[{"href":"https:\/\/www.europesays.com\/fr\/wp-json\/wp\/v2\/types\/post"}],"author":[{"embeddable":true,"href":"https:\/\/www.europesays.com\/fr\/wp-json\/wp\/v2\/users\/2"}],"replies":[{"embeddable":true,"href":"https:\/\/www.europesays.com\/fr\/wp-json\/wp\/v2\/comments?post=579633"}],"version-history":[{"count":0,"href":"https:\/\/www.europesays.com\/fr\/wp-json\/wp\/v2\/posts\/579633\/revisions"}],"wp:featuredmedia":[{"embeddable":true,"href":"https:\/\/www.europesays.com\/fr\/wp-json\/wp\/v2\/media\/579634"}],"wp:attachment":[{"href":"https:\/\/www.europesays.com\/fr\/wp-json\/wp\/v2\/media?parent=579633"}],"wp:term":[{"taxonomy":"category","embeddable":true,"href":"https:\/\/www.europesays.com\/fr\/wp-json\/wp\/v2\/categories?post=579633"},{"taxonomy":"post_tag","embeddable":true,"href":"https:\/\/www.europesays.com\/fr\/wp-json\/wp\/v2\/tags?post=579633"}],"curies":[{"name":"wp","href":"https:\/\/api.w.org\/{rel}","templated":true}]}}