{"id":579637,"date":"2025-12-05T10:25:26","date_gmt":"2025-12-05T10:25:26","guid":{"rendered":"https:\/\/www.europesays.com\/fr\/579637\/"},"modified":"2025-12-05T10:25:26","modified_gmt":"2025-12-05T10:25:26","slug":"twin-jet-ouvre-une-ligne-directe-marseille-biarritz","status":"publish","type":"post","link":"https:\/\/www.europesays.com\/fr\/579637\/","title":{"rendered":"Twin Jet ouvre une ligne directe Marseille\u2013Biarritz"},"content":{"rendered":"<p>\t\t\t\t\t <b>D\u00e8s le 26 janvier 2026<\/b>, <a class=\"liens\" href=\"https:\/\/www.tourmag.com\/tags\/twin+jet\/\" target=\"_blank\" rel=\"noopener\">Twin Jet<\/a> proposera une nouvelle liaison directe entre Marseille et Biarritz.<\/p>\n<p><b>Trois vols hebdomadaires, les lundis, mercredis et vendredis<\/b>, permettront de relier les deux r\u00e9gions en un peu plus d\u2019une heure trente. Cette ouverture r\u00e9pond \u00e0 une demande croissante de <b>liaisons rapides et r\u00e9guli\u00e8res entre le Sud-Est et le Sud-Ouest<\/b>.&#13;\t\t\t\t\t <br \/><b>&#13;\t\t\t\t\t <br \/>La compagnie poursuit ainsi le d\u00e9veloppement de son r\u00e9seau domestique<\/b>. \u00c0 l\u2019occasion de ce lancement, <a class=\"liens\" href=\"https:\/\/www.tourmag.com\/Twin-Jet-reliera-ces-deux-villes-francaises-des-septembre_a128068.html\" target=\"_blank\" rel=\"noopener\">Twin Jet<\/a> propose par ailleurs un avantage d\u00e9di\u00e9 aux passagers marseillais : <b>l\u2019acc\u00e8s au coupe-file \u00e0 l\u2019a\u00e9roport de Marseille pour un passage facilit\u00e9 au contr\u00f4le de s\u00fbret\u00e9<\/b>.\n\t\t\t\t <\/p>\n","protected":false},"excerpt":{"rendered":"D\u00e8s le 26 janvier 2026, Twin Jet proposera une nouvelle liaison directe entre Marseille et Biarritz. Trois vols&hellip;\n","protected":false},"author":2,"featured_media":579638,"comment_status":"","ping_status":"","sticky":false,"template":"","format":"standard","meta":{"footnotes":""},"categories":[2814],"tags":[1111,11,1777,674,1011,27,884,12,882,25,48332],"class_list":{"0":"post-579637","1":"post","2":"type-post","3":"status-publish","4":"format-standard","5":"has-post-thumbnail","7":"category-marseille","8":"tag-actu","9":"tag-actualites","10":"tag-eu","11":"tag-europe","12":"tag-fr","13":"tag-france","14":"tag-marseille","15":"tag-news","16":"tag-provence-alpes-cote-dazur","17":"tag-republique-francaise","18":"tag-twin-jet"},"share_on_mastodon":{"url":"https:\/\/pubeurope.com\/@fr\/115666480207075220","error":""},"_links":{"self":[{"href":"https:\/\/www.europesays.com\/fr\/wp-json\/wp\/v2\/posts\/579637","targetHints":{"allow":["GET"]}}],"collection":[{"href":"https:\/\/www.europesays.com\/fr\/wp-json\/wp\/v2\/posts"}],"about":[{"href":"https:\/\/www.europesays.com\/fr\/wp-json\/wp\/v2\/types\/post"}],"author":[{"embeddable":true,"href":"https:\/\/www.europesays.com\/fr\/wp-json\/wp\/v2\/users\/2"}],"replies":[{"embeddable":true,"href":"https:\/\/www.europesays.com\/fr\/wp-json\/wp\/v2\/comments?post=579637"}],"version-history":[{"count":0,"href":"https:\/\/www.europesays.com\/fr\/wp-json\/wp\/v2\/posts\/579637\/revisions"}],"wp:featuredmedia":[{"embeddable":true,"href":"https:\/\/www.europesays.com\/fr\/wp-json\/wp\/v2\/media\/579638"}],"wp:attachment":[{"href":"https:\/\/www.europesays.com\/fr\/wp-json\/wp\/v2\/media?parent=579637"}],"wp:term":[{"taxonomy":"category","embeddable":true,"href":"https:\/\/www.europesays.com\/fr\/wp-json\/wp\/v2\/categories?post=579637"},{"taxonomy":"post_tag","embeddable":true,"href":"https:\/\/www.europesays.com\/fr\/wp-json\/wp\/v2\/tags?post=579637"}],"curies":[{"name":"wp","href":"https:\/\/api.w.org\/{rel}","templated":true}]}}