{"id":579639,"date":"2025-12-05T10:26:13","date_gmt":"2025-12-05T10:26:13","guid":{"rendered":"https:\/\/www.europesays.com\/fr\/579639\/"},"modified":"2025-12-05T10:26:13","modified_gmt":"2025-12-05T10:26:13","slug":"lyon-un-spectacle-rend-hommage-a-daniel-balavoine-son-frere-on-etait-inseparables","status":"publish","type":"post","link":"https:\/\/www.europesays.com\/fr\/579639\/","title":{"rendered":"Lyon. Un spectacle rend hommage \u00e0 Daniel Balavoine, son fr\u00e8re\u00a0: \u00ab\u00a0On \u00e9tait ins\u00e9parables\u00a0\u00bb"},"content":{"rendered":"<p>La tourn\u00e9e d\u00e9butera le 14\u00a0janvier \u00e0 Alen\u00e7on, sa ville natale, et la date ne doit rien non plus au hasard. Elle marque le 40e anniversaire de la mort tragique de Daniel Balavoine, tu\u00e9 dans un accident d\u2019h\u00e9licopt\u00e8re au Mali, \u00e0 l\u2019\u00e2ge de 33 ans. Un \u00ab\u00a0choc\u00a0\u00bb pour son fr\u00e8re Guy, de sept ans son a\u00een\u00e9, embarqu\u00e9 dans l\u2019aventure du spectacle Balavoine ma bataille qui fera escale \u00e0 Lyon le 18\u00a0janvier. Aujourd\u2019hui \u00e2g\u00e9 de 80 ans, Guy se souvient avec \u00e9motion de son enfance avec Daniel, de son r\u00f4le de choriste sur les albums de son fr\u00e8re et de ses premiers succ\u00e8s populaires.<\/p>\n<blockquote class=\"question\"><p>Daniel a fait une carri\u00e8re musicale, vous \u00e9tiez vous-m\u00eame choriste\u00a0: aviez-vous tous les deux re\u00e7u une \u00e9ducation musicale\u00a0?<\/p><\/blockquote>\n<p>\u00ab\u00a0Ma m\u00e8re \u00e9tait pianiste, ma tante organiste, avec mon fr\u00e8re Yves nous avons fait partie des Petits chanteurs \u00e0 la Croix de Bois\u2026 On a toujours baign\u00e9 dans la musique et dans le chant beaucoup. J\u2019ai chant\u00e9 avec&#8230;<\/p>\n","protected":false},"excerpt":{"rendered":"La tourn\u00e9e d\u00e9butera le 14\u00a0janvier \u00e0 Alen\u00e7on, sa ville natale, et la date ne doit rien non plus&hellip;\n","protected":false},"author":2,"featured_media":579640,"comment_status":"","ping_status":"","sticky":false,"template":"","format":"standard","meta":{"footnotes":""},"categories":[1889],"tags":[1111,11,2430,1687,2757,1777,674,1011,27,2428,2756,873,12,25,2429,104],"class_list":{"0":"post-579639","1":"post","2":"type-post","3":"status-publish","4":"format-standard","5":"has-post-thumbnail","7":"category-lyon","8":"tag-actu","9":"tag-actualites","10":"tag-auvergne-rhone-alpes","11":"tag-culture-loisirs","12":"tag-edition-lyon-villeurbanne","13":"tag-eu","14":"tag-europe","15":"tag-fr","16":"tag-france","17":"tag-lyon","18":"tag-lyon-bassin","19":"tag-musique","20":"tag-news","21":"tag-republique-francaise","22":"tag-rhone","23":"tag-societe"},"share_on_mastodon":{"url":"https:\/\/pubeurope.com\/@fr\/115666484246277312","error":""},"_links":{"self":[{"href":"https:\/\/www.europesays.com\/fr\/wp-json\/wp\/v2\/posts\/579639","targetHints":{"allow":["GET"]}}],"collection":[{"href":"https:\/\/www.europesays.com\/fr\/wp-json\/wp\/v2\/posts"}],"about":[{"href":"https:\/\/www.europesays.com\/fr\/wp-json\/wp\/v2\/types\/post"}],"author":[{"embeddable":true,"href":"https:\/\/www.europesays.com\/fr\/wp-json\/wp\/v2\/users\/2"}],"replies":[{"embeddable":true,"href":"https:\/\/www.europesays.com\/fr\/wp-json\/wp\/v2\/comments?post=579639"}],"version-history":[{"count":0,"href":"https:\/\/www.europesays.com\/fr\/wp-json\/wp\/v2\/posts\/579639\/revisions"}],"wp:featuredmedia":[{"embeddable":true,"href":"https:\/\/www.europesays.com\/fr\/wp-json\/wp\/v2\/media\/579640"}],"wp:attachment":[{"href":"https:\/\/www.europesays.com\/fr\/wp-json\/wp\/v2\/media?parent=579639"}],"wp:term":[{"taxonomy":"category","embeddable":true,"href":"https:\/\/www.europesays.com\/fr\/wp-json\/wp\/v2\/categories?post=579639"},{"taxonomy":"post_tag","embeddable":true,"href":"https:\/\/www.europesays.com\/fr\/wp-json\/wp\/v2\/tags?post=579639"}],"curies":[{"name":"wp","href":"https:\/\/api.w.org\/{rel}","templated":true}]}}