{"id":579645,"date":"2025-12-05T10:30:15","date_gmt":"2025-12-05T10:30:15","guid":{"rendered":"https:\/\/www.europesays.com\/fr\/579645\/"},"modified":"2025-12-05T10:30:15","modified_gmt":"2025-12-05T10:30:15","slug":"accusations-de-violences-sexuelles-dune-extreme-gravite-au-theatre-du-soleil-letat-lance-un-audit","status":"publish","type":"post","link":"https:\/\/www.europesays.com\/fr\/579645\/","title":{"rendered":"accusations de violences sexuelles d&rsquo;une \u00ab\u00a0extr\u00eame gravit\u00e9\u00a0\u00bb au th\u00e9\u00e2tre du Soleil, l&rsquo;\u00c9tat lance un audit"},"content":{"rendered":"<p>                    Par<br \/>\n        <strong><br \/>\n            <a href=\"https:\/\/actu.fr\/auteur\/redaction-paris\" title=\"Consulter tous les articles de R\u00e9daction Paris\" target=\"_blank\" rel=\"noopener\">R\u00e9daction Paris<\/a><br \/>\n                    <\/strong><\/p>\n<p>        Publi\u00e9 le<\/p>\n<p>            5 d\u00e9c. 2025 \u00e0 11h14        <\/p>\n<p>Neuf mois apr\u00e8s les r\u00e9v\u00e9lations de la <strong>com\u00e9dienne Agathe Pujol<\/strong> devant la commission d\u2019enqu\u00eate parlementaire sur les <a href=\"https:\/\/actu.fr\/tag\/violences-sexuelles\" target=\"_blank\" rel=\"noopener\">violences sexuelles<\/a> dans la culture, le minist\u00e8re de la Culture a demand\u00e9 au Th\u00e9\u00e2tre du Soleil, vis\u00e9 depuis l\u2019\u00e9t\u00e9 par une enqu\u00eate judiciaire et par des accusations de violences, de \u00ab\u2009conduire un audit\u2009\u00bb ind\u00e9pendant sur son fonctionnement, a-t-on appris jeudi aupr\u00e8s du minist\u00e8re et de la compagnie. Il devrait d\u00e9buter la semaine du 15\u00a0d\u00e9cembre.<\/p>\n<p>Une \u00ab\u2009pression sexuelle constante\u2009\u00bb<\/p>\n<p class=\" wall-content\">\u00ab\u2009Le minist\u00e8re a demand\u00e9 au Th\u00e9\u00e2tre du Soleil de faire conduire un audit externe afin <strong>d\u2019approfondir les \u00e9l\u00e9ments<\/strong> et les constatations issues de son audit interne\u2009\u00bb, a dit le minist\u00e8re \u00e0 l\u2019AFP, confirmant une information du Monde.<\/p>\n<p class=\" wall-content\">Un audit interne a \u00e9t\u00e9 men\u00e9 au sein de la troupe entre fin avril et mi-mai, \u00e0 la suite d\u2019accusations de \u00ab\u2009d\u00e9rives sexuelles\u2009\u00bb port\u00e9es fin mars par la com\u00e9dienne Agathe Pujol. Un temps b\u00e9n\u00e9vole au sein de la troupe, elle avait d\u00e9clar\u00e9 avoir \u00e9t\u00e9 <strong>victime d\u2019une tentative de viol<\/strong> en 2010 par un de ses membres lorsqu\u2019elle \u00e9tait mineure et avait d\u00e9crit plus g\u00e9n\u00e9ralement une \u00ab\u2009pression sexuelle constante\u2009\u00bb et un climat d\u2019omerta.<\/p>\n<p class=\" wall-content\">\u00c0 la suite de ce t\u00e9moignage, signal\u00e9 \u00e0 la justice par la commission, une enqu\u00eate du \u00ab\u2009chef de <strong>viol sur mineur de 15\u00a0ans<\/strong> et agression sexuelle sur mineur de 15\u00a0ans a \u00e9t\u00e9 confi\u00e9e \u00e0 l\u2019\u00e9t\u00e9 2025 par le parquet des mineurs \u00e0 la Brigade de protection des mineurs\u2009\u00bb, selon le parquet \u00e0 l\u2019AFP.<\/p>\n<p class=\" wall-content\">L\u2019audit externe, conduit par un cabinet ind\u00e9pendant, portera \u00ab\u2009sur le <strong>fonctionnement r\u00e9el<\/strong>\u2009\u00bb de la troupe et \u00ab\u2009va d\u00e9buter la semaine du 15\u00a0d\u00e9cembre\u2009\u00bb, a pr\u00e9cis\u00e9 \u00e0 l\u2019AFP la directrice de la compagnie, la metteuse en sc\u00e8ne Ariane Mnouchkine.<\/p>\n<p class=\" wall-content\">Le site d\u2019information Mediapart a publi\u00e9 dimanche de nouvelles accusations de violences sexuelles, allant du <strong>harc\u00e8lement au viol<\/strong>, notamment sur des mineures, qui concerneraient huit femmes, ex-salari\u00e9es ou b\u00e9n\u00e9voles.\u00a0Deux com\u00e9diens, qui ont depuis quitt\u00e9 la troupe, sont mis en cause pour ces faits qui se seraient d\u00e9roul\u00e9s entre\u00a02010 et\u00a02025. Tous deux rejettent les accusations.<\/p>\n<p class=\" wall-content\">La demande d\u2019un audit \u00ab\u2009est li\u00e9e \u00e0 la conditionnalit\u00e9 des aides mise en place par le minist\u00e8re en mati\u00e8re de lutte contre les violences sexistes et sexuelles\u2009\u00bb (VSS), a pr\u00e9cis\u00e9 le minist\u00e8re, ajoutant qu\u2019\u00ab\u2009en cas de manquement, les <strong>aides accord\u00e9es au Soleil pourraient \u00eatre remises en cause<\/strong>\u2009\u00bb.\u00a0Depuis 2021, le minist\u00e8re de la Culture conditionne ses aides au respect d\u2019un protocole strict en mati\u00e8re de VSS.<\/p>\n<p>Votre r\u00e9gion, votre actu !<\/p>\n<p>Recevez chaque jour les infos qui comptent pour vous.<\/p>\n<p>\t<a href=\"https:\/\/actu.fr\/newsletter\" class=\"ac-btn ac-btn--corner ac-btn--medium ac-btn--blue800\" target=\"_blank\" rel=\"noopener\">S&rsquo;incrire<\/a><\/p>\n<p class=\" wall-content\">Dans un communiqu\u00e9 publi\u00e9 mercredi, le Soleil, lieu d\u2019exp\u00e9rimentation th\u00e9\u00e2trale et d\u2019utopie artistique fond\u00e9 en 1964, a ni\u00e9 des \u00ab\u2009abus syst\u00e9miques\u2009\u00bb, tout en reconnaissant \u00ab\u2009<strong>l\u2019extr\u00eame gravit\u00e9<\/strong> des crimes d\u00e9nonc\u00e9s par les victimes\u2009\u00bb dans l\u2019article de Mediapart.<\/p>\n<p class=\" wall-content\">Avec AFP.<\/p>\n<p class=\" wall-content\">Personnalisez votre actualit\u00e9 en ajoutant vos villes et m\u00e9dias en favori avec <a href=\"https:\/\/moncompte.actu.fr\" title=\"D\u00e9couvez Mon Actu\" rel=\"nofollow noopener\" data-trk=\"{&quot;cta&quot;:{&quot;action&quot;:&quot;https:\\\/\\\/moncompte.actu.fr&quot;,&quot;category&quot;:&quot;mon compte&quot;,&quot;from&quot;:&quot;article footer&quot;,&quot;name&quot;:&quot;Mon actu&quot;,&quot;type&quot;:&quot;cta&quot;}}\" target=\"_blank\">Mon Actu<\/a>.<\/p>\n","protected":false},"excerpt":{"rendered":"Par R\u00e9daction Paris Publi\u00e9 le 5 d\u00e9c. 2025 \u00e0 11h14 Neuf mois apr\u00e8s les r\u00e9v\u00e9lations de la com\u00e9dienne&hellip;\n","protected":false},"author":2,"featured_media":579646,"comment_status":"","ping_status":"","sticky":false,"template":"","format":"standard","meta":{"footnotes":""},"categories":[1888],"tags":[1111,1928,11,1927,1777,674,1011,27,1652,12,1926,626,1925,25,1347,799],"class_list":{"0":"post-579645","1":"post","2":"type-post","3":"status-publish","4":"format-standard","5":"has-post-thumbnail","7":"category-paris","8":"tag-actu","9":"tag-actu-paris","10":"tag-actualites","11":"tag-actualites-paris","12":"tag-eu","13":"tag-europe","14":"tag-fr","15":"tag-france","16":"tag-loisirs-culture","17":"tag-news","18":"tag-news-paris","19":"tag-paris","20":"tag-paris-news","21":"tag-republique-francaise","22":"tag-theatre","23":"tag-violences-sexuelles"},"share_on_mastodon":{"url":"https:\/\/pubeurope.com\/@fr\/115666499907050781","error":""},"_links":{"self":[{"href":"https:\/\/www.europesays.com\/fr\/wp-json\/wp\/v2\/posts\/579645","targetHints":{"allow":["GET"]}}],"collection":[{"href":"https:\/\/www.europesays.com\/fr\/wp-json\/wp\/v2\/posts"}],"about":[{"href":"https:\/\/www.europesays.com\/fr\/wp-json\/wp\/v2\/types\/post"}],"author":[{"embeddable":true,"href":"https:\/\/www.europesays.com\/fr\/wp-json\/wp\/v2\/users\/2"}],"replies":[{"embeddable":true,"href":"https:\/\/www.europesays.com\/fr\/wp-json\/wp\/v2\/comments?post=579645"}],"version-history":[{"count":0,"href":"https:\/\/www.europesays.com\/fr\/wp-json\/wp\/v2\/posts\/579645\/revisions"}],"wp:featuredmedia":[{"embeddable":true,"href":"https:\/\/www.europesays.com\/fr\/wp-json\/wp\/v2\/media\/579646"}],"wp:attachment":[{"href":"https:\/\/www.europesays.com\/fr\/wp-json\/wp\/v2\/media?parent=579645"}],"wp:term":[{"taxonomy":"category","embeddable":true,"href":"https:\/\/www.europesays.com\/fr\/wp-json\/wp\/v2\/categories?post=579645"},{"taxonomy":"post_tag","embeddable":true,"href":"https:\/\/www.europesays.com\/fr\/wp-json\/wp\/v2\/tags?post=579645"}],"curies":[{"name":"wp","href":"https:\/\/api.w.org\/{rel}","templated":true}]}}