{"id":579649,"date":"2025-12-05T10:33:12","date_gmt":"2025-12-05T10:33:12","guid":{"rendered":"https:\/\/www.europesays.com\/fr\/579649\/"},"modified":"2025-12-05T10:33:12","modified_gmt":"2025-12-05T10:33:12","slug":"enfin-un-restaurant-ou-grimper-sur-les-tables","status":"publish","type":"post","link":"https:\/\/www.europesays.com\/fr\/579649\/","title":{"rendered":"enfin un restaurant o\u00f9 grimper sur les tables"},"content":{"rendered":"<p>\n    <strong>CRITIQUE GASTRONOMIQUE <\/strong>&#8211; La table situ\u00e9e dans le Palais-Brongniart rena\u00eet sous la houlette de Paris Society. La f\u00eate promise est-elle bien au rendez-vous\u00a0?<\/p>\n<p class=\"fig-paragraph\">D\u00e9j\u00e0 un bail que ce gros bloc de<a href=\"https:\/\/www.lefigaro.fr\/sortir-paris\/du-palais-brongniart-au-carreau-du-temple-le-dessin-classique-et-contemporain-tient-salon-a-paris-20220517\" data-fig-type=\"Article\" data-gtm-custom-categorie=\"navigation\" data-gtm-custom-action=\"crossclick\" data-gtm-custom-label=\"Contextuel\" data-gtm-event=\"customEventSPE\" data-fig-domain=\"LEFIGARO\" target=\"_blank\" rel=\"noopener\">\u00a0Palais-Brongniart<\/a>\u00a0ne joue plus \u00e0 la Bourse. Il s\u2019amuse depuis comme il peut, comme il pleut, \u00e0 regarder passer les ciels, sa grande place et parfois les manifs. Dedans, on organise des visites, des d\u00e9fil\u00e9s, des queues de salon, des ennuis de conf\u00e9rences et, dans une salle du dessous, des restos confondants \u00e0 tous se planter. All\u00e9no s\u2019y est cass\u00e9 le bec, Ducasse la t\u00eate\u2009; deux enseignes, deux \u00e9checs. Cet hiver, au tour de<a href=\"http:\/\/www.lefigaro.fr\/lifestyle\/laurent-de-gourcuff-le-maitre-du-jeu-de-la-nouvelle-restauration-parisienne-20231118\" data-fig-type=\"Article\" data-gtm-custom-categorie=\"navigation\" data-gtm-custom-action=\"crossclick\" data-gtm-custom-label=\"Contextuel\" data-gtm-event=\"customEventSPE\" data-fig-domain=\"LEFIGARO\" target=\"_blank\" rel=\"noopener\">\u00a0Paris Society<\/a>\u00a0de s\u2019y coller, en ne for\u00e7ant pas plus le talent que ce qu\u2019il fait d\u00e9j\u00e0 au Mun, au Piaf, \u00e0 la Maison Revka, \u00e0 la Mondaine, \u00e0 la Baronne, chez\u00a0<a href=\"https:\/\/www.lefigaro.fr\/societes\/paris-society-veut-faire-revivre-maxim-s-comme-a-la-belle-epoque-20230329\" data-fig-type=\"Article\" data-gtm-custom-categorie=\"navigation\" data-gtm-custom-action=\"crossclick\" data-gtm-custom-label=\"Contextuel\" data-gtm-event=\"customEventSPE\" data-fig-domain=\"LEFIGARO\" target=\"_blank\" rel=\"noopener\">Maxim\u2019s<\/a>\u2026 Musique forte, table basse et ce culot assum\u00e9 d\u2019avoir encore l\u2019envie de faire la f\u00eate. L\u2019obsession certes toujours du c\u00f4t\u00e9 dor\u00e9 de la ville, entre jeunesse \u00e0 facettes et beaux quartiers en paillettes mais, n\u2019en d\u00e9plaise, la f\u00eate quand m\u00eame.<\/p>\n<p class=\"fig-paragraph\">Pour cette fois, le d\u00e9cor a choisi de s\u2019inventer une prohibition de speak easy. La salle large en \u00ab\u200aj\u2019veux du cuir\u00a0\u00bb (club, pas latex)\u2026<\/p>\n<p class=\"fig-premium-paywall__infos\">\n        Cet article est r\u00e9serv\u00e9 aux abonn\u00e9s.        Il vous reste 69% \u00e0 d\u00e9couvrir.\n    <\/p>\n<p>                <img  data- alt=\"Le Figaro\" class=\"fig-img--complete fig-img\"\/><\/p>\n<p class=\"fig-premium-paywall__title\">Vous avez envie de lire la suite ?<\/p>\n<p class=\"fig-premium-paywall__subtitle\">D\u00e9bloquez tous les articles imm\u00e9diatement.<\/p>\n<p class=\"fig-premium-paywall__connect\">\n                D\u00e9j\u00e0 abonn\u00e9\u00a0?                <a class=\"fig-premium-paywall__connect-link\" href=\"https:\/\/connect.lefigaro.fr\/login?client=horizon_web&amp;type=main&amp;redirect_uri=https%3A%2F%2Fwww.lefigaro.fr%2Fgastronomie%2Fle-pompon-a-bourse-enfin-un-restaurant-ou-grimper-sur-les-tables-20251205\" data-js-gtm=\"{&quot;customCategorie&quot;: &quot;conversion&quot;, &quot;customAction&quot;: &quot;before_Landing_Connexion_paywall_auto&quot;, &quot;customLabel&quot;: &quot;bGVmaWdhcm8uZnJfXzFmMGQxMGE0LThjYzUtNjk2NC1hY2I2LWZkZjMwZmU2ODI5Nl9fQXJ0aWNsZQ==_Le Pompon \u00e0 Bourse\u00a0: enfin un restaurant o\u00f9 grimper sur les tables_138&quot;, &quot;customIDSPE&quot;: &quot;bGVmaWdhcm8uZnJfXzFmMGQxMGE0LThjYzUtNjk2NC1hY2I2LWZkZjMwZmU2ODI5Nl9fQXJ0aWNsZQ==&quot;, &quot;event&quot;: &quot;customEventSPE&quot;}\" target=\"_blank\" rel=\"noopener\"><br \/>\n                    Connectez-vous<br \/>\n                <\/a>\n            <\/p>\n","protected":false},"excerpt":{"rendered":"CRITIQUE GASTRONOMIQUE &#8211; La table situ\u00e9e dans le Palais-Brongniart rena\u00eet sous la houlette de Paris Society. La f\u00eate&hellip;\n","protected":false},"author":2,"featured_media":579650,"comment_status":"","ping_status":"","sticky":false,"template":"","format":"standard","meta":{"footnotes":""},"categories":[1888],"tags":[11,1777,674,1011,27,1661,12,626,25,2923,2068],"class_list":{"0":"post-579649","1":"post","2":"type-post","3":"status-publish","4":"format-standard","5":"has-post-thumbnail","7":"category-paris","8":"tag-actualites","9":"tag-eu","10":"tag-europe","11":"tag-fr","12":"tag-france","13":"tag-gastronomie","14":"tag-news","15":"tag-paris","16":"tag-republique-francaise","17":"tag-restaurants","18":"tag-sortir-a-paris"},"share_on_mastodon":{"url":"https:\/\/pubeurope.com\/@fr\/115666511816450364","error":""},"_links":{"self":[{"href":"https:\/\/www.europesays.com\/fr\/wp-json\/wp\/v2\/posts\/579649","targetHints":{"allow":["GET"]}}],"collection":[{"href":"https:\/\/www.europesays.com\/fr\/wp-json\/wp\/v2\/posts"}],"about":[{"href":"https:\/\/www.europesays.com\/fr\/wp-json\/wp\/v2\/types\/post"}],"author":[{"embeddable":true,"href":"https:\/\/www.europesays.com\/fr\/wp-json\/wp\/v2\/users\/2"}],"replies":[{"embeddable":true,"href":"https:\/\/www.europesays.com\/fr\/wp-json\/wp\/v2\/comments?post=579649"}],"version-history":[{"count":0,"href":"https:\/\/www.europesays.com\/fr\/wp-json\/wp\/v2\/posts\/579649\/revisions"}],"wp:featuredmedia":[{"embeddable":true,"href":"https:\/\/www.europesays.com\/fr\/wp-json\/wp\/v2\/media\/579650"}],"wp:attachment":[{"href":"https:\/\/www.europesays.com\/fr\/wp-json\/wp\/v2\/media?parent=579649"}],"wp:term":[{"taxonomy":"category","embeddable":true,"href":"https:\/\/www.europesays.com\/fr\/wp-json\/wp\/v2\/categories?post=579649"},{"taxonomy":"post_tag","embeddable":true,"href":"https:\/\/www.europesays.com\/fr\/wp-json\/wp\/v2\/tags?post=579649"}],"curies":[{"name":"wp","href":"https:\/\/api.w.org\/{rel}","templated":true}]}}