{"id":579653,"date":"2025-12-05T10:35:26","date_gmt":"2025-12-05T10:35:26","guid":{"rendered":"https:\/\/www.europesays.com\/fr\/579653\/"},"modified":"2025-12-05T10:35:26","modified_gmt":"2025-12-05T10:35:26","slug":"emmanuel-macron-appelle-a-accroitre-la-pression-sur-leconomie-russe-lexpress","status":"publish","type":"post","link":"https:\/\/www.europesays.com\/fr\/579653\/","title":{"rendered":"Emmanuel Macron appelle \u00e0 accro\u00eetre \u00ab\u00a0la pression sur l\u2019\u00e9conomie russe\u00a0\u00bb \u2013 L&rsquo;Express"},"content":{"rendered":"<p class=\"paragraph article-body-paragraph article__item article-body-paragraph--live  \">Alors que <a href=\"https:\/\/www.lexpress.fr\/monde\/amerique\/vladimir-poutine-savoure-la-situation-les-negociations-sur-lukraine-vues-de-letranger-NWOI4YQG7RBR5JKV73YANMQKXU\/\" target=\"_self\" rel=\"noopener\" title=\"https:\/\/www.lexpress.fr\/monde\/amerique\/vladimir-poutine-savoure-la-situation-les-negociations-sur-lukraine-vues-de-letranger-NWOI4YQG7RBR5JKV73YANMQKXU\/\">les discussions diplomatiques<\/a> sur le conflit en <a href=\"https:\/\/www.lexpress.fr\/monde\/europe\/l-ukraine-hesite-entre-est-et-ouest_1302698.html\" target=\"_self\" rel=\"noopener\" title=\"https:\/\/www.lexpress.fr\/monde\/europe\/l-ukraine-hesite-entre-est-et-ouest_1302698.html\">Ukraine<\/a> se poursuivent, <a href=\"https:\/\/www.lexpress.fr\/monde\/europe\/face-a-vladimir-poutine-et-xi-jinping-leurope-est-en-guerre-et-elle-ne-le-sait-pas-272Y5CLQQ5GYLAX3VG55GBKTKA\/\" target=\"_self\" rel=\"noopener\" title=\"https:\/\/www.lexpress.fr\/monde\/europe\/face-a-vladimir-poutine-et-xi-jinping-leurope-est-en-guerre-et-elle-ne-le-sait-pas-272Y5CLQQ5GYLAX3VG55GBKTKA\/\">Vladimir Poutine<\/a> n\u2019a montr\u00e9 aucun signe d\u2019assouplissement jeudi 4\u00a0d\u00e9cembre, \u00e0 l\u2019occasion d\u2019un d\u00e9placement en Inde. Le pr\u00e9sident russe a estim\u00e9 que les n\u00e9gociations en cours \u00e9taient \u00ab\u00a0complexes\u00a0\u00bb, mais qu\u2019il fallait s\u2019y \u00ab\u00a0engager\u00a0\u00bb plut\u00f4t que de les entraver, dans un entretien diffus\u00e9 par une cha\u00eene de t\u00e9l\u00e9vision indienne. \u00ab\u00a0Parvenir \u00e0 un consensus entre des parties en conflit n\u2019est pas chose ais\u00e9e, mais je crois que <a href=\"https:\/\/www.lexpress.fr\/monde\/europe\/face-a-vladimir-poutine-et-xi-jinping-leurope-est-en-guerre-et-elle-ne-le-sait-pas-272Y5CLQQ5GYLAX3VG55GBKTKA\/\" target=\"_self\" rel=\"noopener\" title=\"https:\/\/www.lexpress.fr\/monde\/europe\/face-a-vladimir-poutine-et-xi-jinping-leurope-est-en-guerre-et-elle-ne-le-sait-pas-272Y5CLQQ5GYLAX3VG55GBKTKA\/\">le pr\u00e9sident Trump<\/a> s\u2019y emploie sinc\u00e8rement\u00a0\u00bb, a-t-il dit selon des propos traduits par India Today. \u00ab\u00a0Je pense que nous devons nous engager dans cet effort plut\u00f4t que d\u2019y faire obstruction\u00a0\u00bb, a-t-il ajout\u00e9, faisant allusion aux Europ\u00e9ens que Moscou accuse de vouloir emp\u00eacher un accord. Dans une adresse t\u00e9l\u00e9vis\u00e9e, le pr\u00e9sident ukrainien <a href=\"https:\/\/www.lexpress.fr\/monde\/europe\/irlande-nouvelle-incursion-suspecte-de-drones-lors-de-larrivee-de-volodymyr-zelensky-32NB75AZBNGQBAZ232KS4QTYXE\/\" target=\"_self\" rel=\"noopener\" title=\"https:\/\/www.lexpress.fr\/monde\/europe\/irlande-nouvelle-incursion-suspecte-de-drones-lors-de-larrivee-de-volodymyr-zelensky-32NB75AZBNGQBAZ232KS4QTYXE\/\">Volodymyr Zelensky<\/a> a de son c\u00f4t\u00e9 assur\u00e9 que son pays \u00e9tait \u00ab\u00a0pr\u00eat \u00e0 faire face \u00e0 toute \u00e9ventualit\u00e9\u00a0\u00bb.<\/p>\n<p class=\"paragraph article-body-paragraph article__item article-body-paragraph--live  \"><b>Les infos \u00e0 retenir<\/b><\/p>\n<p class=\"paragraph article-body-paragraph article__item article-body-paragraph--live  \">\u21d2 Emmanuel Macron appelle \u00e0 accro\u00eetre \u00ab\u00a0la pression sur l\u2019\u00e9conomie russe\u00a0\u00bb<\/p>\n<p class=\"paragraph article-body-paragraph article__item article-body-paragraph--live  \">\u21d2 Vladimir Poutine dit qu&rsquo;il va continuer de \u00ab\u00a0livrer du p\u00e9trole sans interruption\u00a0\u00bb \u00e0 l&rsquo;Inde<\/p>\n<p class=\"paragraph article-body-paragraph article__item article-body-paragraph--live  \">\u21d2 Friedrich Merz en Belgique\u00a0pour \u00ab\u00a0convaincre\u00a0\u00bb Bart De\u00a0Wever sur les avoirs russes gel\u00e9s<\/p>\n<p>Emmanuel Macron appelle \u00e0 accro\u00eetre \u00ab\u00a0la pression sur l\u2019\u00e9conomie russe\u00a0\u00bb<\/p>\n<p class=\"paragraph article-body-paragraph article__item article-body-paragraph--live  \">Le pr\u00e9sident fran\u00e7ais <a href=\"https:\/\/www.lexpress.fr\/monde\/asie\/en-chine-emmanuel-macron-presse-xi-jinping-sur-lukraine-et-les-desequilibres-commerciaux-RHOFANXW4FDITI4TXLG7OZQ2VI\/\" target=\"_self\" rel=\"noopener\" title=\"https:\/\/www.lexpress.fr\/monde\/asie\/en-chine-emmanuel-macron-presse-xi-jinping-sur-lukraine-et-les-desequilibres-commerciaux-RHOFANXW4FDITI4TXLG7OZQ2VI\/\">Emmanuel Macron<\/a> a appel\u00e9 ce vendredi \u00e0 maintenir \u00ab\u00a0l\u2019effort de guerre\u00a0\u00bb en faveur de l\u2019Ukraine et\u00a0accro\u00eetre \u00ab\u00a0la pression sur l\u2019\u00e9conomie russe\u00a0\u00bb, et a plaid\u00e9 en Chine pour l\u2019unit\u00e9 entre Europ\u00e9ens et Am\u00e9ricains vis-\u00e0-vis de la Russie. \u00ab\u00a0Il faut maintenir l\u2019effort de guerre [\u2026] accro\u00eetre la pression en particulier sur l\u2019\u00e9conomie russe\u00a0\u00bb, a dit Emmanuel Macron. \u00ab\u00a0<a href=\"https:\/\/www.lexpress.fr\/monde\/ils-se-jouent-de-nous-face-aux-pourparlers-russo-americains-la-grande-mefiance-des-europeens-E5VTBX3BP5HBBELEDXOC7XWIYU\/\" target=\"_self\" rel=\"noopener\" title=\"https:\/\/www.lexpress.fr\/monde\/ils-se-jouent-de-nous-face-aux-pourparlers-russo-americains-la-grande-mefiance-des-europeens-E5VTBX3BP5HBBELEDXOC7XWIYU\/\">L\u2019unit\u00e9 entre les Am\u00e9ricains et les Europ\u00e9ens<\/a> sur la question ukrainienne est indispensable\u00a0\u00bb, a-t-il ajout\u00e9.<\/p>\n<\/p>\n<p>Vladimir Poutine dit qu&rsquo;il va continuer de \u00ab\u00a0livrer du p\u00e9trole sans interruption\u00a0\u00bb \u00e0 l&rsquo;Inde<\/p>\n<p class=\"paragraph article-body-paragraph article__item article-body-paragraph--live  \">Le pr\u00e9sident russe Vladimir Poutine, <a href=\"https:\/\/www.lexpress.fr\/monde\/europe\/en-inde-la-tournee-de-vladimir-poutine-qui-bouscule-lidee-dune-russie-isolee-KJWDS222RNGIVHTISD5SR6JCZI\/\" target=\"_self\" rel=\"noopener\" title=\"https:\/\/www.lexpress.fr\/monde\/europe\/en-inde-la-tournee-de-vladimir-poutine-qui-bouscule-lidee-dune-russie-isolee-KJWDS222RNGIVHTISD5SR6JCZI\/\">re\u00e7u ce vendredi par le Premier ministre indien Narendra Modi<\/a>, a d\u00e9clar\u00e9 que Moscou continuerait \u00ab\u00a0de livrer du p\u00e9trole sans interruption\u00a0\u00bb \u00e0 New Delhi. \u00ab\u00a0La Russie fournit de mani\u00e8re fiable du p\u00e9trole, du gaz, du charbon et tout ce qui est n\u00e9cessaire au d\u00e9veloppement \u00e9nerg\u00e9tique de l&rsquo;Inde\u00a0\u00bb, a-t-il expliqu\u00e9.\u00a0\u00ab\u00a0Nous sommes pr\u00eats \u00e0 continuer des livraisons sans interruption de p\u00e9trole pour l&rsquo;\u00e9conomie indienne en croissance rapide\u00a0\u00bb, s&rsquo;est-il engag\u00e9, alors que le chef du gouvernement indien est <a href=\"https:\/\/www.lexpress.fr\/monde\/amerique\/bras-de-fer-autour-du-petrole-russe-linde-repond-sechement-a-donald-trump-SQAVKORHJZHGXJ33TZGPOT6F4E\/\" target=\"_self\" rel=\"noopener\" title=\"https:\/\/www.lexpress.fr\/monde\/amerique\/bras-de-fer-autour-du-petrole-russe-linde-repond-sechement-a-donald-trump-SQAVKORHJZHGXJ33TZGPOT6F4E\/\">sous pression des Etats-Unis<\/a> pour qu&rsquo;il cesse ces achats de produits p\u00e9troliers russes, en pleine guerre en Ukraine.<\/p>\n<p><strong class=\"article-body-link-list__item text-gray-800 article-body-link-list__item--one-item\">LIRE AUSSI : <a class=\"article-body-link-list__item-link\" href=\"https:\/\/www.lexpress.fr\/monde\/europe\/en-inde-la-tournee-de-vladimir-poutine-qui-bouscule-lidee-dune-russie-isolee-KJWDS222RNGIVHTISD5SR6JCZI\/\" target=\"_blank\" rel=\"noopener\">En Inde, la tourn\u00e9e de Vladimir Poutine qui bouscule l\u2019id\u00e9e d\u2019une Russie isol\u00e9e<\/a><\/strong><\/p>\n<p class=\"paragraph article-body-paragraph article__item article-body-paragraph--live  \">Un peu plus t\u00f4t devant la presse, <a href=\"https:\/\/www.lexpress.fr\/monde\/asie\/droits-de-douane-donald-trump-a-pousse-linde-dans-les-bras-de-la-chine-PZMIK3CLVJHRVDGLF2E6S2AFOE\/\" target=\"_self\" rel=\"noopener\" title=\"https:\/\/www.lexpress.fr\/monde\/asie\/droits-de-douane-donald-trump-a-pousse-linde-dans-les-bras-de-la-chine-PZMIK3CLVJHRVDGLF2E6S2AFOE\/\">Narendra Modi<\/a> a salu\u00e9 son invit\u00e9 comme un \u00ab\u00a0v\u00e9ritable ami\u00a0\u00bb et s&rsquo;est montr\u00e9 optimiste sur une r\u00e9solution pacifique du conflit russo-ukrainien. \u00ab\u00a0Nous devons tous retrouver le chemin de la paix\u00a0\u00bb, a-t-il insist\u00e9. \u00ab\u00a0Merci pour vos efforts visant \u00e0 trouver un r\u00e8glement \u00e0 cette situation\u00a0\u00bb, lui a r\u00e9pondu Vladimir Poutine, louant par ailleurs les relations \u00ab\u00a0profondes historiquement\u00a0\u00bb et \u00ab\u00a0de tr\u00e8s grande confiance dans la coop\u00e9ration militaire et technique\u00a0\u00bb entre l\u2019Inde et la Russie.<\/p>\n<p>Friedrich Merz en Belgique\u00a0pour \u00ab\u00a0convaincre\u00a0\u00bb Bart De\u00a0Wever sur les avoirs russes gel\u00e9s<\/p>\n<p class=\"paragraph article-body-paragraph article__item article-body-paragraph--live  \">Le chancelier allemand <a href=\"https:\/\/www.lexpress.fr\/monde\/ils-se-jouent-de-nous-face-aux-pourparlers-russo-americains-la-grande-mefiance-des-europeens-E5VTBX3BP5HBBELEDXOC7XWIYU\/\" target=\"_self\" rel=\"noopener\" title=\"https:\/\/www.lexpress.fr\/monde\/ils-se-jouent-de-nous-face-aux-pourparlers-russo-americains-la-grande-mefiance-des-europeens-E5VTBX3BP5HBBELEDXOC7XWIYU\/\">Friedrich Merz<\/a> se rend ce vendredi en Belgique pour \u00ab\u00a0convaincre\u00a0\u00bb son homologue belge du bien-fond\u00e9 du plan de la Commission europ\u00e9enne de recourir aux <a href=\"https:\/\/www.lexpress.fr\/monde\/avoir-geles-russes-pourquoi-la-belgique-bloque-laide-europeenne-a-lukraine-U4FI7W744VACTHHISQPCVYPAAQ\/\" target=\"_self\" rel=\"noopener\" title=\"https:\/\/www.lexpress.fr\/monde\/avoir-geles-russes-pourquoi-la-belgique-bloque-laide-europeenne-a-lukraine-U4FI7W744VACTHHISQPCVYPAAQ\/\">avoirs russes gel\u00e9s en Europe<\/a>, a-t-il expliqu\u00e9 jeudi soir. \u00ab\u00a0Je veux discuter [\u2026] de la mani\u00e8re dont nous pouvons faire avancer ma proposition, que la Commission a maintenant traduite en textes juridiques\u00a0\u00bb, a-t-il soulign\u00e9 lors d\u2019une conf\u00e9rence de presse jeudi soir.<\/p>\n<p><strong class=\"article-body-link-list__item text-gray-800 article-body-link-list__item--one-item\">LIRE AUSSI : <a class=\"article-body-link-list__item-link\" href=\"https:\/\/www.lexpress.fr\/monde\/avoir-geles-russes-pourquoi-la-belgique-bloque-laide-europeenne-a-lukraine-U4FI7W744VACTHHISQPCVYPAAQ\/\" target=\"_blank\" rel=\"noopener\">Avoir gel\u00e9s russes : pourquoi la Belgique bloque l\u2019aide europ\u00e9enne \u00e0 l\u2019Ukraine<\/a><\/strong><\/p>\n<p class=\"paragraph article-body-paragraph article__item article-body-paragraph--live  \">Mercredi, l\u2019ex\u00e9cutif europ\u00e9en a pr\u00e9sent\u00e9 un plan pour financer l\u2019Ukraine\u00a0sur deux ans, mais l\u2019une des options retenues, un recours aux avoirs russes gel\u00e9s en Europe, se heurte toujours \u00e0 <a href=\"https:\/\/www.lexpress.fr\/monde\/europe\/guerre-en-ukraine-la-belgique-sous-pression-pour-autoriser-lutilisation-des-avoirs-russes-geles-D2Z57T4BCRHWPBEU5TBXE7YAPE\/\" target=\"_self\" rel=\"noopener\" title=\"https:\/\/www.lexpress.fr\/monde\/europe\/guerre-en-ukraine-la-belgique-sous-pression-pour-autoriser-lutilisation-des-avoirs-russes-geles-D2Z57T4BCRHWPBEU5TBXE7YAPE\/\">l\u2019hostilit\u00e9 de la Belgique<\/a>. Car c\u2019est dans ce pays qu\u2019est bas\u00e9e la soci\u00e9t\u00e9 Euroclear, qui d\u00e9tient quelque 210\u00a0milliards d\u2019euros de ces avoirs, sur 235\u00a0milliards en tout dans l\u2019UE.<\/p>\n<p class=\"paragraph article-body-paragraph article__item article-body-paragraph--live   article__text__endpicto\">\u00ab\u00a0Je ne veux pas le persuader\u00a0\u00bb, a dit Friedrich Merz \u00e0 propos de son homologue belge, mais \u00ab\u00a0le convaincre que la voie que nous proposons ici est la bonne\u00a0\u00bb pour \u00ab\u00a0aider l\u2019Ukraine\u00a0\u00bb. Selon la proposition de la Commission europ\u00e9enne, l\u2019Allemagne \u00ab\u00a0serait l\u2019un des \u00c9tats garants possibles pour une s\u00e9curisation correspondante de ces actifs\u00a0\u00bb, a-t-il rappel\u00e9.<\/p>\n","protected":false},"excerpt":{"rendered":"Alors que les discussions diplomatiques sur le conflit en Ukraine se poursuivent, Vladimir Poutine n\u2019a montr\u00e9 aucun signe&hellip;\n","protected":false},"author":2,"featured_media":579654,"comment_status":"","ping_status":"","sticky":false,"template":"","format":"standard","meta":{"footnotes":""},"categories":[1591],"tags":[11,674,1887,74,12,1885,1886,132],"class_list":{"0":"post-579653","1":"post","2":"type-post","3":"status-publish","4":"format-standard","5":"has-post-thumbnail","7":"category-russie","8":"tag-actualites","9":"tag-europe","10":"tag-federation-de-russie","11":"tag-monde","12":"tag-news","13":"tag-russia","14":"tag-russian-federation","15":"tag-russie"},"share_on_mastodon":{"url":"https:\/\/pubeurope.com\/@fr\/115666519601583285","error":""},"_links":{"self":[{"href":"https:\/\/www.europesays.com\/fr\/wp-json\/wp\/v2\/posts\/579653","targetHints":{"allow":["GET"]}}],"collection":[{"href":"https:\/\/www.europesays.com\/fr\/wp-json\/wp\/v2\/posts"}],"about":[{"href":"https:\/\/www.europesays.com\/fr\/wp-json\/wp\/v2\/types\/post"}],"author":[{"embeddable":true,"href":"https:\/\/www.europesays.com\/fr\/wp-json\/wp\/v2\/users\/2"}],"replies":[{"embeddable":true,"href":"https:\/\/www.europesays.com\/fr\/wp-json\/wp\/v2\/comments?post=579653"}],"version-history":[{"count":0,"href":"https:\/\/www.europesays.com\/fr\/wp-json\/wp\/v2\/posts\/579653\/revisions"}],"wp:featuredmedia":[{"embeddable":true,"href":"https:\/\/www.europesays.com\/fr\/wp-json\/wp\/v2\/media\/579654"}],"wp:attachment":[{"href":"https:\/\/www.europesays.com\/fr\/wp-json\/wp\/v2\/media?parent=579653"}],"wp:term":[{"taxonomy":"category","embeddable":true,"href":"https:\/\/www.europesays.com\/fr\/wp-json\/wp\/v2\/categories?post=579653"},{"taxonomy":"post_tag","embeddable":true,"href":"https:\/\/www.europesays.com\/fr\/wp-json\/wp\/v2\/tags?post=579653"}],"curies":[{"name":"wp","href":"https:\/\/api.w.org\/{rel}","templated":true}]}}