{"id":579661,"date":"2025-12-05T10:39:25","date_gmt":"2025-12-05T10:39:25","guid":{"rendered":"https:\/\/www.europesays.com\/fr\/579661\/"},"modified":"2025-12-05T10:39:25","modified_gmt":"2025-12-05T10:39:25","slug":"en-allemagne-la-station-de-ludwigshafen-entre-en-service","status":"publish","type":"post","link":"https:\/\/www.europesays.com\/fr\/579661\/","title":{"rendered":"En Allemagne, la station de Ludwigshafen entre en service"},"content":{"rendered":"<p>       <strong>En Allemagne, une nouvelle <a href=\"https:\/\/www.h2-mobile.fr\/stations-hydrogene\/\" target=\"_blank\" rel=\"noopener\">station hydrog\u00e8ne<\/a> a \u00e9t\u00e9 mise en service \u00e0 Ludwigshafen. Int\u00e9gr\u00e9e au r\u00e9seau H2.Mobility, elle dessert les <a href=\"https:\/\/www.h2-mobile.fr\/vehicules\/bus-hydrogene\/\" target=\"_blank\" rel=\"noopener\">bus \u00e0 hydrog\u00e8ne<\/a> de la r\u00e9gie de transport RNV et d&rsquo;autres v\u00e9hicules lourds du territoire.<\/strong><\/p>\n<p>Situ\u00e9e \u00e0 proximit\u00e9 du d\u00e9p\u00f4t de la Rhein-Neckar-Verkehr GmbH (RNV), la nouvelle station de Ludwigshafen permet le ravitaillement des bus \u00e0 hydrog\u00e8ne d\u00e9ploy\u00e9s dans le cadre du projet H2Rivers, une initiative laur\u00e9ate du programme national HyLand visant \u00e0 promouvoir la mobilit\u00e9 hydrog\u00e8ne dans la r\u00e9gion.<\/p>\n<p>D\u00e9livrant de l\u2019hydrog\u00e8ne en 350 et 700 bars, la station est aussi utilis\u00e9e par un v\u00e9hicule de collecte de d\u00e9chets \u00e0 pile \u00e0 combustible exploit\u00e9 par la ville de Ludwigshafen.&#13;<br \/>\n<\/p>\n<p> Un maillon suppl\u00e9mentaire dans le r\u00e9seau r\u00e9gional<br \/>\nCette station est la troisi\u00e8me du genre r\u00e9alis\u00e9e par H2 MOBILITY en coop\u00e9ration avec rnv, apr\u00e8s celles ouvertes \u00e0 Mannheim et \u00e0 Heidelberg. Les stations sont pens\u00e9es pour desservir non seulement les flottes publiques, mais aussi les entreprises implant\u00e9es \u00e0 proximit\u00e9.\t  <\/p>\n","protected":false},"excerpt":{"rendered":"En Allemagne, une nouvelle station hydrog\u00e8ne a \u00e9t\u00e9 mise en service \u00e0 Ludwigshafen. Int\u00e9gr\u00e9e au r\u00e9seau H2.Mobility, elle&hellip;\n","protected":false},"author":2,"featured_media":579662,"comment_status":"","ping_status":"","sticky":false,"template":"","format":"standard","meta":{"footnotes":""},"categories":[1587],"tags":[11,672,1804,1805,1803,1777,674,1801,12,1802],"class_list":{"0":"post-579661","1":"post","2":"type-post","3":"status-publish","4":"format-standard","5":"has-post-thumbnail","7":"category-allemagne","8":"tag-actualites","9":"tag-allemagne","10":"tag-bundesrepublik-deutschland","11":"tag-de","12":"tag-deutschland","13":"tag-eu","14":"tag-europe","15":"tag-germany","16":"tag-news","17":"tag-republique-federale-dallemagne"},"share_on_mastodon":{"url":"https:\/\/pubeurope.com\/@fr\/115666535372903894","error":""},"_links":{"self":[{"href":"https:\/\/www.europesays.com\/fr\/wp-json\/wp\/v2\/posts\/579661","targetHints":{"allow":["GET"]}}],"collection":[{"href":"https:\/\/www.europesays.com\/fr\/wp-json\/wp\/v2\/posts"}],"about":[{"href":"https:\/\/www.europesays.com\/fr\/wp-json\/wp\/v2\/types\/post"}],"author":[{"embeddable":true,"href":"https:\/\/www.europesays.com\/fr\/wp-json\/wp\/v2\/users\/2"}],"replies":[{"embeddable":true,"href":"https:\/\/www.europesays.com\/fr\/wp-json\/wp\/v2\/comments?post=579661"}],"version-history":[{"count":0,"href":"https:\/\/www.europesays.com\/fr\/wp-json\/wp\/v2\/posts\/579661\/revisions"}],"wp:featuredmedia":[{"embeddable":true,"href":"https:\/\/www.europesays.com\/fr\/wp-json\/wp\/v2\/media\/579662"}],"wp:attachment":[{"href":"https:\/\/www.europesays.com\/fr\/wp-json\/wp\/v2\/media?parent=579661"}],"wp:term":[{"taxonomy":"category","embeddable":true,"href":"https:\/\/www.europesays.com\/fr\/wp-json\/wp\/v2\/categories?post=579661"},{"taxonomy":"post_tag","embeddable":true,"href":"https:\/\/www.europesays.com\/fr\/wp-json\/wp\/v2\/tags?post=579661"}],"curies":[{"name":"wp","href":"https:\/\/api.w.org\/{rel}","templated":true}]}}