{"id":579665,"date":"2025-12-05T10:41:18","date_gmt":"2025-12-05T10:41:18","guid":{"rendered":"https:\/\/www.europesays.com\/fr\/579665\/"},"modified":"2025-12-05T10:41:18","modified_gmt":"2025-12-05T10:41:18","slug":"elle-na-jamais-eu-les-cheveux-aussi-longs","status":"publish","type":"post","link":"https:\/\/www.europesays.com\/fr\/579665\/","title":{"rendered":"elle n\u2019a jamais eu les cheveux aussi longs"},"content":{"rendered":"<p>                                    <img decoding=\"async\" src=\"https:\/\/www.europesays.com\/fr\/wp-content\/uploads\/2025\/12\/d7f6051efaf6a91aef1a27e3f229f93308c63fd436ff74645a8d3bf4c9bafdd6.jpg\" alt=\"GALA VID\u00c9O\u00a0: CQFC - Les tendances beaut\u00e9 Automne-Hiver 2025\/2026\" class=\"a11y-hidden\" fetchpriority=\"high\"\/><\/p>\n<p class=\"fig-standfirst\">\n    Ce mercredi 3 d\u00e9cembre, la princesse de Galles \u00e9tait de sortie \u00e0 l\u2019occasion d\u2019une visite du Salon vert au ch\u00e2teau de Windsor pour le dernier jour de la visite d\u2019\u00c9tat du pr\u00e9sident Frank-Walter Steinmeier. Un d\u00e9tail qui a directement retenu l\u2019attention\u00a0? Ses longueurs XXL.<\/p>\n<p class=\"fig-paragraph\">Ce mercredi 3 d\u00e9cembre marquait la fin de la visite d\u2019\u00c9tat du pr\u00e9sident f\u00e9d\u00e9ral de l\u2019Allemagne Frank-Walter Steinmeier et de sa femme Elke B\u00fcdenbender au Royaume-Uni. Quelques heures avant le d\u00eener de faste organis\u00e9 en leur honneur au ch\u00e2teau de Windsor, le couple pr\u00e9sidentiel a pu profiter d\u2019une visite exclusive de la \u00ab\u00a0Collection Royale\u00a0\u00bb au sein du c\u00e9l\u00e8bre Salon Vert. Une d\u00e9couverte qui s\u2019est d\u00e9roul\u00e9e en compagnie du roi Charles III d\u2019Angleterre, de la reine consort Camilla Parker Bowles, du prince William et de\u00a0<a href=\"http:\/\/www.gala.fr\/royautes\/kate-middleton-et-william-avec-un-celebre-top-model-a-windsor-cette-invitee-surprise-au-diner-d-etat-avec-le-president-allemand-20251204\" data-fig-type=\"Article\" data-gtm-custom-categorie=\"navigation\" data-gtm-custom-action=\"crossclick\" data-gtm-custom-label=\"Contextuel\" data-gtm-event=\"customEventSPE\" data-fig-domain=\"GALA\" target=\"_blank\" rel=\"noopener\">Kate Middleton<\/a>. Divine, la princesse de Galles n\u2019a pas manqu\u00e9 de retenir l\u2019attention, notamment gr\u00e2ce \u00e0 ses longueurs soyeuses XXL.<\/p>\n<p class=\"fig-paragraph\">Si elle se r\u00e9v\u00e8le d\u00e9sormais souvent par\u00e9e d\u2019un brushing travaill\u00e9 sur le c\u00f4t\u00e9, sublimant ses m\u00e8ches ch\u00e2tain d\u2019un chic r\u00e9tro, la princesse de Galles n\u2019a jamais eu les cheveux aussi longs. La preuve\u00a0: lors de cette visite priv\u00e9e, elle a fait le pari de longueurs impeccablement liss\u00e9es, tombant quasiment jusqu\u2019\u00e0 la taille. Un style glamour qui s\u00e9duit de nombreuses c\u00e9l\u00e9brit\u00e9s ces derniers mois, Demi Moore et Jennifer Lopez en t\u00eate. En 2025 plus que jamais, \u00ab on s\u2019\u00e9loigne de l\u2019id\u00e9e re\u00e7ue selon laquelle les femmes d\u2019un certain \u00e2ge doivent avoir les cheveux courts\u00a0\u00bb, confirme Dom Seeley, directeur artistique international\u00a0<a href=\"https:\/\/cna.st\/affiliate-link\/s7txNnToSWBypowwDukpRrdLkAT21GgKp1NbJDZL6pQpJFHSjesgw2SY2UaHXEXjJ6aR8ekc8sMSDudsU1m8eUF4VRvY9a7wuhKxTxZ18GeurW98bSFTwHNrne8PxVAZqVuo4CKvFGi8fMYqyw2jZH1VdpQCyMkB411H3WvnHKjpMfJvUd9jNJSUCtuJiB1ENT3ppf3gKMoo1jf7ozZbfnAa8ajXxGSQ1YFDLcnVz5PaBs9nyjQzyvJ7ZA7DcoXMfyet1pwrY2VMAL6vzpUDxYfoaz61fSgizH9GoyeBWubiauZBnEHP9w5?xid=fr1763041148378jej\" target=\"_blank\" rel=\"sponsored noopener\" data-gtm-custom-categorie=\"navigation\" data-gtm-custom-action=\"crossclick\" data-gtm-custom-label=\"Contextuel\" data-gtm-event=\"customEventSPE\">de la marque Color Wow\u00a0<\/a>du\u00a0<a href=\"https:\/\/www.vogue.com\/article\/best-long-hairstyles-for-women-over-50\" target=\"_blank\" rel=\"sponsored noopener\" data-gtm-custom-categorie=\"navigation\" data-gtm-custom-action=\"crossclick\" data-gtm-custom-label=\"Contextuel\" data-gtm-event=\"customEventSPE\">magazine Vogue US<\/a> . Il poursuit\u00a0: \u00ab L\u2019important, c\u2019est d\u2019\u00eatre bien dans sa peau et de refl\u00e9ter sa personnalit\u00e9.\u00a0\u00bb<\/p>\n<p>    Kate Middleton lors de la visite d\u2019\u00c9tat du pr\u00e9sident f\u00e9d\u00e9ral de l\u2019Allemagne Frank-Walter Steinmeier et de sa femme Elke B\u00fcdenbender au Royaume-Uni, le 3 d\u00e9cembre.<br \/>\n                PA Photo\/ Bestimage<\/p>\n<p>                                                                <a href=\"https:\/\/photo.gala.fr\/royautes\/kate-middleton-william-charles-iii-et-camilla-recoivent-le-president-allemand-avec-les-honneurs-20251204\" target=\"_blank\" rel=\"noopener\"><\/p>\n<p class=\"fig-slideshow__title\">\n                    Kate Middleton, William, Charles III et Camilla re\u00e7oivent le pr\u00e9sident allemand avec les honneurs\n                <\/p>\n<p>    <\/a><br \/>\n                                                                <a class=\"fig-a11y-skip\" href=\"#fig-a11y-skip-main-inarticle\" data-module=\"a11y-skip\" data-context=\"was @visible\"><br \/>\n    Passer la publicit\u00e9<br \/>\n<\/a>            <\/p>\n<p>                                                                Kate Middleton opte pour une nouvelle coiffure signature<\/p>\n<p class=\"fig-paragraph\">Si la coiffure enti\u00e8rement liss\u00e9e fait toujours partie de ses styles capillaires favoris, Kate Middleton se r\u00e9v\u00e8le d\u00e9sormais r\u00e9guli\u00e8rement avec une coiffure bien pr\u00e9cise\u00a0: le \u00ab Side Hair Blowout\u00a0\u00bb. Un look largement inspir\u00e9 des ann\u00e9es 1950 qui consiste \u00e0 discipliner son brushing sur un c\u00f4t\u00e9 de la t\u00eate en le disposant sur une \u00e9paule. La coiffure id\u00e9ale pour d\u00e9gager le port de t\u00eate avec gr\u00e2ce sans sacrifier le volume de sa chevelure.<\/p>\n<p class=\"fig-paragraph\">Et si cette nouvelle signature beaut\u00e9 lui conf\u00e8re chic et assurance lors de ses sorties publiques, elle est ancr\u00e9e dans un regain d\u2019int\u00e9r\u00eat pour le style Old Hollywood dans la sph\u00e8re beaut\u00e9. \u00ab Que le rejet de la raie sur le c\u00f4t\u00e9 ait \u00e9t\u00e9 exag\u00e9r\u00e9 ou non, son retour en force est ind\u00e9niable ces derniers mois\u00a0\u00bb, confie le coiffeur de c\u00e9l\u00e9brit\u00e9s\u00a0<a href=\"https:\/\/www.instagram.com\/p\/C6k1nt7u4Dz\/\" target=\"_blank\" rel=\"sponsored noopener\" data-gtm-custom-categorie=\"navigation\" data-gtm-custom-action=\"crossclick\" data-gtm-custom-label=\"Contextuel\" data-gtm-event=\"customEventSPE\">Dimitris Giannetos \u00e0\u00a0<\/a><a href=\"https:\/\/www.instyle.com\/millennial-side-part-is-back-8652731\" target=\"_blank\" rel=\"sponsored noopener\" data-gtm-custom-categorie=\"navigation\" data-gtm-custom-action=\"crossclick\" data-gtm-custom-label=\"Contextuel\" data-gtm-event=\"customEventSPE\">InStyle<\/a> .<\/p>\n<p>                                        <script async src=\"\/\/www.instagram.com\/embed.js\"><\/script><\/p>\n","protected":false},"excerpt":{"rendered":"Ce mercredi 3 d\u00e9cembre, la princesse de Galles \u00e9tait de sortie \u00e0 l\u2019occasion d\u2019une visite du Salon vert&hellip;\n","protected":false},"author":2,"featured_media":579666,"comment_status":"","ping_status":"","sticky":false,"template":"","format":"standard","meta":{"footnotes":""},"categories":[1586],"tags":[11,38875,69362,6729,1777,674,1779,1011,27,5858,12,25,1778,364],"class_list":{"0":"post-579665","1":"post","2":"type-post","3":"status-publish","4":"format-standard","5":"has-post-thumbnail","7":"category-europe","8":"tag-actualites","9":"tag-chateau-de-windsor","10":"tag-cheveux-longs","11":"tag-coiffure","12":"tag-eu","13":"tag-europe","14":"tag-european-union","15":"tag-fr","16":"tag-france","17":"tag-kate-middleton","18":"tag-news","19":"tag-republique-francaise","20":"tag-ue","21":"tag-union-europeenne"},"share_on_mastodon":{"url":"https:\/\/pubeurope.com\/@fr\/115666544068944476","error":""},"_links":{"self":[{"href":"https:\/\/www.europesays.com\/fr\/wp-json\/wp\/v2\/posts\/579665","targetHints":{"allow":["GET"]}}],"collection":[{"href":"https:\/\/www.europesays.com\/fr\/wp-json\/wp\/v2\/posts"}],"about":[{"href":"https:\/\/www.europesays.com\/fr\/wp-json\/wp\/v2\/types\/post"}],"author":[{"embeddable":true,"href":"https:\/\/www.europesays.com\/fr\/wp-json\/wp\/v2\/users\/2"}],"replies":[{"embeddable":true,"href":"https:\/\/www.europesays.com\/fr\/wp-json\/wp\/v2\/comments?post=579665"}],"version-history":[{"count":0,"href":"https:\/\/www.europesays.com\/fr\/wp-json\/wp\/v2\/posts\/579665\/revisions"}],"wp:featuredmedia":[{"embeddable":true,"href":"https:\/\/www.europesays.com\/fr\/wp-json\/wp\/v2\/media\/579666"}],"wp:attachment":[{"href":"https:\/\/www.europesays.com\/fr\/wp-json\/wp\/v2\/media?parent=579665"}],"wp:term":[{"taxonomy":"category","embeddable":true,"href":"https:\/\/www.europesays.com\/fr\/wp-json\/wp\/v2\/categories?post=579665"},{"taxonomy":"post_tag","embeddable":true,"href":"https:\/\/www.europesays.com\/fr\/wp-json\/wp\/v2\/tags?post=579665"}],"curies":[{"name":"wp","href":"https:\/\/api.w.org\/{rel}","templated":true}]}}