{"id":579680,"date":"2025-12-05T10:53:12","date_gmt":"2025-12-05T10:53:12","guid":{"rendered":"https:\/\/www.europesays.com\/fr\/579680\/"},"modified":"2025-12-05T10:53:12","modified_gmt":"2025-12-05T10:53:12","slug":"ce-qui-preoccupe-et-stresse-vraiment-de-zerbi","status":"publish","type":"post","link":"https:\/\/www.europesays.com\/fr\/579680\/","title":{"rendered":"Ce qui pr\u00e9occupe et stresse vraiment De Zerbi !"},"content":{"rendered":"<p data-start=\"226\" data-end=\"572\">\u00c0 l\u2019approche du d\u00e9placement \u00e0 Auxerre samedi (21h05) pour la 11e journ\u00e9e de Ligue 1, l\u2019Olympique de Marseille doit faire face \u00e0 une cascade de blessures qui bouleverse la pr\u00e9paration de Roberto De Zerbi. L\u2019entra\u00eeneur phoc\u00e9en, d\u00e9j\u00e0 confront\u00e9 \u00e0 une s\u00e9rie de trois matches en sept jours, n\u2019a pas masqu\u00e9 son inqui\u00e9tude quant \u00e0 l\u2019\u00e9tat de son effectif.<\/p>\n<p data-start=\"574\" data-end=\"953\">\u00ab <strong data-start=\"576\" data-end=\"775\">C\u2019est vraiment le point noir de cette p\u00e9riode, la chose qui me pr\u00e9occupe, me stresse, me rend nerveux. C\u2019est une chose d\u2019avoir deux ou trois blessures, c\u2019en est une autre d\u2019en avoir sept ou huit.<\/strong> \u00bb a-t-il d\u00e9clar\u00e9 vendredi midi. La r\u00e9alit\u00e9 lui a donn\u00e9 raison quelques heures plus tard : <strong data-start=\"866\" data-end=\"882\">huit joueurs<\/strong> ont manqu\u00e9 la s\u00e9ance de veille de match, Emerson \u00e9tant rest\u00e9 en salle.<\/p>\n<p data-start=\"955\" data-end=\"1470\">Les retours de <strong data-start=\"970\" data-end=\"990\">Leonardo Balerdi<\/strong> (mollet gauche) et <strong data-start=\"1010\" data-end=\"1026\">Timothy Weah<\/strong> (cuisse gauche) ne sont pas envisag\u00e9s avant lundi. <strong data-start=\"1078\" data-end=\"1093\">Bilal Nadir<\/strong>, victime d\u2019un malaise mercredi, est au repos forc\u00e9. Quant \u00e0 <strong data-start=\"1154\" data-end=\"1177\">Hamed Junior Traor\u00e9<\/strong>, il a rechut\u00e9, un incident qui a conduit \u00e0 un r\u00e9ajustement interne : un kin\u00e9sith\u00e9rapeute a \u00e9t\u00e9 r\u00e9trograd\u00e9 dans le groupe Pro 2.<br data-start=\"1305\" data-end=\"1308\"\/>De Zerbi d\u00e9taille : \u00ab <strong data-start=\"1330\" data-end=\"1468\">Les choses n\u2019\u00e9voluent pas bien avec Traor\u00e9, c\u2019est encore trop t\u00f4t. Pour Nadir, il \u00e9tait juste d\u00e9shydrat\u00e9 et a eu une chute de tension.<\/strong> \u00bb<\/p>\n<p data-start=\"955\" data-end=\"1470\"><strong>Pour Parier sur le match LOSC \u2013 OM rendez vous chez notre partenaire <a href=\"https:\/\/media.unibet.fr\/redirect.aspx?pid=195856&amp;bid=4499\" target=\"_blank\" rel=\"noopener\">UNIBET<\/a> :<br \/><a href=\"https:\/\/media.unibet.fr\/redirect.aspx?pid=195856&amp;bid=4499\" target=\"_blank\" rel=\"noopener\">B\u00e9n\u00e9ficiez de 10\u20ac de Bonus bets<\/a><\/strong> (sans CB) avec le code \u201c<strong>FCM 10\u2033<\/strong> en plus du bonus de 100 euros rembours\u00e9s sur le 1er pari rendez-vous sur <a href=\"https:\/\/media.unibet.fr\/redirect.aspx?pid=195856&amp;bid=4499\" target=\"_blank\" rel=\"noopener\"><strong>UNIBET.fr<\/strong><\/a><br \/>*Cr\u00e9dits de jeu non retirables vers\u00e9s \u00e0 la validation du compte : justificatif d\u2019identit\u00e9 et adresse postale valid\u00e9s. Voir conditions sur Unibet.fr.<\/p>\n<p data-start=\"955\" data-end=\"1470\">\n<p data-start=\"955\" data-end=\"1470\">A lire aussi :\u00a0<a href=\"https:\/\/www.footballclubdemarseille.fr\/om-actualites\/losc-om-a-quelle-heure-sur-quelle-chaine-tv.html\" target=\"_blank\" rel=\"noopener\">LOSC \u2013 OM : A quelle heure ? Sur quelle chaine TV ?<\/a><\/p>\n<p data-start=\"1539\" data-end=\"1815\">D\u00e9j\u00e0 \u00e9prouv\u00e9 lors du nul contre Angers (2-2), l\u2019effectif marseillais aborde cette nouvelle semaine dans un \u00e9tat physique pr\u00e9occupant. Avec trois rendez-vous en sept jours (Auxerre, Atalanta, Brest), De Zerbi appelle ses joueurs \u00e0 un sursaut mental pour compenser les absences.<\/p>\n<p data-start=\"1817\" data-end=\"1976\">\u00ab <strong data-start=\"1819\" data-end=\"1911\">Il faut se souder encore plus, puiser l\u2019\u00e9nergie non pas dans le corps mais dans la t\u00eate.<\/strong> \u00bb insiste l\u2019entra\u00eeneur, conscient de la fragilit\u00e9 de son groupe.<\/p>\n<p data-start=\"1978\" data-end=\"2291\">Le technicien lombard esp\u00e8re que cette p\u00e9riode difficile pourra \u00eatre rapidement suivie d\u2019une dynamique positive :<br data-start=\"2091\" data-end=\"2094\"\/>\u00ab <strong data-start=\"2096\" data-end=\"2289\">Apr\u00e8s, il y aura peut-\u00eatre une s\u00e9rie de cinq, six, sept nouvelles victoires, mais, en ce moment, il faut qu\u2019on soit encore plus concentr\u00e9s, plus d\u00e9termin\u00e9s, plus m\u00e9chants, dans le bon sens.<\/strong> \u00bb<\/p>\n<p data-start=\"2293\" data-end=\"2436\">La question reste d\u00e9sormais de savoir si l\u2019OM parviendra \u00e0 tenir le choc avec un effectif r\u00e9duit et fatigu\u00e9, avant un mois de novembre d\u00e9cisif.<\/p>\n<p data-start=\"2293\" data-end=\"2436\">A lire aussi :\u00a0<a href=\"https:\/\/www.footballclubdemarseille.fr\/om-actualites\/le-message-fort-de-de-zerbi-murillo-de-retour-gros-doute-pour-hojbjerg-et-les-gros-objectifs-du-coach-les-3-infos-om-du-4-decembre-2025.html\" target=\"_blank\" rel=\"noopener\">Le message fort de De Zerbi ! Murillo de retour, gros doute pour Hojbjerg et les gros objectifs du coach\u2026 les 3 infos OM du 4 d\u00e9cembre 2025<\/a><\/p>\n","protected":false},"excerpt":{"rendered":"\u00c0 l\u2019approche du d\u00e9placement \u00e0 Auxerre samedi (21h05) pour la 11e journ\u00e9e de Ligue 1, l\u2019Olympique de Marseille&hellip;\n","protected":false},"author":2,"featured_media":579681,"comment_status":"","ping_status":"","sticky":false,"template":"","format":"standard","meta":{"footnotes":""},"categories":[1410],"tags":[63,1011,27,60],"class_list":{"0":"post-579680","1":"post","2":"type-post","3":"status-publish","4":"format-standard","5":"has-post-thumbnail","7":"category-football","8":"tag-football","9":"tag-fr","10":"tag-france","11":"tag-sports"},"share_on_mastodon":{"url":"https:\/\/pubeurope.com\/@fr\/115666590551118200","error":""},"_links":{"self":[{"href":"https:\/\/www.europesays.com\/fr\/wp-json\/wp\/v2\/posts\/579680","targetHints":{"allow":["GET"]}}],"collection":[{"href":"https:\/\/www.europesays.com\/fr\/wp-json\/wp\/v2\/posts"}],"about":[{"href":"https:\/\/www.europesays.com\/fr\/wp-json\/wp\/v2\/types\/post"}],"author":[{"embeddable":true,"href":"https:\/\/www.europesays.com\/fr\/wp-json\/wp\/v2\/users\/2"}],"replies":[{"embeddable":true,"href":"https:\/\/www.europesays.com\/fr\/wp-json\/wp\/v2\/comments?post=579680"}],"version-history":[{"count":0,"href":"https:\/\/www.europesays.com\/fr\/wp-json\/wp\/v2\/posts\/579680\/revisions"}],"wp:featuredmedia":[{"embeddable":true,"href":"https:\/\/www.europesays.com\/fr\/wp-json\/wp\/v2\/media\/579681"}],"wp:attachment":[{"href":"https:\/\/www.europesays.com\/fr\/wp-json\/wp\/v2\/media?parent=579680"}],"wp:term":[{"taxonomy":"category","embeddable":true,"href":"https:\/\/www.europesays.com\/fr\/wp-json\/wp\/v2\/categories?post=579680"},{"taxonomy":"post_tag","embeddable":true,"href":"https:\/\/www.europesays.com\/fr\/wp-json\/wp\/v2\/tags?post=579680"}],"curies":[{"name":"wp","href":"https:\/\/api.w.org\/{rel}","templated":true}]}}