{"id":579689,"date":"2025-12-05T10:59:38","date_gmt":"2025-12-05T10:59:38","guid":{"rendered":"https:\/\/www.europesays.com\/fr\/579689\/"},"modified":"2025-12-05T10:59:38","modified_gmt":"2025-12-05T10:59:38","slug":"take-cover-cest-quoi-ce-film-daction-jamais-sorti-au-cinema-diffuse-ce-soir-a-la-television","status":"publish","type":"post","link":"https:\/\/www.europesays.com\/fr\/579689\/","title":{"rendered":"Take Cover : C\u2019est quoi ce film d&rsquo;action jamais sorti au cin\u00e9ma diffus\u00e9 ce soir \u00e0 la t\u00e9l\u00e9vision ?"},"content":{"rendered":"<p>Ce jeudi 4 d\u00e9cembre 2025, les amateurs d&rsquo;action ont rendez-vous sur Canal+ avec la diffusion de Take Cover. Un film in\u00e9dit en salles, port\u00e9 par Scott Adkins et Alice Eve.<\/p>\n<p>Le petit \u00e9cran r\u00e9serve parfois des surprises, m\u00eame aux amateurs de septi\u00e8me art ! Il arrive en effet r\u00e9guli\u00e8rement que des films jamais sortis en salles, du moins en France, d\u00e9barquent \u00e0 la t\u00e9l\u00e9vision. Avec parfois un casting de stars,<a href=\"https:\/\/www.programme-tv.net\/news\/cinema\/390534-ce-film-avec-john-travolta-jamais-sorti-au-cinema-est-diffuse-ce-soir-a-la-tele\/\" data-api-deeplink=\"teleloisirs:\/\/news\/390534\" target=\"_blank\" rel=\"noopener\"> comme le mouvement\u00e9 Cash Out avec John Travolta<\/a>, diffus\u00e9 fin octobre 2025 sur Canal+, <a href=\"https:\/\/www.programme-tv.net\/news\/cinema\/392484-jamais-sorti-au-cinema-ce-film-nous-a-decu-malgre-une-julia-roberts-exceptionnelle\/\" data-api-deeplink=\"teleloisirs:\/\/news\/392484\" target=\"_blank\" rel=\"noopener\">ou After The Hunt incarn\u00e9 notamment par Julia Roberts<\/a>. Parfois, c&rsquo;est derri\u00e8re la cam\u00e9ra que se situe le prestige, comme Adagio propos\u00e9 en mai 2024 sur Netflix un an apr\u00e8s sa sortie dans les salles italiennes, <a href=\"https:\/\/www.programme-tv.net\/news\/cinema\/352874-adagio-par-le-realisateur-de-gomorra-ce-film-inedit-au-cinema-debarque-sur-netflix\/\" data-api-deeplink=\"teleloisirs:\/\/news\/352874\" target=\"_blank\" rel=\"noopener\">sign\u00e9 de Stefano Sollima, le r\u00e9alisateur de la s\u00e9rie Gomorra<\/a>. Ce jeudi 4 d\u00e9cembre 2025, c&rsquo;est \u00e0 nouveau Canal+ qui donne dans de l&rsquo;in\u00e9dit, avec la diffusion \u00e0 21h10 de la production muscl\u00e9e Take Cover.<\/p>\n<p>Take Cover est sorti en salles en octobre 2024 aux Etats-Unis, mais jamais en France. Ce thriller haletant suit un tueur professionnel en burn out qui se retrouve pi\u00e9g\u00e9 par un assassin concurrent dans un appartement tout en verre, et va devoir tout faire pour survivre \u00e0 cette situation des plus complexe. En huis clos dans un appartement de luxe, ce suspense est r\u00e9solument claustrophobique et prenant. Sans renouveler le genre et malgr\u00e9 un sc\u00e9nario souvent attendu, il offre un cocktail d\u2019action explosif, qui ravira les amateurs de castagne \u00e0 l\u2019\u00e9cran. Le duo antagoniste de Take Cover est incarn\u00e9 par Scott Adkins dans le r\u00f4le de Sam Lord, le tueur qui tente de s&rsquo;en sortir, et Alice Eve dans celui de sa boss, Tamara. Tous deux s&rsquo;illustrent dans un registre des plus tendus.<\/p>\n<p>                        Qui sont les acteurs de Take Cover diffus\u00e9 sur Canal + ?<\/p>\n<p>Scott Adkins a tenu un petit r\u00f4le dans Zero Dark Thirty, <a href=\"https:\/\/www.programme-tv.net\/news\/cinema\/261976-zero-dark-thirty-arte-la-reconstitution-de-la-traque-de-ben-laden-est-elle-fidele-a-la-verite-historique\/\" data-api-deeplink=\"teleloisirs:\/\/news\/261976\" target=\"_blank\" rel=\"noopener\">qui revenait sur la traque de Ben Laden<\/a>, avant de faire partie de <a href=\"https:\/\/www.programme-tv.net\/news\/cinema\/324439-quiz-john-wick-vous-ne-reussirez-jamais-ce-test-mais-pouvez-tenter\/\" data-api-deeplink=\"teleloisirs:\/\/news\/324439\" target=\"_blank\" rel=\"noopener\">la saga John Wick<\/a> en apparaissant dans John Wick 3. Com\u00e9dienne britannique, <a href=\"https:\/\/www.programme-tv.net\/biographie\/64788-eve-alice\/\" data-link-people=\"49cb160e-ceef-432a-8770-26f111000b83\" target=\"_blank\" rel=\"noopener\">Alice Eve<\/a>, pour sa part, a fait partie des castings de Sex and the City 2, Men In Black 3, Star Trek Into Darkness ou encore le temps d&rsquo;un \u00e9pisode de la troisi\u00e8me saison <a href=\"https:\/\/www.programme-tv.net\/news\/cinema\/324439-quiz-john-wick-vous-ne-reussirez-jamais-ce-test-mais-pouvez-tenter\/\" data-api-deeplink=\"teleloisirs:\/\/news\/324439\" target=\"_blank\" rel=\"noopener\">de la s\u00e9rie Black Mirror<\/a>. C&rsquo;est parti pour une soir\u00e9e pleine de tension et de suspense.<\/p>\n","protected":false},"excerpt":{"rendered":"Ce jeudi 4 d\u00e9cembre 2025, les amateurs d&rsquo;action ont rendez-vous sur Canal+ avec la diffusion de Take Cover.&hellip;\n","protected":false},"author":2,"featured_media":579690,"comment_status":"","ping_status":"","sticky":false,"template":"","format":"standard","meta":{"footnotes":""},"categories":[1354],"tags":[2083,1419,244,58,59,1346,1011,27,1360,129,69371,69370],"class_list":{"0":"post-579689","1":"post","2":"type-post","3":"status-publish","4":"format-standard","5":"has-post-thumbnail","7":"category-films","8":"tag-bandes-annonces","9":"tag-canal-plus","10":"tag-commentaire","11":"tag-divertissement","12":"tag-entertainment","13":"tag-films","14":"tag-fr","15":"tag-france","16":"tag-movies","17":"tag-svod","18":"tag-take-cover","19":"tag-take-cover-1101379570"},"share_on_mastodon":{"url":"https:\/\/pubeurope.com\/@fr\/115666614101004483","error":""},"_links":{"self":[{"href":"https:\/\/www.europesays.com\/fr\/wp-json\/wp\/v2\/posts\/579689","targetHints":{"allow":["GET"]}}],"collection":[{"href":"https:\/\/www.europesays.com\/fr\/wp-json\/wp\/v2\/posts"}],"about":[{"href":"https:\/\/www.europesays.com\/fr\/wp-json\/wp\/v2\/types\/post"}],"author":[{"embeddable":true,"href":"https:\/\/www.europesays.com\/fr\/wp-json\/wp\/v2\/users\/2"}],"replies":[{"embeddable":true,"href":"https:\/\/www.europesays.com\/fr\/wp-json\/wp\/v2\/comments?post=579689"}],"version-history":[{"count":0,"href":"https:\/\/www.europesays.com\/fr\/wp-json\/wp\/v2\/posts\/579689\/revisions"}],"wp:featuredmedia":[{"embeddable":true,"href":"https:\/\/www.europesays.com\/fr\/wp-json\/wp\/v2\/media\/579690"}],"wp:attachment":[{"href":"https:\/\/www.europesays.com\/fr\/wp-json\/wp\/v2\/media?parent=579689"}],"wp:term":[{"taxonomy":"category","embeddable":true,"href":"https:\/\/www.europesays.com\/fr\/wp-json\/wp\/v2\/categories?post=579689"},{"taxonomy":"post_tag","embeddable":true,"href":"https:\/\/www.europesays.com\/fr\/wp-json\/wp\/v2\/tags?post=579689"}],"curies":[{"name":"wp","href":"https:\/\/api.w.org\/{rel}","templated":true}]}}