{"id":579699,"date":"2025-12-05T11:05:15","date_gmt":"2025-12-05T11:05:15","guid":{"rendered":"https:\/\/www.europesays.com\/fr\/579699\/"},"modified":"2025-12-05T11:05:15","modified_gmt":"2025-12-05T11:05:15","slug":"internet-paralyse-ce-matin-cloudflare-retombe-en-panne-et-entraine-des-millions-de-sites-avec-lui","status":"publish","type":"post","link":"https:\/\/www.europesays.com\/fr\/579699\/","title":{"rendered":"Internet paralys\u00e9 ce matin : Cloudflare retombe en panne et entra\u00eene des millions de sites avec lui"},"content":{"rendered":"<p class=\"ed__a-p ed__bdy__l\">D\u00e9cid\u00e9ment, Cloudflare accumule les d\u00e9faillances. Ce 5 d\u00e9cembre, aux alentours de 10 heures, l&rsquo;entreprise californienne a connu <a href=\"https:\/\/www.lesnumeriques.com\/societe-numerique\/vent-de-panique-sur-internet-cloudflare-victime-d-une-panne-de-grande-ampleur-n245780.html\" title=\"Vent de panique sur Internet : Cloudflare victime d&#039;une panne de grande ampleur\" target=\"_blank\" rel=\"noopener\">sa troisi\u00e8me panne majeure depuis le d\u00e9but de l&rsquo;ann\u00e9e<\/a> qui semble persister.<\/p>\n<p>            Publicit\u00e9, votre contenu continue ci-dessous<\/p>\n<p>            Publicit\u00e9<\/p>\n<p class=\"ed__a-p ed__bdy__l\">Des plateformes aussi diverses que LinkedIn, Perplexity, DeepL, Claude ou encore Doctolib se sont retrouv\u00e9es hors service, affichant des messages d&rsquo;erreur 500. L&rsquo;ironie atteint son comble lorsqu&rsquo;on d\u00e9couvre que Downdetector, le site cens\u00e9 recenser les pannes, s&rsquo;est lui-m\u00eame effondr\u00e9 un instant, victime de son propre h\u00e9bergeur.<\/p>\n<p>Une maintenance qui d\u00e9rape, encore<\/p>\n<p class=\"ed__a-p ed__bdy__l\">L&rsquo;incident semble directement li\u00e9 \u00e0 une op\u00e9ration de maintenance planifi\u00e9e qui aurait mal tourn\u00e9. Sur sa page de statut, Cloudflare confirme mener une enqu\u00eate sur des dysfonctionnements touchant son tableau de bord et ses API. \u201cCloudflare enqu\u00eate actuellement sur des probl\u00e8mes li\u00e9s au tableau de bord Cloudflare et aux API associ\u00e9es. Les clients utilisant le tableau de bord \/ les API Cloudflare sont concern\u00e9s, car les requ\u00eates peuvent \u00e9chouer et\/ou des erreurs peuvent s&rsquo;afficher\u201d, indique sobrement l&rsquo;entreprise.<\/p>\n<p class=\"ed__a-p ed__bdy__l\">Le sc\u00e9nario rappelle furieusement <a href=\"https:\/\/www.lesnumeriques.com\/informatique\/cloudflare-pourquoi-une-panne-a-t-elle-provoque-le-chaos-sur-le-web-n245825.html\" title=\"Cloudflare : pourquoi une panne a-t-elle provoqu\u00e9 le chaos sur le web ?\" target=\"_blank\" rel=\"noopener\">la panne du 18 novembre dernier, elle-m\u00eame provoqu\u00e9e par une erreur de configuration interne<\/a>. \u00c0 l&rsquo;\u00e9poque, un fichier de gestion des bots avait doubl\u00e9 de volume de mani\u00e8re inattendue, provoquant l&rsquo;effondrement en cascade des syst\u00e8mes. Matthew Prince, cofondateur et PDG de Cloudflare, avait d\u00fb pr\u00e9senter ses excuses.<\/p>\n<p class=\"ed__a-p ed__bdy__l\">Cette nouvelle d\u00e9faillance pose encore cette question embarrassante : les correctifs appliqu\u00e9s apr\u00e8s novembre ont-ils vraiment \u00e9t\u00e9 \u00e0 la hauteur ? Pour un prestataire qui g\u00e8re entre 15 et 20 % du trafic web mondial, la r\u00e9p\u00e9tition d&rsquo;incidents similaires en l&rsquo;espace de quelques semaines r\u00e9v\u00e8le une fragilit\u00e9 bien pr\u00e9occupante.<\/p>\n","protected":false},"excerpt":{"rendered":"D\u00e9cid\u00e9ment, Cloudflare accumule les d\u00e9faillances. Ce 5 d\u00e9cembre, aux alentours de 10 heures, l&rsquo;entreprise californienne a connu sa&hellip;\n","protected":false},"author":2,"featured_media":579700,"comment_status":"","ping_status":"","sticky":false,"template":"","format":"standard","meta":{"footnotes":""},"categories":[6],"tags":[35,33,34,1011,27],"class_list":{"0":"post-579699","1":"post","2":"type-post","3":"status-publish","4":"format-standard","5":"has-post-thumbnail","7":"category-economie","8":"tag-business","9":"tag-economie","10":"tag-economy","11":"tag-fr","12":"tag-france"},"share_on_mastodon":{"url":"https:\/\/pubeurope.com\/@fr\/115666637636006770","error":""},"_links":{"self":[{"href":"https:\/\/www.europesays.com\/fr\/wp-json\/wp\/v2\/posts\/579699","targetHints":{"allow":["GET"]}}],"collection":[{"href":"https:\/\/www.europesays.com\/fr\/wp-json\/wp\/v2\/posts"}],"about":[{"href":"https:\/\/www.europesays.com\/fr\/wp-json\/wp\/v2\/types\/post"}],"author":[{"embeddable":true,"href":"https:\/\/www.europesays.com\/fr\/wp-json\/wp\/v2\/users\/2"}],"replies":[{"embeddable":true,"href":"https:\/\/www.europesays.com\/fr\/wp-json\/wp\/v2\/comments?post=579699"}],"version-history":[{"count":0,"href":"https:\/\/www.europesays.com\/fr\/wp-json\/wp\/v2\/posts\/579699\/revisions"}],"wp:featuredmedia":[{"embeddable":true,"href":"https:\/\/www.europesays.com\/fr\/wp-json\/wp\/v2\/media\/579700"}],"wp:attachment":[{"href":"https:\/\/www.europesays.com\/fr\/wp-json\/wp\/v2\/media?parent=579699"}],"wp:term":[{"taxonomy":"category","embeddable":true,"href":"https:\/\/www.europesays.com\/fr\/wp-json\/wp\/v2\/categories?post=579699"},{"taxonomy":"post_tag","embeddable":true,"href":"https:\/\/www.europesays.com\/fr\/wp-json\/wp\/v2\/tags?post=579699"}],"curies":[{"name":"wp","href":"https:\/\/api.w.org\/{rel}","templated":true}]}}