{"id":57970,"date":"2025-04-28T00:00:15","date_gmt":"2025-04-28T00:00:15","guid":{"rendered":"https:\/\/www.europesays.com\/fr\/57970\/"},"modified":"2025-04-28T00:00:15","modified_gmt":"2025-04-28T00:00:15","slug":"a-rennes-la-rue-saint-malo-fete-la-paresse-avec-animations-et-concerts","status":"publish","type":"post","link":"https:\/\/www.europesays.com\/fr\/57970\/","title":{"rendered":"\u00c0 Rennes, la rue Saint-Malo f\u00eate la paresse avec animations et concerts"},"content":{"rendered":"<p>Depuis plusieurs mois d\u00e9j\u00e0, les pr\u00e9paratifs vont bon train. \u00a0Un tel \u00e9v\u00e8nement qui draine bon an mal an entre 6\u00a0000\u00a0et 9\u00a0000\u00a0personnes ne s\u2019improvise pas, notamment en termes de programmation des animations\u00a0\u00bb, assure S\u00e9bastien Blot de l\u2019association des commer\u00e7ants de la rue Saint-Malo. <a href=\"https:\/\/rennes.maville.com\/actu\/actudet_-en-images.-a-rennes-la-fete-de-la-paresse-kermesse-perchee-et-rock-n-roll-_7-6271795_actu.Htm\" target=\"_blank\" rel=\"noopener\">Cette f\u00eate, lanc\u00e9e il y a 37\u00a0ans comme un d\u00e9fi de potache,<\/a> est devenue au fil du temps un moment incontournable pour cette rue \u00e0 l\u2019ambiance de petit village.<\/p>\n<p>Pour c\u00e9l\u00e9brer la paresse et l\u2019indolence, qui font le pendant de la f\u00eate du Travail, rien de mieux que de d\u00e9ambuler avec des amis ou en famille en prenant son temps. Car l\u2019\u00e9v\u00e9nement permet de \u00a0red\u00e9couvrir la rue sous son meilleur jour. Le reste de l\u2019ann\u00e9e, elle est trop peu fr\u00e9quent\u00e9e car la circulation se fait au compte-gouttes et elle souffre des travaux quasi permanents. La poussi\u00e8re, on en a bouff\u00e9.\u00a0<\/p>\n<p>Le 1er\u00a0mai, une vingtaine d\u2019\u00e9choppes sera ouverte et on y d\u00e9gustera la cuisine du monde sur place ou \u00e0 emporter\u00a0: des sp\u00e9cialit\u00e9s \u00e9thiopiennes, asiatiques, libanaises, cr\u00e9ole, v\u00e9g\u00e9tarienne, galettes saucisse, cr\u00eapes\u2026<\/p>\n<p>L\u2019apr\u00e8s-midi sera rythm\u00e9 par quatre\u00a0concerts au Doujezu, au Black bear, au bar de la Plage et \u00e0 la Trinquette. \u00c0 14\u00a0h, le groupe rennais de rock \u00e9lectrique La prairie, galipettes herbeuses lancera les festivit\u00e9s. Suivra, \u00e0 16\u00a0h, le quatuor de chansons de marins Les saumons fum\u00e9s. The last band in town\u00a0revisitera le r\u00e9pertoire de The Clash, version angevine. Pour clore la f\u00eate, Monster bull and the bastard se produira \u00e0 20\u00a0h et proposera une exp\u00e9rience unique au style \u00e9lectro-punk-rock.<\/p>\n<p>Pendant que les parents seront occup\u00e9s \u00e0 assister aux concerts, les enfants se verront proposer des jeux et des animations de leur \u00e2ge.<\/p>\n<p>F\u00eate de la paresse, jeudi 1er\u00a0mai, de 11\u00a0h \u00e0 21\u00a0h, rue de Saint-Malo. Infos pratiques\u00a0: apportez vos gobelets<\/p>\n<p>\u00a0<\/p>\n","protected":false},"excerpt":{"rendered":"Depuis plusieurs mois d\u00e9j\u00e0, les pr\u00e9paratifs vont bon train. \u00a0Un tel \u00e9v\u00e8nement qui draine bon an mal an&hellip;\n","protected":false},"author":2,"featured_media":57971,"comment_status":"","ping_status":"","sticky":false,"template":"","format":"standard","meta":{"footnotes":""},"categories":[2821],"tags":[1111,11,1063,829,4156,1777,674,4768,1011,27,12,15399,584,25,3640,3728],"class_list":{"0":"post-57970","1":"post","2":"type-post","3":"status-publish","4":"format-standard","5":"has-post-thumbnail","7":"category-rennes","8":"tag-actu","9":"tag-actualites","10":"tag-animations","11":"tag-bretagne","12":"tag-concerts","13":"tag-eu","14":"tag-europe","15":"tag-fete","16":"tag-fr","17":"tag-france","18":"tag-news","19":"tag-paresse","20":"tag-rennes","21":"tag-republique-francaise","22":"tag-rue","23":"tag-saint-malo"},"share_on_mastodon":{"url":"https:\/\/pubeurope.com\/@fr\/114412652071190929","error":""},"_links":{"self":[{"href":"https:\/\/www.europesays.com\/fr\/wp-json\/wp\/v2\/posts\/57970","targetHints":{"allow":["GET"]}}],"collection":[{"href":"https:\/\/www.europesays.com\/fr\/wp-json\/wp\/v2\/posts"}],"about":[{"href":"https:\/\/www.europesays.com\/fr\/wp-json\/wp\/v2\/types\/post"}],"author":[{"embeddable":true,"href":"https:\/\/www.europesays.com\/fr\/wp-json\/wp\/v2\/users\/2"}],"replies":[{"embeddable":true,"href":"https:\/\/www.europesays.com\/fr\/wp-json\/wp\/v2\/comments?post=57970"}],"version-history":[{"count":0,"href":"https:\/\/www.europesays.com\/fr\/wp-json\/wp\/v2\/posts\/57970\/revisions"}],"wp:featuredmedia":[{"embeddable":true,"href":"https:\/\/www.europesays.com\/fr\/wp-json\/wp\/v2\/media\/57971"}],"wp:attachment":[{"href":"https:\/\/www.europesays.com\/fr\/wp-json\/wp\/v2\/media?parent=57970"}],"wp:term":[{"taxonomy":"category","embeddable":true,"href":"https:\/\/www.europesays.com\/fr\/wp-json\/wp\/v2\/categories?post=57970"},{"taxonomy":"post_tag","embeddable":true,"href":"https:\/\/www.europesays.com\/fr\/wp-json\/wp\/v2\/tags?post=57970"}],"curies":[{"name":"wp","href":"https:\/\/api.w.org\/{rel}","templated":true}]}}