{"id":579703,"date":"2025-12-05T11:07:13","date_gmt":"2025-12-05T11:07:13","guid":{"rendered":"https:\/\/www.europesays.com\/fr\/579703\/"},"modified":"2025-12-05T11:07:13","modified_gmt":"2025-12-05T11:07:13","slug":"gerald-darmanin-dresse-un-nouveau-bilan-des-fouilles-xxl-en-prison","status":"publish","type":"post","link":"https:\/\/www.europesays.com\/fr\/579703\/","title":{"rendered":"G\u00e9rald Darmanin dresse un nouveau bilan des \u00abfouilles XXL\u00bb en prison"},"content":{"rendered":"<p>\n    Le garde des Sceaux a fait savoir ce vendredi matin sur France 2 que les cellules de 26 maisons d\u2019arr\u00eat avaient \u00e9t\u00e9 fouill\u00e9es du sol au plafond ces quinze derniers jours.<\/p>\n<p class=\"fig-paragraph\">Couteaux,\u00a0<a href=\"https:\/\/video.lefigaro.fr\/figaro\/actualite-france\/bordeaux-grace-a-la-geolocalisation-des-airpods-derobes-retrouves-par-la-police-20251028\" data-fig-type=\"Video\" data-gtm-custom-categorie=\"navigation\" data-gtm-custom-action=\"crossclick\" data-gtm-custom-label=\"Contextuel\" data-gtm-event=\"customEventSPE\" data-fig-domain=\"LEFIGARO\" target=\"_blank\" rel=\"noopener\">AirPods<\/a>\u00a0et m\u00eame lunettes de soleil connect\u00e9es\u00a0: 600 objets interdits en d\u00e9tention ont \u00e9t\u00e9 saisis ces quinze derniers jours en prison depuis le lancement de\u00a0<a href=\"http:\/\/www.lefigaro.fr\/actualite-france\/prisons-une-nuit-de-fouille-xxl-a-la-maison-d-arret-de-villepinte-20251204\" data-fig-type=\"Article\" data-gtm-custom-categorie=\"navigation\" data-gtm-custom-action=\"crossclick\" data-gtm-custom-label=\"Contextuel\" data-gtm-event=\"customEventSPE\" data-fig-domain=\"LEFIGARO\" target=\"_blank\" rel=\"noopener\">l\u2019op\u00e9ration de \u00abfouilles XXL\u00bb<\/a>\u00a0voulue par le ministre de la Justice\u00a0<a href=\"http:\/\/www.lefigaro.fr\/actualite-france\/pour-rendre-plus-efficace-le-ministere-de-la-justice-gerald-darmanin-reorganise-la-chancellerie-20251201\" data-fig-type=\"Article\" data-gtm-custom-categorie=\"navigation\" data-gtm-custom-action=\"crossclick\" data-gtm-custom-label=\"Contextuel\" data-gtm-event=\"customEventSPE\" data-fig-domain=\"LEFIGARO\" target=\"_blank\" rel=\"noopener\">G\u00e9rald Darmanin<\/a>. Invit\u00e9 de la matinale de France 2 vendredi matin, le garde des Sceaux a fait savoir que les cellules de 26 maisons d\u2019arr\u00eat avaient \u00e9t\u00e9 minutieusement inspect\u00e9es, sur les 100 qui doivent l\u2019\u00eatre d\u2019ici la fin de l\u2019ann\u00e9e.<\/p>\n<p class=\"fig-paragraph\">Meilleurs amis des prisonniers, \u00abplus de 400 t\u00e9l\u00e9phones\u00bb ont \u00e9t\u00e9 mis au jour et confisqu\u00e9s, ainsi que \u00abplusieurs kilos de drogue\u00bb, a pr\u00e9cis\u00e9 G\u00e9rald Darmanin. Et de poursuivre\u00a0: \u00abComme tous les Fran\u00e7ais, je suis tout \u00e0 fait scandalis\u00e9 de ce qui se passait jusqu\u2019ici dans nos prisons, c\u2019est pour cela que je change radicalement la fa\u00e7on dont elles sont organis\u00e9es, en faisant des prisons de haute s\u00e9curit\u00e9 (en six mois nous les avons construites et am\u00e9nag\u00e9es) et maintenant en s\u2019occupant de toutes les autres prisons\u00bb.<\/p>\n<p>                                            Remettre de \u00abl\u2019autorit\u00e9\u00bb en d\u00e9tention<\/p>\n<p>                                            <a class=\"fig-a11y-skip\" href=\"#fig-a11y-skip-main-inarticle\" data-module=\"a11y-skip\" data-context=\"was @visible\"><br \/>\n    Passer la publicit\u00e9<br \/>\n<\/a>            <\/p>\n<p class=\"fig-paragraph\">Le ministre a \u00e9voqu\u00e9 en ce sens la mani\u00e8re dont \u00abl\u2019architecture\u00bb des maisons d\u2019arr\u00eat devait \u00eatre repens\u00e9e. \u00abQuand on les a invent\u00e9es il y a plus de 150 ans, on n\u2019a pas pens\u00e9 aux drones et aux t\u00e9l\u00e9phones portables\u00bb, a-t-il expliqu\u00e9. G\u00e9rald Darmanin a encore insist\u00e9 sur sa volont\u00e9 de remettre \u00abl\u2019autorit\u00e9 dans les prisons\u00bb. Et ce, par un renfort des effectifs et une lutte contre la surpopulation carc\u00e9rale \u00abmais aussi en remettant les fouilles aux parloirs, en faisant venir des chiens antistup\u00e9fiants et en faisant des fouilles syst\u00e9matiques\u00bb. Sur ce point, il a rappel\u00e9 que 1000 surveillants p\u00e9nitentiaires suppl\u00e9mentaires seraient recrut\u00e9s l\u2019ann\u00e9e prochaine. En 2024, pr\u00e8s de 70.000 objets \u00e9lectroniques avaient \u00e9t\u00e9 saisis en d\u00e9tention.<\/p>\n","protected":false},"excerpt":{"rendered":"Le garde des Sceaux a fait savoir ce vendredi matin sur France 2 que les cellules de 26&hellip;\n","protected":false},"author":2,"featured_media":579704,"comment_status":"","ping_status":"","sticky":false,"template":"","format":"standard","meta":{"footnotes":""},"categories":[4],"tags":[11,1011,27,432,12,806,25,656],"class_list":{"0":"post-579703","1":"post","2":"type-post","3":"status-publish","4":"format-standard","5":"has-post-thumbnail","7":"category-france","8":"tag-actualites","9":"tag-fr","10":"tag-france","11":"tag-gerald-darmanin","12":"tag-news","13":"tag-prison","14":"tag-republique-francaise","15":"tag-securite"},"share_on_mastodon":{"url":"https:\/\/pubeurope.com\/@fr\/115666645537119528","error":""},"_links":{"self":[{"href":"https:\/\/www.europesays.com\/fr\/wp-json\/wp\/v2\/posts\/579703","targetHints":{"allow":["GET"]}}],"collection":[{"href":"https:\/\/www.europesays.com\/fr\/wp-json\/wp\/v2\/posts"}],"about":[{"href":"https:\/\/www.europesays.com\/fr\/wp-json\/wp\/v2\/types\/post"}],"author":[{"embeddable":true,"href":"https:\/\/www.europesays.com\/fr\/wp-json\/wp\/v2\/users\/2"}],"replies":[{"embeddable":true,"href":"https:\/\/www.europesays.com\/fr\/wp-json\/wp\/v2\/comments?post=579703"}],"version-history":[{"count":0,"href":"https:\/\/www.europesays.com\/fr\/wp-json\/wp\/v2\/posts\/579703\/revisions"}],"wp:featuredmedia":[{"embeddable":true,"href":"https:\/\/www.europesays.com\/fr\/wp-json\/wp\/v2\/media\/579704"}],"wp:attachment":[{"href":"https:\/\/www.europesays.com\/fr\/wp-json\/wp\/v2\/media?parent=579703"}],"wp:term":[{"taxonomy":"category","embeddable":true,"href":"https:\/\/www.europesays.com\/fr\/wp-json\/wp\/v2\/categories?post=579703"},{"taxonomy":"post_tag","embeddable":true,"href":"https:\/\/www.europesays.com\/fr\/wp-json\/wp\/v2\/tags?post=579703"}],"curies":[{"name":"wp","href":"https:\/\/api.w.org\/{rel}","templated":true}]}}