{"id":579709,"date":"2025-12-05T11:10:20","date_gmt":"2025-12-05T11:10:20","guid":{"rendered":"https:\/\/www.europesays.com\/fr\/579709\/"},"modified":"2025-12-05T11:10:20","modified_gmt":"2025-12-05T11:10:20","slug":"lambulancier-au-volant-etait-sous-lempire-de-stupefiants","status":"publish","type":"post","link":"https:\/\/www.europesays.com\/fr\/579709\/","title":{"rendered":"l\u2019ambulancier au volant \u00e9tait sous l\u2019empire de stup\u00e9fiants"},"content":{"rendered":"<p>La proc\u00e9dure a pris un peu de temps pour les policiers, car le mis en cause a demand\u00e9 une contre-expertise. Ainsi, les faits remontent \u00e0 la fin du mois d\u2019octobre.<\/p>\n<p>Ce jour-l\u00e0, vers 9 heures du matin, les agents de la Brigade motoris\u00e9e urbaine de Saint-Etienne proc\u00e8dent comme ils le font assez r\u00e9guli\u00e8rement \u00e0 des contr\u00f4les sur les conducteurs d\u2019ambulances.<\/p>\n<p>  Un r\u00e9sultat confirm\u00e9 par la prise de sang<\/p>\n<p>Alors que les fonctionnaires ont stopp\u00e9 un conducteur pour le soumettre \u00e0 un test de d\u00e9pistage de produits stup\u00e9fiants, le r\u00e9sultat va s\u2019av\u00e9rer positif. Quelques jours plus tard, cet homme, \u00e2g\u00e9 de 35 ans et habitant dans la plaine du Forez, est convoqu\u00e9 dans les locaux de l\u2019h\u00f4tel de police \u00e0 Saint-Etienne afin de se soumettre \u00e0 un test salivaire.<\/p>\n<p>Confirmation du premier r\u00e9sultat sera donn\u00e9e, mais le trentenaire compte bien se d\u00e9fendre. Au cours de son audition, selon nos informations, ce dernier affirme avoir consomm\u00e9 du CBD et non pas un produit stup\u00e9fiant. Il demande alors une contre-expertise sanguine.<\/p>\n<p>Mais le verdict tombe finalement et confirme l\u2019usage de produits stup\u00e9fiants. Le jeune homme sera convoqu\u00e9 devant les services de la justice au cours des prochaines semaines pour r\u00e9pondre de ses actes.<\/p>\n","protected":false},"excerpt":{"rendered":"La proc\u00e9dure a pris un peu de temps pour les policiers, car le mis en cause a demand\u00e9&hellip;\n","protected":false},"author":2,"featured_media":579710,"comment_status":"","ping_status":"","sticky":false,"template":"","format":"standard","meta":{"footnotes":""},"categories":[9653],"tags":[1111,11,2430,271,272,7539,1777,674,274,1011,27,3367,12,25,4001,7538,71,104],"class_list":{"0":"post-579709","1":"post","2":"type-post","3":"status-publish","4":"format-standard","5":"has-post-thumbnail","7":"category-saint-etienne","8":"tag-actu","9":"tag-actualites","10":"tag-auvergne-rhone-alpes","11":"tag-crime","12":"tag-delit-et-contravention","13":"tag-edition-loire-sud","14":"tag-eu","15":"tag-europe","16":"tag-faits-divers-justice","17":"tag-fr","18":"tag-france","19":"tag-loire","20":"tag-news","21":"tag-republique-francaise","22":"tag-saint-etienne","23":"tag-saint-etienne-ville","24":"tag-sante","25":"tag-societe"},"share_on_mastodon":{"url":"https:\/\/pubeurope.com\/@fr\/115666657135944528","error":""},"_links":{"self":[{"href":"https:\/\/www.europesays.com\/fr\/wp-json\/wp\/v2\/posts\/579709","targetHints":{"allow":["GET"]}}],"collection":[{"href":"https:\/\/www.europesays.com\/fr\/wp-json\/wp\/v2\/posts"}],"about":[{"href":"https:\/\/www.europesays.com\/fr\/wp-json\/wp\/v2\/types\/post"}],"author":[{"embeddable":true,"href":"https:\/\/www.europesays.com\/fr\/wp-json\/wp\/v2\/users\/2"}],"replies":[{"embeddable":true,"href":"https:\/\/www.europesays.com\/fr\/wp-json\/wp\/v2\/comments?post=579709"}],"version-history":[{"count":0,"href":"https:\/\/www.europesays.com\/fr\/wp-json\/wp\/v2\/posts\/579709\/revisions"}],"wp:featuredmedia":[{"embeddable":true,"href":"https:\/\/www.europesays.com\/fr\/wp-json\/wp\/v2\/media\/579710"}],"wp:attachment":[{"href":"https:\/\/www.europesays.com\/fr\/wp-json\/wp\/v2\/media?parent=579709"}],"wp:term":[{"taxonomy":"category","embeddable":true,"href":"https:\/\/www.europesays.com\/fr\/wp-json\/wp\/v2\/categories?post=579709"},{"taxonomy":"post_tag","embeddable":true,"href":"https:\/\/www.europesays.com\/fr\/wp-json\/wp\/v2\/tags?post=579709"}],"curies":[{"name":"wp","href":"https:\/\/api.w.org\/{rel}","templated":true}]}}