{"id":579713,"date":"2025-12-05T11:14:19","date_gmt":"2025-12-05T11:14:19","guid":{"rendered":"https:\/\/www.europesays.com\/fr\/579713\/"},"modified":"2025-12-05T11:14:19","modified_gmt":"2025-12-05T11:14:19","slug":"football-le-jeune-guendez-recompense-fdaouch-de-retour-decouvrez-le-groupe-de-las-nancy-lorraine-pour-le-voyage-a-grenoble","status":"publish","type":"post","link":"https:\/\/www.europesays.com\/fr\/579713\/","title":{"rendered":"Football. Le jeune Guendez r\u00e9compens\u00e9, Fdaouch de retour\u2026 D\u00e9couvrez le groupe de l\u2019AS Nancy Lorraine pour le voyage \u00e0 Grenoble"},"content":{"rendered":"<p>La concurrence s\u2019\u00e9l\u00e8ve et c\u2019est certainement bon signe. <a href=\"https:\/\/www.estrepublicain.fr\/sport\/2025\/12\/01\/as-nancy-lorraine-qui-est-le-milieu-jeremy-gelin\" target=\"_blank\" rel=\"noopener\">Avec la signature de J\u00e9r\u00e9my G\u00e9lin<\/a> , avec le retour de blessure de Zakaria Fdaouch et avec les jeunes qui tapent \u00e0 la porte, comme Matth\u00e9o Guendez buteur <a href=\"https:\/\/www.estrepublicain.fr\/sport\/2025\/11\/29\/l-as-nancy-lorraine-passe-par-un-trou-de-souris-a-sarreguemines\" target=\"_blank\" rel=\"noopener\">\u00e0 Sarreguemines en Coupe de France<\/a> , les places dans le groupe deviennent de plus en plus ch\u00e8res. C\u2019est ainsi que le coach Pablo Correa a eu l\u2019embarras du choix pour les 18 joueurs du voyage \u00e0 Grenoble ce vendredi. Et ce, malgr\u00e9 la suspension de Maxence Carlier.<\/p>\n<p><strong>Le groupe\u00a0: <\/strong> Basilio, Fernandez, Saint-Ruf, Mendy, Bamba, G\u00e9lin, Bouriaud, Exp\u00e9rience, Bouabdeli, Ouotro, Fdaouch, Lembet, Julloux, Suljic, Evans, Tacafred, Bokangu, Guendez<\/p>\n<p>Absents\u00a0: Carlier (suspendu), Sourzac, No\u00ebl, Maouassa (bless\u00e9s), Camara, Ztouti, Nahounou, Dabasse, Sidib\u00e9 (choix)<\/p>\n","protected":false},"excerpt":{"rendered":"La concurrence s\u2019\u00e9l\u00e8ve et c\u2019est certainement bon signe. Avec la signature de J\u00e9r\u00e9my G\u00e9lin , avec le retour&hellip;\n","protected":false},"author":2,"featured_media":579714,"comment_status":"","ping_status":"","sticky":false,"template":"","format":"standard","meta":{"footnotes":""},"categories":[9635],"tags":[1111,11,3703,1707,1704,1706,1705,1777,674,107,1701,63,1011,27,775,1702,1703,12,25,517,1700],"class_list":{"0":"post-579713","1":"post","2":"type-post","3":"status-publish","4":"format-standard","5":"has-post-thumbnail","7":"category-nancy","8":"tag-actu","9":"tag-actualites","10":"tag-asnl","11":"tag-edition-luneville","12":"tag-edition-nancy-et-agglomeration","13":"tag-edition-pont-a-mousson","14":"tag-edition-toul","15":"tag-eu","16":"tag-europe","17":"tag-fil-info","18":"tag-fil-info-sport","19":"tag-football","20":"tag-fr","21":"tag-france","22":"tag-grand-est","23":"tag-nancy","24":"tag-nancy-ville-54b","25":"tag-news","26":"tag-republique-francaise","27":"tag-sport","28":"tag-sport-lorrain"},"share_on_mastodon":{"url":"https:\/\/pubeurope.com\/@fr\/115666672833782376","error":""},"_links":{"self":[{"href":"https:\/\/www.europesays.com\/fr\/wp-json\/wp\/v2\/posts\/579713","targetHints":{"allow":["GET"]}}],"collection":[{"href":"https:\/\/www.europesays.com\/fr\/wp-json\/wp\/v2\/posts"}],"about":[{"href":"https:\/\/www.europesays.com\/fr\/wp-json\/wp\/v2\/types\/post"}],"author":[{"embeddable":true,"href":"https:\/\/www.europesays.com\/fr\/wp-json\/wp\/v2\/users\/2"}],"replies":[{"embeddable":true,"href":"https:\/\/www.europesays.com\/fr\/wp-json\/wp\/v2\/comments?post=579713"}],"version-history":[{"count":0,"href":"https:\/\/www.europesays.com\/fr\/wp-json\/wp\/v2\/posts\/579713\/revisions"}],"wp:featuredmedia":[{"embeddable":true,"href":"https:\/\/www.europesays.com\/fr\/wp-json\/wp\/v2\/media\/579714"}],"wp:attachment":[{"href":"https:\/\/www.europesays.com\/fr\/wp-json\/wp\/v2\/media?parent=579713"}],"wp:term":[{"taxonomy":"category","embeddable":true,"href":"https:\/\/www.europesays.com\/fr\/wp-json\/wp\/v2\/categories?post=579713"},{"taxonomy":"post_tag","embeddable":true,"href":"https:\/\/www.europesays.com\/fr\/wp-json\/wp\/v2\/tags?post=579713"}],"curies":[{"name":"wp","href":"https:\/\/api.w.org\/{rel}","templated":true}]}}