{"id":579717,"date":"2025-12-05T11:18:12","date_gmt":"2025-12-05T11:18:12","guid":{"rendered":"https:\/\/www.europesays.com\/fr\/579717\/"},"modified":"2025-12-05T11:18:12","modified_gmt":"2025-12-05T11:18:12","slug":"on-demande-juste-davoir-un-outil-de-travail-correct-les-brocanteurs-des-dimanches-du-peyrou-lancent-une-petition","status":"publish","type":"post","link":"https:\/\/www.europesays.com\/fr\/579717\/","title":{"rendered":"\u00ab\u00a0On demande juste d\u2019avoir un outil de travail correct\u00a0\u00bb\u00a0: les brocanteurs des \u00ab\u00a0Dimanches du Peyrou\u00a0\u00bb lancent une p\u00e9tition"},"content":{"rendered":"<p>\n                                                                Les brocanteurs du march\u00e9 \u00ab\u00a0Les Dimanches du Peyrou\u00a0\u00bb, d\u00e9localis\u00e9s temporairement aux Arceaux, ont lanc\u00e9 une p\u00e9tition sur Internet pour demander de pouvoir s\u2019installer provisoirement sur la nouvelle place Max Rouquette. Leurs raisons.\n                            <\/p>\n<p>Quitter la promenade des Arceaux pour s\u2019installer sur la nouvelle place Max Rouquette, les professionnels\u00a0du march\u00e9 de la Brocante \u00ab\u00a0Les\u00a0Dimanches du Peyrou\u00a0\u00bb en r\u00eavent. D\u00e9localis\u00e9s temporairement sur cette promenade depuis le 16\u00a0novembre en raison de la pr\u00e9sence du March\u00e9 de No\u00ebl sur la promenade du Peyrou, ils en ont par-dessus la t\u00eate. Deux raisons \u00e0 cela\u00a0: le manque d\u2019attractivit\u00e9 du lieu r\u00e9duisant la fr\u00e9quentation \u00e0 peau de chagrin et les diff\u00e9rentes contraintes du site.<\/p>\n<p>\u00ab\u00a0On a beau \u00eatre \u00e0 quelques centaines de\u00a0m\u00e8tres du Peyrou, beaucoup de nos habitu\u00e9s ne se d\u00e9placent pas. De toute fa\u00e7on, le lieu n\u2019est pas attractif. Les \u00e9tals sont s\u00e9par\u00e9s par les arches. Il n\u2019y a aucune continuit\u00e9 entre les uns et les autres. C\u2019est beaucoup moins convivial.\u00a0Puis, l\u00e0\u00a0o\u00f9 nous sommes, on n\u2019est pas visibles du Peyrou.\u00a0La fr\u00e9quentation de la brocante a donc chut\u00e9 consid\u00e9rablement alors que notre profession est d\u00e9j\u00e0 dans le creux de la vague\u00a0\u00bb, s\u2019agace C\u00e9dric Puech, l\u2019un des brocanteurs.<\/p>\n<p>L\u2019autre objet de leur courroux porte sur \u00ab\u00a0les contraintes logistiques et environnementales du site rendant difficile l\u2019installation des \u00e9tals et limitant l\u2019acc\u00e8s aux visiteurs\u00a0\u00bb, peut-on lire dans\u00a0la <a href=\"https:\/\/www.change.org\/p\/demander-la-relocalisation-temporaire-du-march%C3%A9-les-dimanches-du-peyrou\" target=\"_self\" rel=\"noopener\">p\u00e9tition<\/a> qu\u2019ils ont mise en ligne le 21\u00a0novembre. Et d\u2019\u00e9crire aussi que cet \u00ab\u00a0espace est souvent encombr\u00e9 et peu accessible, sale li\u00e9 aux passages du march\u00e9 alimentaire, ce qui nuit \u00e0 l\u2019exp\u00e9rience globale du march\u00e9 \u00e0 la brocante\u00a0\u00bb.\u00a0Aussi demandent-ils\u00a0leur relocalisation temporaire sur la nouvelle place Max Rouquette des Arceaux.<\/p>\n<p>Une installation qui fait \u00ab\u00a0tache\u00a0\u00bb<\/p>\n<p>Inaugur\u00e9e le 20\u00a0septembre dernier, la place Max Rouquette fait la part belle aux promeneurs et aux enfants avec son aire de jeux. Une place qu\u2019ils ont occup\u00e9e \u00e0 la m\u00eame p\u00e9riode lors du festival des Internationales de la guitare. \u00ab\u00a0C\u2019est une jolie place et\u00a0tr\u00e8s conviviale, qui m\u00e9rite d\u2019avoir des animations. La mairie \u00e9tait d\u2019accord au d\u00e9part pour que l\u2019on s\u2019y installe, avant de revenir sur sa d\u00e9cision, car nos camions auraient laiss\u00e9 des taches d\u2019huile\u00a0\u00bb, raconte le brocanteur.<\/p>\n<p>Ni une, ni deux, les brocanteurs proposent d\u2019installer des tapis de sol\u00a0en PVC sous le bloc-moteur de leurs v\u00e9hicules afin de garder le lieu propre. Une pratique d\u2019ailleurs courante et obligatoire sur les march\u00e9s de\u00a0B\u00e9ziers. L\u2019argument ne fait pas mouche.\u00a0\u00ab\u00a0Je ne comprends pas, d\u2019autant qu\u2019il y a des camions logistiques qui\u00a0ont stationn\u00e9 sur la place Max Rouquette\u00a0lors de l\u2019installation du march\u00e9 de No\u00ebl. Ce n\u2019est\u00a0donc pas parce que la place est neuve et qu\u2019elle pourrait \u00eatre d\u00e9t\u00e9rior\u00e9e\u00a0que l\u2019on ne peut pas installer des camions. Autrement dit, l\u2019excuse\u00a0ne tient pas. Nous, on demande juste un outil de travail correct pour nous comme pour les\u00a0clients\u00a0\u00bb, souligne-t-il.<\/p>\n<p>La fondatrice\u00a0et manager de cette brocante, Camille Cattan, comprend l\u2019insatisfaction des professionnels. \u00ab\u00a0L\u00e0 o\u00f9 ils sont, ce n\u2019est pas super\u00a0et c\u2019est\u00a0moins sympa que la place Max Rouquette. Il y a beaucoup moins de monde. Or, dans ces temps difficiles pour leur profession, c\u2019est compliqu\u00e9\u00a0\u00bb. Une fois cela pr\u00e9cis\u00e9, elle ajoute que \u00ab\u00a0la pr\u00e9sence d\u2019une cinquantaine de camions sur cette place peut ab\u00eemer le rev\u00eatement, mais surtout, la pr\u00e9sence des enfants est une source d\u2019inqui\u00e9tude\u00a0\u00bb.<\/p>\n<p>Et de pr\u00e9coniser pour l\u2019ann\u00e9e prochaine l\u2019installation d\u2019un grand panneau fixe pour informer de la pr\u00e9sence de la brocante aux Arceaux et une meilleure anticipation\u00a0afin que tout le monde trouve son compte. Ne reste plus aux professionnels qu\u2019\u00e0 prendre leur mal en patience jusqu\u2019au 11\u00a0janvier.<\/p>\n<p>    La r\u00e9ponse de la Ville<\/p>\n<p>\u00ab\u00a0On avait imagin\u00e9 dans un premier temps d\u2019installer les brocanteurs du march\u00e9 \u00ab\u00a0Les Dimanches du Peyrou\u00a0\u00bb\u00a0sur la place Max Rouquette jusqu\u2019\u00e0 ce que la promenade du Peyrou soit de nouveau libre pour qu\u2019ils puissent retrouver leur emplacement habituel. On a donc fait un test sur la place Max Rouquette, mais qui n\u2019a pas \u00e9t\u00e9 concluant, car tous les exposants ne peuvent pas s\u2019y installer. Par ailleurs, il y avait trop de camions. Puis, un probl\u00e8me d\u2019espace partag\u00e9 avec les familles et les enfants qui y viennent s\u2019est pos\u00e9. Cela ne collait pas du tout. C\u2019est la raison pour laquelle on est revenus sur notre d\u00e9cision initiale pour leur proposer de s\u2019installer le long des Arceaux, comme les ann\u00e9es pr\u00e9c\u00e9dentes, un emplacement \u00e0 100 m\u00e8tres de la place, et bien connu des Montpelli\u00e9rains qui viennent au march\u00e9 alimentaire\u00a0\u00bb, explique l\u2019adjoint au maire de la Ville de Montpellier, Alban Zanchiello, en charge du commerce.<\/p>\n","protected":false},"excerpt":{"rendered":"Les brocanteurs du march\u00e9 \u00ab\u00a0Les Dimanches du Peyrou\u00a0\u00bb, d\u00e9localis\u00e9s temporairement aux Arceaux, ont lanc\u00e9 une p\u00e9tition sur Internet&hellip;\n","protected":false},"author":2,"featured_media":579718,"comment_status":"","ping_status":"","sticky":false,"template":"","format":"standard","meta":{"footnotes":""},"categories":[9599],"tags":[1111,11,872,1777,674,1011,27,7089,2208,12,2680,25,69376],"class_list":{"0":"post-579717","1":"post","2":"type-post","3":"status-publish","4":"format-standard","5":"has-post-thumbnail","7":"category-montpellier","8":"tag-actu","9":"tag-actualites","10":"tag-culture-et-loisirs","11":"tag-eu","12":"tag-europe","13":"tag-fr","14":"tag-france","15":"tag-herault","16":"tag-montpellier","17":"tag-news","18":"tag-occitanie","19":"tag-republique-francaise","20":"tag-vide-greniers-et-brocantes"},"share_on_mastodon":{"url":"https:\/\/pubeurope.com\/@fr\/115666688855793806","error":""},"_links":{"self":[{"href":"https:\/\/www.europesays.com\/fr\/wp-json\/wp\/v2\/posts\/579717","targetHints":{"allow":["GET"]}}],"collection":[{"href":"https:\/\/www.europesays.com\/fr\/wp-json\/wp\/v2\/posts"}],"about":[{"href":"https:\/\/www.europesays.com\/fr\/wp-json\/wp\/v2\/types\/post"}],"author":[{"embeddable":true,"href":"https:\/\/www.europesays.com\/fr\/wp-json\/wp\/v2\/users\/2"}],"replies":[{"embeddable":true,"href":"https:\/\/www.europesays.com\/fr\/wp-json\/wp\/v2\/comments?post=579717"}],"version-history":[{"count":0,"href":"https:\/\/www.europesays.com\/fr\/wp-json\/wp\/v2\/posts\/579717\/revisions"}],"wp:featuredmedia":[{"embeddable":true,"href":"https:\/\/www.europesays.com\/fr\/wp-json\/wp\/v2\/media\/579718"}],"wp:attachment":[{"href":"https:\/\/www.europesays.com\/fr\/wp-json\/wp\/v2\/media?parent=579717"}],"wp:term":[{"taxonomy":"category","embeddable":true,"href":"https:\/\/www.europesays.com\/fr\/wp-json\/wp\/v2\/categories?post=579717"},{"taxonomy":"post_tag","embeddable":true,"href":"https:\/\/www.europesays.com\/fr\/wp-json\/wp\/v2\/tags?post=579717"}],"curies":[{"name":"wp","href":"https:\/\/api.w.org\/{rel}","templated":true}]}}