{"id":579721,"date":"2025-12-05T11:20:11","date_gmt":"2025-12-05T11:20:11","guid":{"rendered":"https:\/\/www.europesays.com\/fr\/579721\/"},"modified":"2025-12-05T11:20:11","modified_gmt":"2025-12-05T11:20:11","slug":"il-se-lance-dans-une-dangereuse-poursuite-a-rouen","status":"publish","type":"post","link":"https:\/\/www.europesays.com\/fr\/579721\/","title":{"rendered":"il se lance dans une dangereuse poursuite \u00e0 Rouen"},"content":{"rendered":"<p>                    Par<br \/>\n        <strong><br \/>\n            <a href=\"https:\/\/actu.fr\/auteur\/julien-bouteiller\" title=\"Consulter tous les articles de Julien Bouteiller\" target=\"_blank\" rel=\"noopener\">Julien Bouteiller<\/a><br \/>\n                    <\/strong><\/p>\n<p>        Publi\u00e9 le<\/p>\n<p>            5 d\u00e9c. 2025 \u00e0 11h55        <\/p>\n<p>Encourag\u00e9 par le propri\u00e9taire de la voiture, un chauffard s\u2019est lanc\u00e9 <strong>dans une tr\u00e8s dangereuse course poursuite<\/strong> \u00e0 <a href=\"https:\/\/actu.fr\/normandie\/rouen_76540\" target=\"_blank\" rel=\"noopener\">Rouen<\/a>, dans la nuit du 4 au 5 d\u00e9cembre 2025, apprend-on de source polici\u00e8re.<\/p>\n<p>Une poursuite tr\u00e8s dangereuse<\/p>\n<p class=\" wall-content\">Vers 2h15, une patrouille de police rep\u00e8re <strong>une Audi A3 \u00ab\u00a0\u00e0 vitesse excessive\u00a0\u00bb sur le boulevard de l\u2019Europe<\/strong>. \u00ab\u00a0Le conducteur acc\u00e9l\u00e8re en voyant les policiers\u00a0\u00bb, ajoute notre source.<\/p>\n<p class=\" wall-content\">Commence alors une poursuite dangereuse, o\u00f9 le chauffard \u00ab\u00a0multiplie <strong>les infractions graves<\/strong> : feux rouges grill\u00e9s, vitesse tr\u00e8s \u00e9lev\u00e9es, man\u0153uvres dangereuses, circulation en zone de travaux\u2026\u00a0\u00bb.<\/p>\n<p class=\" wall-content\">La fuite se poursuit jusqu\u2019\u00e0 Petit-Couronne. C\u2019est finalement le v\u00e9hicule qui l\u00e2che et s\u2019arr\u00eate.<\/p>\n<p>Protoxyde d\u2019azote, amph\u00e9tamines\u2026<\/p>\n<p class=\" wall-content\">\u00c0 bord, quatre jeunes, deux hommes \u00e0 l\u2019avant, et deux femmes. Visiblement, le passager avant, propri\u00e9taire de la voiture, a consomm\u00e9 du <strong>protoxyde d\u2019azote<\/strong>. Son conducteur est quant \u00e0 lui positif aux <strong>amph\u00e9tamines<\/strong>.\u00a0<\/p>\n<p>Vid\u00e9os : en ce moment sur Actu<\/p>\n<p class=\" wall-content\">\u00ab\u00a0Le passager, propri\u00e9taire de la voiture, a demand\u00e9 au conducteur de fuir car il n\u2019avait pas mis \u00e0 jour la carte grise du v\u00e9hicule\u00a0\u00bb, pr\u00e9cise notre source.\u00a0<\/p>\n<p class=\" wall-content\">Habitants de l\u2019Eure, les deux hommes de 20 et 21 ans sont plac\u00e9s en garde \u00e0 vue. Les deux femmes sont laiss\u00e9es libres.<\/p>\n<p>Votre r\u00e9gion, votre actu !<\/p>\n<p>Recevez chaque jour les infos qui comptent pour vous.<\/p>\n<p>\t<a href=\"https:\/\/actu.fr\/newsletter\" class=\"ac-btn ac-btn--corner ac-btn--medium ac-btn--blue800\" target=\"_blank\" rel=\"noopener\">S&rsquo;incrire<\/a><br \/>\nSuivez l\u2019actualit\u00e9 de Rouen <a href=\"https:\/\/www.whatsapp.com\/channel\/0029VaKfnf99hXF2ddApFB1D\" target=\"_blank\" rel=\"noopener\">sur notre cha\u00eene WhatsApp<\/a> et <a href=\"https:\/\/www.tiktok.com\/@76actu.fr?lang=fr\" target=\"_blank\" rel=\"noopener\">sur notre compte TikTok<\/a><\/p>\n<p class=\" wall-content\">Personnalisez votre actualit\u00e9 en ajoutant vos villes et m\u00e9dias en favori avec <a href=\"https:\/\/moncompte.actu.fr\" title=\"D\u00e9couvez Mon Actu\" rel=\"nofollow noopener\" data-trk=\"{&quot;cta&quot;:{&quot;action&quot;:&quot;https:\\\/\\\/moncompte.actu.fr&quot;,&quot;category&quot;:&quot;mon compte&quot;,&quot;from&quot;:&quot;article footer&quot;,&quot;name&quot;:&quot;Mon actu&quot;,&quot;type&quot;:&quot;cta&quot;}}\" target=\"_blank\">Mon Actu<\/a>.<\/p>\n<p>                    <script async src=\"\/\/www.tiktok.com\/embed.js\"><\/script><\/p>\n","protected":false},"excerpt":{"rendered":"Par Julien Bouteiller Publi\u00e9 le 5 d\u00e9c. 2025 \u00e0 11h55 Encourag\u00e9 par le propri\u00e9taire de la voiture, un&hellip;\n","protected":false},"author":2,"featured_media":579722,"comment_status":"","ping_status":"","sticky":false,"template":"","format":"standard","meta":{"footnotes":""},"categories":[9587],"tags":[1111,11,1777,674,118,1011,27,12,5161,1072,2852,25,9590],"class_list":{"0":"post-579721","1":"post","2":"type-post","3":"status-publish","4":"format-standard","5":"has-post-thumbnail","7":"category-rouen","8":"tag-actu","9":"tag-actualites","10":"tag-eu","11":"tag-europe","12":"tag-faits-divers","13":"tag-fr","14":"tag-france","15":"tag-news","16":"tag-normandie","17":"tag-police","18":"tag-refus-dobtemperer","19":"tag-republique-francaise","20":"tag-rouen"},"share_on_mastodon":{"url":"https:\/\/pubeurope.com\/@fr\/115666696788198309","error":""},"_links":{"self":[{"href":"https:\/\/www.europesays.com\/fr\/wp-json\/wp\/v2\/posts\/579721","targetHints":{"allow":["GET"]}}],"collection":[{"href":"https:\/\/www.europesays.com\/fr\/wp-json\/wp\/v2\/posts"}],"about":[{"href":"https:\/\/www.europesays.com\/fr\/wp-json\/wp\/v2\/types\/post"}],"author":[{"embeddable":true,"href":"https:\/\/www.europesays.com\/fr\/wp-json\/wp\/v2\/users\/2"}],"replies":[{"embeddable":true,"href":"https:\/\/www.europesays.com\/fr\/wp-json\/wp\/v2\/comments?post=579721"}],"version-history":[{"count":0,"href":"https:\/\/www.europesays.com\/fr\/wp-json\/wp\/v2\/posts\/579721\/revisions"}],"wp:featuredmedia":[{"embeddable":true,"href":"https:\/\/www.europesays.com\/fr\/wp-json\/wp\/v2\/media\/579722"}],"wp:attachment":[{"href":"https:\/\/www.europesays.com\/fr\/wp-json\/wp\/v2\/media?parent=579721"}],"wp:term":[{"taxonomy":"category","embeddable":true,"href":"https:\/\/www.europesays.com\/fr\/wp-json\/wp\/v2\/categories?post=579721"},{"taxonomy":"post_tag","embeddable":true,"href":"https:\/\/www.europesays.com\/fr\/wp-json\/wp\/v2\/tags?post=579721"}],"curies":[{"name":"wp","href":"https:\/\/api.w.org\/{rel}","templated":true}]}}