{"id":579725,"date":"2025-12-05T11:23:10","date_gmt":"2025-12-05T11:23:10","guid":{"rendered":"https:\/\/www.europesays.com\/fr\/579725\/"},"modified":"2025-12-05T11:23:10","modified_gmt":"2025-12-05T11:23:10","slug":"un-mineur-deja-implique-dans-lattaque-a-la-grenade-soupconne-dautres-tentatives-de-meurtre","status":"publish","type":"post","link":"https:\/\/www.europesays.com\/fr\/579725\/","title":{"rendered":"un mineur d\u00e9j\u00e0 impliqu\u00e9 dans l\u2019attaque \u00e0 la grenade soup\u00e7onn\u00e9 d\u2019autres tentatives de meurtre"},"content":{"rendered":"<p>\n\t\t\t\t\t\t\t\t\t\t\t\t\t04 D\u00e9cembre 2025\n\t\t\t\t\t\t\t\t\t\t\t\t<\/p>\n<p>\t\t\t\t\t\t\t\t\t\t\t<img decoding=\"async\" src=\"https:\/\/www.europesays.com\/fr\/wp-content\/uploads\/2025\/12\/1280x720_69314cff7d234-54858533099-2dd6ce3eb8-o.jpg\" alt=\"Nouvelle mise en examen \u00e0 Grenoble : un mineur d\u00e9j\u00e0 impliqu\u00e9 dans l\u2019attaque \u00e0 la grenade soup\u00e7onn\u00e9 d\u2019autres tentatives de meurtre\" title=\"Nouvelle mise en examen \u00e0 Grenoble : un mineur d\u00e9j\u00e0 impliqu\u00e9 dans l\u2019attaque \u00e0 la grenade soup\u00e7onn\u00e9 d\u2019autres tentatives de meurtre\" width=\"1280\" height=\"720\" class=\"img-fluid  mb-3\" loading=\"lazy\"\/>\t\t\t\t\t\t\t\t\t\t\t<\/p>\n<p itemprop=\"description\"><strong>Un adolescent d\u00e9j\u00e0 incarc\u00e9r\u00e9 pour l\u2019explosion d\u2019une grenade au Village Olympique est d\u00e9sormais accus\u00e9 d\u2019avoir particip\u00e9 \u00e0 plusieurs fusillades \u00e0 Grenoble sur fond de rivalit\u00e9s locales li\u00e9es aux trafics.<\/strong><\/p>\n<p>\t\t\t\t\tUn adolescent de 17 ans avait d\u00e9j\u00e0 \u00e9t\u00e9 mis en examen en f\u00e9vrier pour l\u2019attaque \u00e0 la grenade, pour avoir\u2026\t\t\t\t\t\t\t\t\t\t\t\t\t\t\t\t\t\t\t\t\t\t<\/p>\n<p><a class=\"trans-button\" href=\"https:\/\/www.grenoblemag.com\/article\/2349\/nouvelle-mise-en-examen-a-grenoble-un-mineur-deja-implique-dans-l-attaque-a-la-grenade-soupconne-d-autres-tentatives-de-meurtre\" title=\"Nouvelle mise en examen \u00e0 Grenoble : un mineur d\u00e9j\u00e0 impliqu\u00e9 dans l\u2019attaque \u00e0 la grenade soup\u00e7onn\u00e9 d\u2019autres tentatives de meurtre\" target=\"_blank\" rel=\"noopener\"><br \/>\n\t\t\t\t\t\t\t\tLire la suite de l&rsquo;article sur Grenoblemag \u00bb<br \/>\n\t\t\t\t\t\t\t<\/a>\n\t\t\t\t\t\t\t\t\t<\/p>\n","protected":false},"excerpt":{"rendered":"04 D\u00e9cembre 2025 Un adolescent d\u00e9j\u00e0 incarc\u00e9r\u00e9 pour l\u2019explosion d\u2019une grenade au Village Olympique est d\u00e9sormais accus\u00e9 d\u2019avoir&hellip;\n","protected":false},"author":2,"featured_media":579726,"comment_status":"","ping_status":"","sticky":false,"template":"","format":"standard","meta":{"footnotes":""},"categories":[9566],"tags":[1111,66200,11,7733,66196,66213,66211,8279,2430,650,7734,66204,1777,674,66207,1011,27,66206,2731,66203,66201,4662,66212,66209,66202,12,1825,66205,66197,66198,66199,25,66208,66210],"class_list":{"0":"post-579725","1":"post","2":"type-post","3":"status-publish","4":"format-standard","5":"has-post-thumbnail","7":"category-grenoble","8":"tag-actu","9":"tag-actualite-grenoble","10":"tag-actualites","11":"tag-alpes","12":"tag-alpes-1-grenoble","13":"tag-alpes-de-hautes-provence-et-hautes-alpes","14":"tag-alpes-de-huez","15":"tag-alpes1","16":"tag-auvergne-rhone-alpes","17":"tag-cinema","18":"tag-ecoute","19":"tag-ecouter-alpes-1-grenoble","20":"tag-eu","21":"tag-europe","22":"tag-evenements-grenoble","23":"tag-fr","24":"tag-france","25":"tag-frequence-alpes-1-grenoble","26":"tag-grenoble","27":"tag-hits-grenoble","28":"tag-info-grenoble","29":"tag-journal","30":"tag-les-2-alpes","31":"tag-meteo-grenoble","32":"tag-musique-grenoble","33":"tag-news","34":"tag-radio","35":"tag-radio-en-ligne-grenoble","36":"tag-radio-grenoble","37":"tag-radio-isere","38":"tag-radio-locale-grenoble","39":"tag-republique-francaise","40":"tag-sorties-grenoble","41":"tag-trafic-grenoble"},"share_on_mastodon":{"url":"","error":""},"_links":{"self":[{"href":"https:\/\/www.europesays.com\/fr\/wp-json\/wp\/v2\/posts\/579725","targetHints":{"allow":["GET"]}}],"collection":[{"href":"https:\/\/www.europesays.com\/fr\/wp-json\/wp\/v2\/posts"}],"about":[{"href":"https:\/\/www.europesays.com\/fr\/wp-json\/wp\/v2\/types\/post"}],"author":[{"embeddable":true,"href":"https:\/\/www.europesays.com\/fr\/wp-json\/wp\/v2\/users\/2"}],"replies":[{"embeddable":true,"href":"https:\/\/www.europesays.com\/fr\/wp-json\/wp\/v2\/comments?post=579725"}],"version-history":[{"count":0,"href":"https:\/\/www.europesays.com\/fr\/wp-json\/wp\/v2\/posts\/579725\/revisions"}],"wp:featuredmedia":[{"embeddable":true,"href":"https:\/\/www.europesays.com\/fr\/wp-json\/wp\/v2\/media\/579726"}],"wp:attachment":[{"href":"https:\/\/www.europesays.com\/fr\/wp-json\/wp\/v2\/media?parent=579725"}],"wp:term":[{"taxonomy":"category","embeddable":true,"href":"https:\/\/www.europesays.com\/fr\/wp-json\/wp\/v2\/categories?post=579725"},{"taxonomy":"post_tag","embeddable":true,"href":"https:\/\/www.europesays.com\/fr\/wp-json\/wp\/v2\/tags?post=579725"}],"curies":[{"name":"wp","href":"https:\/\/api.w.org\/{rel}","templated":true}]}}