{"id":579729,"date":"2025-12-05T11:26:13","date_gmt":"2025-12-05T11:26:13","guid":{"rendered":"https:\/\/www.europesays.com\/fr\/579729\/"},"modified":"2025-12-05T11:26:13","modified_gmt":"2025-12-05T11:26:13","slug":"a-rennes-un-chauffeur-juge-pour-avoir-fauche-une-trottinette","status":"publish","type":"post","link":"https:\/\/www.europesays.com\/fr\/579729\/","title":{"rendered":"\u00e0 Rennes, un chauffeur jug\u00e9 pour avoir fauch\u00e9 une trottinette"},"content":{"rendered":"<p>                    Par<br \/>\n        <strong><br \/>\n            <a href=\"https:\/\/actu.fr\/auteur\/redaction-rennes\" title=\"Consulter tous les articles de R\u00e9daction Rennes\" target=\"_blank\" rel=\"noopener\">R\u00e9daction Rennes<\/a><br \/>\n                    <\/strong><\/p>\n<p>        Publi\u00e9 le<\/p>\n<p>            5 d\u00e9c. 2025 \u00e0 12h18        <\/p>\n<p>Le tribunal correctionnel de Rennes a jug\u00e9, mercredi 3\u00a0d\u00e9cembre 2025, un conducteur de poids lourds impliqu\u00e9 dans un grave accident avec une trottinette \u00e9lectrique, \u00e0 Rennes. Les faits s\u2019\u00e9taient d\u00e9roul\u00e9s le 4\u00a0janvier 2024, vers 15h45, <strong>au croisement des rues de l\u2019Alma et Marcel-Sembat<\/strong>, dans le sud de Rennes. Alors qu\u2019il effectuait une \u00ab\u2009man\u0153uvre\u2009\u00bb pour \u00ab\u2009tourner \u00e0 droite\u2009\u00bb, <strong>le poids lourd de \u00ab\u200926\u00a0tonnes\u2009\u00bb<\/strong> \u2013 conduit par Fran\u00e7ois \u2013 avait <strong>percut\u00e9 un jeune homme.<\/strong><\/p>\n<p class=\" wall-content\">Ce dernier circulait en <strong>trottinette \u00e9lectrique<\/strong> sur la \u00ab\u2009bande cyclable \u00bb. Pierrick avait en fait essay\u00e9 de \u00ab\u2009freiner\u2009\u00bb pour \u00e9viter le camion, mais il avait \u00ab\u2009gliss\u00e9\u2009\u00bb car la chauss\u00e9e \u00e9tait \u00ab\u2009mouill\u00e9e\u2009\u00bb et s\u2019\u00e9tait retrouv\u00e9<strong> \u00ab\u2009coinc\u00e9\u2009\u00bb sous la roue arri\u00e8re du poids lourd,<\/strong> qui avait repris sa \u00ab\u2009marche avant\u2009\u00bb. Gri\u00e8vement bless\u00e9 au bassin et \u00e0 la jambe, il avait d\u00fb \u00eatre \u00ab\u2009op\u00e9r\u00e9 en urgence\u2009\u00bb et s\u2019\u00e9tait vu prescrire une incapacit\u00e9 totale de travail (ITT) de trois mois.<\/p>\n<p>Il maintient sa version des faits<\/p>\n<p class=\" wall-content\">Entendu par les enqu\u00eateurs, Fran\u00e7ois avait expliqu\u00e9 s\u2019\u00eatre rendu compte de l\u2019accident <strong>apr\u00e8s avoir \u00ab\u2009senti quelque chose\u2009\u00bb<\/strong> sous sa roue et avoir vu une passante lui \u00ab\u2009faire des gestes\u2009\u00bb. Mais il d\u00e9clarait n\u2019avoir \u00ab\u2009rien vu dans l\u2019imm\u00e9diat\u2009\u00bb et estimait qu\u2019il n\u2019avait commis aucune \u00ab\u2009faute de conduite\u2009\u00bb.<\/p>\n<p class=\" wall-content\">\u00c0 la barre du tribunal correctionnel de Rennes, <strong>ce p\u00e8re de famille de 34\u00a0ans<\/strong> avait maintenu sa version.<\/p>\n<p>\u00ab\u2009J\u2019ai fait tous mes contr\u00f4les\u2009\u00bb<\/p>\n<p class=\" wall-content\">\u00ab\u2009Mon poste de conduite avait pass\u00e9 la piste cyclable, et la tra\u00eene du camion \u00e9tait \u00e0 huit ou dix m\u00e8tres\u2009\u00bb, a expliqu\u00e9 le chauffeur routier. Or, \u00e0 cette distance, \u00ab\u2009je n\u2019ai plus que deux m\u00e8tres de vision dans mes r\u00e9troviseurs\u2009\u00bb et le poids lourd n\u2019est pas \u00e9quip\u00e9 de \u00ab\u2009cam\u00e9ra de vision p\u00e9riph\u00e9rique\u2009\u00bb. Fran\u00e7ois <strong>n\u2019a \u00ab\u2009pas tellement de r\u00e9ponses\u2009\u00bb<\/strong> sur ce qu\u2019il aurait pu \u00ab\u2009am\u00e9liorer\u2009\u00bb. \u00ab\u2009J\u2019ai fait tous mes contr\u00f4les\u2009\u00bb, a-t-il assur\u00e9.<\/p>\n<p class=\" wall-content\">Pierrick, lui, s\u2019est dit \u00ab\u2009persuad\u00e9\u2009\u00bb que Fran\u00e7ois l\u2019avait vu. Le jeune homme, qui se rendait \u00e0 son travail au magasin Carrefour de la rue de Nantes ce jour-l\u00e0, <strong>assure avoir \u00ab\u2009ralenti\u2009\u00bb<\/strong> et \u00ab\u2009attendu\u2009\u00bb que le camion finisse sa man\u0153uvre. Puis il avait red\u00e9marr\u00e9 car il pensait \u00ab\u2009avoir l\u2019espace\u2009\u00bb\u2026<\/p>\n<p>Votre r\u00e9gion, votre actu !<\/p>\n<p>Recevez chaque jour les infos qui comptent pour vous.<\/p>\n<p>\t<a href=\"https:\/\/actu.fr\/newsletter\" class=\"ac-btn ac-btn--corner ac-btn--medium ac-btn--blue800\" target=\"_blank\" rel=\"noopener\">S&rsquo;incrire<\/a><br \/>\nDes s\u00e9quelles physiques<\/p>\n<p class=\" wall-content\">\u00ab\u2009\u00c0 ce moment, la prise d\u2019information [du chauffeur, N.D.L.R] \u00e9tait peut-\u00eatre mauvaise\u2009\u00bb, a-t-il avanc\u00e9 \u00e0 la barre du tribunal correctionnel de Rennes. Pierrick conserve aujourd\u2019hui encore <strong>des s\u00e9quelles<\/strong> de l\u2019accident et a \u00e9t\u00e9 d\u00e9clar\u00e9 <strong>\u00ab\u2009inapte\u2009\u00bb au travail<\/strong>.<\/p>\n<blockquote class=\"ac-article-quote wall-content\">\n<p>\u00c0 25 ans, perdre son pied d\u00e9finitivement&#8230; C&rsquo;est trop difficile pour moi de m&rsquo;exprimer.<\/p>\n<p>    <strong>Pierrick<\/strong>\n            <\/p><\/blockquote>\n<p class=\" wall-content\"><strong>Fran\u00e7ois \u00ab\u2009aurait eu le temps de s\u2019apercevoir\u2009\u00bb<\/strong> de la trottinette \u00e9lectrique \u00ab\u2009s\u2019il avait effectu\u00e9 les contr\u00f4les n\u00e9cessaires\u2009\u00bb, a appuy\u00e9 l\u2019avocate de Pierrick. Tout conducteur doit en effet \u00ab\u2009s\u2019assurer qu\u2019il peut effectuer ses man\u0153uvres sans danger\u2009\u00bb, a-t-elle rappel\u00e9. Elle s\u2019est d\u2019ailleurs \u00ab\u2009\u00e9tonn\u00e9\u2009\u00bb que le poids lourd ne soit pas \u00e9quip\u00e9 d\u2019un \u00ab\u2009avertisseur sonore\u2009\u00bb.<\/p>\n<p>Finalement relax\u00e9<\/p>\n<p class=\" wall-content\">Reste qu\u2019il n\u2019est \u00ab\u2009pas \u00e9vident d\u2019identifier une \u00e9ventuelle faute de conduite\u2009\u00bb du chauffeur routier, a nuanc\u00e9 le procureur de la R\u00e9publique. Si Fran\u00e7ois devait faire preuve d\u2019une \u00ab\u2009prudence\u2009\u00bb et d\u2019une \u00ab\u2009attention particuli\u00e8re\u2009\u00bb, Pierrick a \u00ab\u2009avanc\u00e9\u2009\u00bb alors qu\u2019il a \u00ab\u2009vu que la man\u0153uvre n\u2019\u00e9tait pas finie\u2009\u00bb.<\/p>\n<p class=\" wall-content\">Le trottinettiste, <strong>qui roulait sans assurance<\/strong>, \u00e9tait d\u2019ailleurs <strong>\u00ab\u2009positif au cannabis et aux opiac\u00e9es\u2009\u00bb<\/strong> et des t\u00e9moins ont indiqu\u00e9 <strong>qu\u2019il \u00ab\u2009roulait vite\u2009\u00bb\u2026<\/strong> Compte tenu de ce \u00ab\u2009balancier\u2009\u00bb, le magistrat s\u2019en est \u00ab\u2009rapport\u00e9 \u00e0 l\u2019appr\u00e9ciation\u2009\u00bb du tribunal.<\/p>\n<p class=\" wall-content\">L\u2019avocat de Fran\u00e7ois a pour sa part regrett\u00e9 qu\u2019on demande \u00e0 son client de \u00ab\u2009faire l\u2019impossible\u2009\u00bb. <strong>\u00ab\u2009De l\u00e0 o\u00f9 il \u00e9tait, il ne pouvait pas voir\u2009\u00bb,<\/strong> a insist\u00e9 Me Lucas Herv\u00e9. Il n\u2019y avait donc selon lui aucune \u00ab\u2009faute p\u00e9nale identifiable\u2009\u00bb, pas m\u00eame une \u00ab\u2009faute non intentionnelle\u2009\u00bb.<\/p>\n<p class=\" wall-content\">Mais la \u00ab\u2009probit\u00e9 professionnelle\u2009\u00bb de Fran\u00e7ois a \u00e9t\u00e9 \u00ab\u2009mise en question\u2009\u00bb dans cette proc\u00e9dure, a regrett\u00e9 l\u2019avocat. Depuis l\u2019accident, le pr\u00e9venu ne \u00ab\u2009conduit plus en centre-ville\u2009\u00bb et <strong>envisage m\u00eame de \u00ab\u2009changer de m\u00e9tier\u2009\u00bb.<\/strong> Le tribunal correctionnel de Rennes<strong> l\u2019a finalement relax\u00e9.<\/strong><\/p>\n<p class=\" wall-content\"><strong>RB et GF (PressPepper)<\/strong><\/p>\n<p class=\" wall-content\">Personnalisez votre actualit\u00e9 en ajoutant vos villes et m\u00e9dias en favori avec <a href=\"https:\/\/moncompte.actu.fr\" title=\"D\u00e9couvez Mon Actu\" rel=\"nofollow noopener\" data-trk=\"{&quot;cta&quot;:{&quot;action&quot;:&quot;https:\\\/\\\/moncompte.actu.fr&quot;,&quot;category&quot;:&quot;mon compte&quot;,&quot;from&quot;:&quot;article footer&quot;,&quot;name&quot;:&quot;Mon actu&quot;,&quot;type&quot;:&quot;cta&quot;}}\" target=\"_blank\">Mon Actu<\/a>.<\/p>\n","protected":false},"excerpt":{"rendered":"Par R\u00e9daction Rennes Publi\u00e9 le 5 d\u00e9c. 2025 \u00e0 12h18 Le tribunal correctionnel de Rennes a jug\u00e9, mercredi&hellip;\n","protected":false},"author":2,"featured_media":579730,"comment_status":"","ping_status":"","sticky":false,"template":"","format":"standard","meta":{"footnotes":""},"categories":[2821],"tags":[119,1111,11,829,1777,674,118,1011,27,303,12,584,25,6960],"class_list":{"0":"post-579729","1":"post","2":"type-post","3":"status-publish","4":"format-standard","5":"has-post-thumbnail","7":"category-rennes","8":"tag-accident","9":"tag-actu","10":"tag-actualites","11":"tag-bretagne","12":"tag-eu","13":"tag-europe","14":"tag-faits-divers","15":"tag-fr","16":"tag-france","17":"tag-justice","18":"tag-news","19":"tag-rennes","20":"tag-republique-francaise","21":"tag-trottinette-electrique"},"share_on_mastodon":{"url":"https:\/\/pubeurope.com\/@fr\/115666720206985883","error":""},"_links":{"self":[{"href":"https:\/\/www.europesays.com\/fr\/wp-json\/wp\/v2\/posts\/579729","targetHints":{"allow":["GET"]}}],"collection":[{"href":"https:\/\/www.europesays.com\/fr\/wp-json\/wp\/v2\/posts"}],"about":[{"href":"https:\/\/www.europesays.com\/fr\/wp-json\/wp\/v2\/types\/post"}],"author":[{"embeddable":true,"href":"https:\/\/www.europesays.com\/fr\/wp-json\/wp\/v2\/users\/2"}],"replies":[{"embeddable":true,"href":"https:\/\/www.europesays.com\/fr\/wp-json\/wp\/v2\/comments?post=579729"}],"version-history":[{"count":0,"href":"https:\/\/www.europesays.com\/fr\/wp-json\/wp\/v2\/posts\/579729\/revisions"}],"wp:featuredmedia":[{"embeddable":true,"href":"https:\/\/www.europesays.com\/fr\/wp-json\/wp\/v2\/media\/579730"}],"wp:attachment":[{"href":"https:\/\/www.europesays.com\/fr\/wp-json\/wp\/v2\/media?parent=579729"}],"wp:term":[{"taxonomy":"category","embeddable":true,"href":"https:\/\/www.europesays.com\/fr\/wp-json\/wp\/v2\/categories?post=579729"},{"taxonomy":"post_tag","embeddable":true,"href":"https:\/\/www.europesays.com\/fr\/wp-json\/wp\/v2\/tags?post=579729"}],"curies":[{"name":"wp","href":"https:\/\/api.w.org\/{rel}","templated":true}]}}