{"id":579733,"date":"2025-12-05T11:28:24","date_gmt":"2025-12-05T11:28:24","guid":{"rendered":"https:\/\/www.europesays.com\/fr\/579733\/"},"modified":"2025-12-05T11:28:24","modified_gmt":"2025-12-05T11:28:24","slug":"strasbourg-la-patisserie-jaune-citron-ouvre-une-deuxieme-adresse-et-envoie-sa-buche-signature-a-paris","status":"publish","type":"post","link":"https:\/\/www.europesays.com\/fr\/579733\/","title":{"rendered":"Strasbourg. La p\u00e2tisserie Jaune Citron ouvre une deuxi\u00e8me adresse et envoie sa b\u00fbche signature \u00e0 Paris"},"content":{"rendered":"<p>Elle porte une grosse montre au poignet, comme un rappel permanent de sa course contre le temps\u2026 Ces jours-ci, il file \u00e0 la vitesse de l\u2019\u00e9clair (le vrai, pas celui au chocolat) pour Laura Schneider, dont la vie a chang\u00e9 du tout au tout depuis qu\u2019elle a troqu\u00e9 le tableau noir contre le laminoir, pour passer de professeure des \u00e9coles \u00e0 p\u00e2tissi\u00e8re.<\/p>\n<p>Mardi 25\u00a0novembre, elle ouvrait une deuxi\u00e8me boutique doubl\u00e9e d\u2019un salon de th\u00e9, Grand\u2019rue\u00a0; lundi, elle sera \u00e0 Paris avec sa b\u00fbche signature et une partie de son \u00e9quipe. Pincez-la, elle croit r\u00eaver\u00a0!<\/p>\n<p>&#13;<br \/>\n  Direction Paris\u00a0!<\/p>\n<p>    &#13;<br \/>\n    &#13;<br \/>\n    &#13;<br \/>\n    <a href=\"https:\/\/cdn-s-www.dna.fr\/images\/990e7653-4942-4e83-9a51-775212123a17\/NW_raw\/signature-de-laura-schneider-l-audacieux-citron-ne-quitte-jamais-la-vitrine-photo-franck-kobi-1764932205.jpg\" title=\"Signature de Laura Schneider, \u201cl\u2019Audacieux citron\u201d ne quitte jamais la vitrine. \u00a0 Photo Franck Kobi\" class=\"chocolat-image GA-tracking\" data-ga_type=\"click\" data-ga_category=\"D\u00e9tail\" data-ga_action=\"zoomer\" data-ga_label=\"aggrandir image\" target=\"_blank\" rel=\"noopener\">&#13;<br \/>\n        <img src=\"https:\/\/www.europesays.com\/fr\/wp-content\/uploads\/2025\/12\/signature-de-laura-schneider-l-audacieux-citron-ne-quitte-jamais-la-vitrine-photo-franck-kobi-176493.jpeg\"   alt=\"Signature de Laura Schneider, \u201cl\u2019Audacieux citron\u201d ne quitte jamais la vitrine. \u00a0 Photo Franck Kobi\" fetchpriority=\"high\" decoding=\"async\" data-mobile=\"NW_listA_M|1764932205\" data-base=\"NW_listA|1764932205\"\/>&#13;<br \/>\n    <\/a>&#13;<\/p>\n<p>Signature de Laura Schneider, \u201cl\u2019Audacieux citron\u201d ne quitte jamais la vitrine. \u00a0 Photo Franck Kobi<\/p>\n<p><a href=\"https:\/\/www.dna.fr\/economie\/2022\/08\/25\/l-institutrice-devenue-patissiere\" target=\"_blank\" rel=\"noopener\">Une disponibilit\u00e9\u00a0; un CAP pass\u00e9 en candidate libre, en 2020\u00a0; une premi\u00e8re ouverture dans un local de poche de la rue de l\u2019Ail, \u00e0 deux, \u00e0 l\u2019\u00e9t\u00e9 2022.<\/a> Et depuis\u2026 Bye-bye l\u2019\u00c9ducation nationale\u00a0; place aux milliers de cookies, <a href=\"https:\/\/www.dna.fr\/economie\/2024\/12\/13\/buches-de-noel-notre-selection-2024-va-vous-surprendre\" target=\"_blank\" rel=\"noopener\">aux centaines de b\u00fbches<\/a> et \u00e0 une s\u00e9lection d\u2019entremets. Comme cet \u201cAudacieux citron\u201d signature fa\u00e7on trompe-l\u2019\u0153il, dont le nom lui va si bien.\u00a0Avec Laura Schneider, aujourd\u2019hui, entre les labos et la seconde boutique, ils sont 27 (des femmes, pour l\u2019essentiel) \u00e0 transmettre leur passion chez Jaune Citron. Et comme ici tout est beau et bon et que la jeune femme est aussi \u00e0 l\u2019aise sur les r\u00e9seaux sociaux qu\u2019un rouleau \u00e0 p\u00e2tisserie \u00e0 la main, elle entra\u00eene toute une communaut\u00e9 gourmande, succ\u00e8s m\u00e9rit\u00e9 \u00e0 la cl\u00e9.<\/p>\n<p>    &#13;<br \/>\n    &#13;<br \/>\n    &#13;<br \/>\n    <a href=\"https:\/\/cdn-s-www.dna.fr\/images\/4da45e60-b874-4a0f-bb35-05d02fed0ae3\/NW_raw\/les-cookies-a-partager-ou-non-sont-ultra-gourmands-photo-franck-kobi-1764932205.jpg\" title=\"Les cookies, \u00e0 partager ou non, sont ultra-gourmands. \u00a0 Photo Franck Kobi\" class=\"chocolat-image GA-tracking\" data-ga_type=\"click\" data-ga_category=\"D\u00e9tail\" data-ga_action=\"zoomer\" data-ga_label=\"aggrandir image\" target=\"_blank\" rel=\"noopener\">&#13;<br \/>\n        <img src=\"https:\/\/www.europesays.com\/fr\/wp-content\/uploads\/2025\/12\/les-cookies-a-partager-ou-non-sont-ultra-gourmands-photo-franck-kobi-1764932205.jpg\"   alt=\"Les cookies, \u00e0 partager ou non, sont ultra-gourmands. \u00a0 Photo Franck Kobi\" fetchpriority=\"high\" decoding=\"async\" data-mobile=\"NW_listA_M|1764932205\" data-base=\"NW_listA|1764932205\"\/>&#13;<br \/>\n    <\/a>&#13;<\/p>\n<p> Les cookies, \u00e0 partager ou non, sont ultra-gourmands. \u00a0 Photo Franck Kobi <\/p>\n<p><a href=\"https:\/\/www.dna.fr\/economie\/2025\/06\/30\/jaune-citron-meilleure-patisserie-a-explorer-2025\" target=\"_blank\" rel=\"noopener\">Gratifi\u00e9e d\u2019une \u201cMadeleine 2025\u201d\u00a0par le m\u00e9dia Fou de p\u00e2tisserie, d\u00e9sign\u00e9e \u201cP\u00e2tisserie \u00e0 explorer 2025\u201d par le guide La Liste ,<\/a> l\u2019enseigne continue aussi de convaincre la profession. Sa b\u00fbche signature vient d\u2019\u00eatre s\u00e9lectionn\u00e9e, parmi quatre finalistes en France, pour \u00eatre mise en avant par Fou de p\u00e2tisserie , qui la vendra dans sa boutique parisienne. Lundi 8\u00a0d\u00e9cembre, elle est convi\u00e9e \u00e0 la remise des troph\u00e9es au th\u00e9\u00e2tre de la Madeleine, et saura si elle a plu \u00e0 la redoutable <a href=\"https:\/\/www.dna.fr\/p\/mercotte\" target=\"_blank\" rel=\"noopener\">Mercotte<\/a>, au gagnant de Top Chef Mohamed Cheikh, au chef p\u00e2tissier Christophe Adam ou \u00e0 Amaury Bouhours, chef du restaurant Le Meurice d\u2019<a href=\"https:\/\/www.dna.fr\/p\/alain-ducasse\" target=\"_blank\" rel=\"noopener\">Alain Ducasse<\/a>, qui parmi quelques autres pointures, l\u2019auront d\u00e9gust\u00e9e&#8230; Petite pression, donc.<\/p>\n<p>&#13;<br \/>\n  \u00a0\u201cL\u2019\u00e9l\u00e9gant bredele\u201d, b\u00fbche signature en forme de m\u00e4nnele<\/p>\n<p>    &#13;<br \/>\n    &#13;<br \/>\n    &#13;<br \/>\n    <a href=\"https:\/\/cdn-s-www.dna.fr\/images\/89a06c20-d35a-468c-ae51-a31b9e5f8b8b\/NW_raw\/la-buche-signature-2025-l-elegant-bredele-selectionnee-avec-quatre-autres-en-france-par-fou-de-patisserie-photo-lucas-muller-1764932205.jpg\" title=\"La b\u00fbche signature 2025, \u201cL\u2019\u00e9l\u00e9gant bredele\u201d, s\u00e9lectionn\u00e9e avec quatre autres en France par Fou de p\u00e2tisserie. \u00a0 Photo Lucas Muller\" class=\"chocolat-image GA-tracking\" data-ga_type=\"click\" data-ga_category=\"D\u00e9tail\" data-ga_action=\"zoomer\" data-ga_label=\"aggrandir image\" target=\"_blank\" rel=\"noopener\">&#13;<br \/>\n        <img src=\"https:\/\/www.europesays.com\/fr\/wp-content\/uploads\/2025\/12\/la-buche-signature-2025-l-elegant-bredele-selectionnee-avec-quatre-autres-en-france-par-fou-de-patis.jpeg\"   alt=\"La b\u00fbche signature 2025, \u201cL\u2019\u00e9l\u00e9gant bredele\u201d, s\u00e9lectionn\u00e9e avec quatre autres en France par Fou de p\u00e2tisserie. \u00a0 Photo Lucas Muller\" fetchpriority=\"high\" decoding=\"async\" data-mobile=\"NW_listA_M|1764932205\" data-base=\"NW_listA|1764932205\"\/>&#13;<br \/>\n    <\/a>&#13;<\/p>\n<p> La b\u00fbche signature 2025, \u201cL\u2019\u00e9l\u00e9gant bredele\u201d, s\u00e9lectionn\u00e9e avec quatre autres en France par Fou de p\u00e2tisserie. \u00a0 Photo Lucas Muller <\/p>\n<p>Question symbole, en tout cas, difficile de faire mieux que \u201cL\u2019\u00e9l\u00e9gant bredele\u201d en forme de m\u00e4nnele. Parce que rien ne repr\u00e9sente aussi bien Strasbourg \u00e0 l\u2019approche de No\u00ebl que son Christkindelsm\u00e4rik et les effluves de bredele sortant du four, \u00ab\u00a0c\u2019est sur cette base que j\u2019ai eu envie de travailler\u00a0\u00bb, explique Laura Schneider. Pour la douceur et le c\u00f4t\u00e9 r\u00e9confortant, fa\u00e7on madeleine de Proust\u00a0; mais avec un visuel \u00e9pur\u00e9 et tr\u00e8s actuel.<\/p>\n<p>    &#13;<br \/>\n    &#13;<br \/>\n    &#13;<br \/>\n    <a href=\"https:\/\/cdn-s-www.dna.fr\/images\/494c5bde-0e34-4207-b2e1-cd9d0d361cf5\/NW_raw\/les-babkas-seront-bientot-rejointes-en-vitrine-par-de-nouvelles-viennoiseries-photo-franck-kobi-1764932205.jpg\" title=\"Les babkas seront bient\u00f4t rejointes en vitrine par de nouvelles viennoiseries. \u00a0 Photo Franck Kobi\" class=\"chocolat-image GA-tracking\" data-ga_type=\"click\" data-ga_category=\"D\u00e9tail\" data-ga_action=\"zoomer\" data-ga_label=\"aggrandir image\" target=\"_blank\" rel=\"noopener\">&#13;<br \/>\n        <img src=\"https:\/\/www.europesays.com\/fr\/wp-content\/uploads\/2025\/12\/les-babkas-seront-bientot-rejointes-en-vitrine-par-de-nouvelles-viennoiseries-photo-franck-kobi-1764.jpeg\"   alt=\"Les babkas seront bient\u00f4t rejointes en vitrine par de nouvelles viennoiseries. \u00a0 Photo Franck Kobi\" fetchpriority=\"high\" decoding=\"async\" data-mobile=\"NW_listA_M|1764932205\" data-base=\"NW_listA|1764932205\"\/>&#13;<br \/>\n    <\/a>&#13;<\/p>\n<p> Les babkas seront bient\u00f4t rejointes en vitrine par de nouvelles viennoiseries. \u00a0 Photo Franck Kobi <\/p>\n<p>La p\u00e2tissi\u00e8re a pr\u00e9par\u00e9 ses petits g\u00e2teaux, puis les a fait infuser pour en concentrer la gourmandise. Cr\u00e9meux bredele aux \u00e9pices de No\u00ebl, confiture de lait \u00e0 la vanille de Madagascar, mousse bredele, biscuit moelleux \u00e0 la vanille, croustillant dulcey, pralin\u00e9 macadamia\u00a0; le tout, mont\u00e9 dans un moule r\u00e9alis\u00e9 sur-mesure. \u00ab\u00a0On vend cette b\u00fbche pour huit personnes 65\u00a0\u20ac, ce qui para\u00eet cher. Mais \u00e7a ne l\u2019est pas tant que \u00e7a quand on compte le temps de recherche, tous les essais, le co\u00fbt du moule, la qualit\u00e9 des ingr\u00e9dients, le nombre de pr\u00e9parations\u2026\u00a0\u00bb, explique celle qui d\u00e9fend une approche artisanale et autant que possible localement sourc\u00e9e du m\u00e9tier.<\/p>\n<p>&#13;<br \/>\n  Un salon de th\u00e9 de 27 places<\/p>\n<p>    &#13;<br \/>\n    &#13;<br \/>\n    &#13;<br \/>\n    <a href=\"https:\/\/cdn-s-www.dna.fr\/images\/fbb48164-deeb-44f3-ad53-1e2277710e69\/NW_raw\/laura-schneider-a-imagine-cette-nouvelle-adresse-a-son-image-creative-et-pleine-de-peps-photo-franck-kobi-1764932205.jpg\" title=\"Laura Schneider a imagin\u00e9 cette nouvelle adresse \u00e0 son image : cr\u00e9ative et pleine de peps. \u00a0 Photo Franck Kobi\" class=\"chocolat-image GA-tracking\" data-ga_type=\"click\" data-ga_category=\"D\u00e9tail\" data-ga_action=\"zoomer\" data-ga_label=\"aggrandir image\" target=\"_blank\" rel=\"noopener\">&#13;<br \/>\n        <img src=\"https:\/\/www.europesays.com\/fr\/wp-content\/uploads\/2025\/12\/laura-schneider-a-imagine-cette-nouvelle-adresse-a-son-image-creative-et-pleine-de-peps-photo-franck.jpeg\"   alt=\"Laura Schneider a imagin\u00e9 cette nouvelle adresse \u00e0 son image : cr\u00e9ative et pleine de peps. \u00a0 Photo Franck Kobi\" fetchpriority=\"high\" decoding=\"async\" data-mobile=\"NW_listA_M|1764932205\" data-base=\"NW_listA|1764932205\"\/>&#13;<br \/>\n    <\/a>&#13;<\/p>\n<p> Laura Schneider a imagin\u00e9 cette nouvelle adresse \u00e0 son image : cr\u00e9ative et pleine de peps. \u00a0 Photo Franck Kobi <\/p>\n<p>La m\u00eame philosophie impr\u00e8gne la boutique de la Grand\u2019rue, imagin\u00e9e par le bureau d\u2019architecture Nara. Ouverte il y a moins de deux semaines, elle ne d\u00e9semplit pas. Elle est comme Laura Schneider l\u2019avait imagin\u00e9e. Singuli\u00e8re et fra\u00eeche, dot\u00e9e de larges baies vitr\u00e9es, d\u2019un \u201cmur de cookies\u201d \u00e0 l\u2019entr\u00e9e et de carrelage au sol, elle reprend tous les codes de Jaune Citron. Avec vue sur le labo de 80 m 2 (contre 25 m 2 rue de l\u2019Ail), cloison fa\u00e7on paravent pliss\u00e9 et longue banquette citronn\u00e9e courant le long d\u2019un mur.<\/p>\n<p>Le salon de th\u00e9 offre 27 places pour s\u2019attabler. Le temps de d\u00e9guster les 17 vari\u00e9t\u00e9s de cookies, une part de cake marbr\u00e9, un entremets de saison ou une viennoiserie maison. C\u00f4t\u00e9 sal\u00e9, on peut piocher parmi plusieurs \u201crolls\u201d. Le tout est servi dans une jolie vaisselle artisanale, cr\u00e9\u00e9e pour la boutique par C\u00e9line Dupret et La Fabrique d\u2019Ana\u00efs.<\/p>\n<p>    &#13;<br \/>\n    &#13;<br \/>\n    &#13;<br \/>\n    <a href=\"https:\/\/cdn-s-www.dna.fr\/images\/4f6adbf2-4ea9-46a6-8fd3-677bfa306abb\/NW_raw\/realisee-sur-mesure-et-dans-le-theme-la-vaisselle-est-signee-celine-dupret-et-la-fabrique-d-anais-photo-franck-kobi-1764932205.jpg\" title=\"R\u00e9alis\u00e9e sur-mesure et dans le th\u00e8me, la vaisselle est sign\u00e9e C\u00e9line Dupret et La Fabrique d\u2019Ana\u00efs. \u00a0 Photo Franck Kobi\" class=\"chocolat-image GA-tracking\" data-ga_type=\"click\" data-ga_category=\"D\u00e9tail\" data-ga_action=\"zoomer\" data-ga_label=\"aggrandir image\" target=\"_blank\" rel=\"noopener\">&#13;<br \/>\n        <img src=\"https:\/\/www.europesays.com\/fr\/wp-content\/uploads\/2025\/12\/realisee-sur-mesure-et-dans-le-theme-la-vaisselle-est-signee-celine-dupret-et-la-fabrique-d-anais-ph.jpeg\"   alt=\"R\u00e9alis\u00e9e sur-mesure et dans le th\u00e8me, la vaisselle est sign\u00e9e C\u00e9line Dupret et La Fabrique d\u2019Ana\u00efs. \u00a0 Photo Franck Kobi\" fetchpriority=\"high\" decoding=\"async\" data-mobile=\"NW_listA_M|1764932205\" data-base=\"NW_listA|1764932205\"\/>&#13;<br \/>\n    <\/a>&#13;<\/p>\n<p> R\u00e9alis\u00e9e sur-mesure et dans le th\u00e8me, la vaisselle est sign\u00e9e C\u00e9line Dupret et La Fabrique d\u2019Ana\u00efs. \u00a0 Photo Franck Kobi <\/p>\n<p>  Bient\u00f4t des brunchs le week-end<\/p>\n<p>Une fois bien install\u00e9e et pass\u00e9 la folle p\u00e9riode de No\u00ebl, Laura Schneider reprendra ses ateliers p\u00e2tisserie. Elle proposera des plats du jour \u00e0 midi \u2013 elle est en qu\u00eate d\u2019un chef cuisinier \u2013 \u00ab\u00a0ainsi que des brunchs \u00e0 la carte, les samedis et dimanches, sur r\u00e9servation\u00a0\u00bb. Pour le reste, la p\u00e2tissi\u00e8re est ravie de faire partie de cette Grand\u2019rue et de ses abords de plus en plus dynamiques et gourmands, o\u00f9 dans une saine \u00e9mulation, <a href=\"https:\/\/www.dna.fr\/edition-de-strasbourg\/2014\/04\/26\/rond-comme-un-macaron\" target=\"_blank\" rel=\"noopener\">la reine des macarons<\/a> \u00a0 <a href=\"https:\/\/www.dna.fr\/economie\/2025\/04\/08\/un-jeune-couple-lance-avellina-une-nouvelle-patisserie-grand-rue\" target=\"_blank\" rel=\"noopener\">ou les sp\u00e9cialistes du Paris-Brest et du flan p\u00e2tissier<\/a> rencontrent <a href=\"https:\/\/www.dna.fr\/culture-loisirs\/2021\/02\/12\/eclairs-et-pate-a-choux-debarquent-grand-rue\" target=\"_blank\" rel=\"noopener\">celui des \u00e9clairs.<\/a> Sans compter les nombreuses propositions sal\u00e9es. Fa\u00e7on \u201cCarr\u00e9 d\u2019Or des trentenaires\u201d, o\u00f9 chacun garde son \u00e2me et cultive son identit\u00e9. \u00c0 base, ici, de cr\u00e9ativit\u00e9, de cookies et de citron.<\/p>\n<p class=\"note\">Jaune Citron, 39, Grand\u2019rue et 17, rue de l\u2019Ail \u00e0 Strasbourg, ouvert du mardi au vendredi, de 9\u00a0h\u00a030 \u00e0 19\u00a0h et le samedi de 9\u00a0h \u00e0 18\u00a0h\u00a030.<\/p>\n","protected":false},"excerpt":{"rendered":"Elle porte une grosse montre au poignet, comme un rappel permanent de sa course contre le temps\u2026 Ces&hellip;\n","protected":false},"author":2,"featured_media":579734,"comment_status":"","ping_status":"","sticky":false,"template":"","format":"standard","meta":{"footnotes":""},"categories":[2820],"tags":[1111,11,1477,4406,130,33,2880,1777,674,107,1011,27,775,12,25,640,2879],"class_list":{"0":"post-579733","1":"post","2":"type-post","3":"status-publish","4":"format-standard","5":"has-post-thumbnail","7":"category-strasbourg","8":"tag-actu","9":"tag-actualites","10":"tag-artisanat","11":"tag-commerce-et-services","12":"tag-consommation","13":"tag-economie","14":"tag-edition-strasbourg","15":"tag-eu","16":"tag-europe","17":"tag-fil-info","18":"tag-fr","19":"tag-france","20":"tag-grand-est","21":"tag-news","22":"tag-republique-francaise","23":"tag-strasbourg","24":"tag-strasbourg-ville"},"share_on_mastodon":{"url":"https:\/\/pubeurope.com\/@fr\/115666731576234527","error":""},"_links":{"self":[{"href":"https:\/\/www.europesays.com\/fr\/wp-json\/wp\/v2\/posts\/579733","targetHints":{"allow":["GET"]}}],"collection":[{"href":"https:\/\/www.europesays.com\/fr\/wp-json\/wp\/v2\/posts"}],"about":[{"href":"https:\/\/www.europesays.com\/fr\/wp-json\/wp\/v2\/types\/post"}],"author":[{"embeddable":true,"href":"https:\/\/www.europesays.com\/fr\/wp-json\/wp\/v2\/users\/2"}],"replies":[{"embeddable":true,"href":"https:\/\/www.europesays.com\/fr\/wp-json\/wp\/v2\/comments?post=579733"}],"version-history":[{"count":0,"href":"https:\/\/www.europesays.com\/fr\/wp-json\/wp\/v2\/posts\/579733\/revisions"}],"wp:featuredmedia":[{"embeddable":true,"href":"https:\/\/www.europesays.com\/fr\/wp-json\/wp\/v2\/media\/579734"}],"wp:attachment":[{"href":"https:\/\/www.europesays.com\/fr\/wp-json\/wp\/v2\/media?parent=579733"}],"wp:term":[{"taxonomy":"category","embeddable":true,"href":"https:\/\/www.europesays.com\/fr\/wp-json\/wp\/v2\/categories?post=579733"},{"taxonomy":"post_tag","embeddable":true,"href":"https:\/\/www.europesays.com\/fr\/wp-json\/wp\/v2\/tags?post=579733"}],"curies":[{"name":"wp","href":"https:\/\/api.w.org\/{rel}","templated":true}]}}