{"id":579741,"date":"2025-12-05T11:33:09","date_gmt":"2025-12-05T11:33:09","guid":{"rendered":"https:\/\/www.europesays.com\/fr\/579741\/"},"modified":"2025-12-05T11:33:09","modified_gmt":"2025-12-05T11:33:09","slug":"un-reseau-arrete-a-nantes","status":"publish","type":"post","link":"https:\/\/www.europesays.com\/fr\/579741\/","title":{"rendered":"un r\u00e9seau arr\u00eat\u00e9 \u00e0 Nantes"},"content":{"rendered":"<p>                    Par<br \/>\n        <strong><br \/>\n            <a href=\"https:\/\/actu.fr\/auteur\/thomas-bernard\" title=\"Consulter tous les articles de Thomas Bernard\" target=\"_blank\" rel=\"noopener\">Thomas Bernard<\/a><br \/>\n                    <\/strong><\/p>\n<p>        Publi\u00e9 le<\/p>\n<p>            5 d\u00e9c. 2025 \u00e0 11h46        <\/p>\n<p>Drogue, armes \u00e0 feu, t\u00e9l\u00e9phones sont livr\u00e9s par drone aux d\u00e9tenus dans plusieurs prisons fran\u00e7aises. Apr\u00e8s une investigation approfondie, <b>la brigade de recherches de la gendarmerie de Nantes a interpell\u00e9 trois personnes, \u00e2g\u00e9es de 27, 24 et 54\u00a0ans<\/b>, impliqu\u00e9es dans un r\u00e9seau de livraisons par drones \u00e0 des d\u00e9tenus d\u2019une dizaine de centres p\u00e9nitentiaires en France. Les trois protagonistes seront jug\u00e9s <b>ce vendredi 5 d\u00e9cembre 2025<\/b>, lors d\u2019une comparution imm\u00e9diate devant le tribunal correctionnel de Nantes.<\/p>\n<p class=\" wall-content\">Une affaire r\u00e9v\u00e9l\u00e9e par nos confr\u00e8res de <a href=\"https:\/\/www.ouest-france.fr\/societe\/faits-divers\/drogue-telephones-couteaux-fin-de-partie-pour-les-pilotes-de-drones-aux-500-livraisons-dans-les-prisons-de-louest-b4a2eeea-d110-11f0-b23a-af5f5b40838c\" target=\"_blank\" rel=\"noopener\">Ouest-France<\/a> et de <a href=\"https:\/\/www.ouest-france.fr\/societe\/faits-divers\/apres-des-centaines-de-livraisons-par-drones-en-prison-trois-personnes-interpellees-b7200dd4-d0e7-11f0-8aae-c226ab82a7d1\" target=\"_blank\" rel=\"noopener\">Presse Oc\u00e9an<\/a>. <a href=\"https:\/\/actu.fr\/pays-de-la-loire\/nantes_44109\/portrait-qui-est-antoine-leroy-ce-procureur-venu-du-sud-pour-s-installer-a-nantes_62672358.html\" target=\"_blank\" rel=\"noopener\">Antoine Leroy<\/a>, procureur de la R\u00e9publique \u00e0 Nantes, a confirm\u00e9 les informations et partag\u00e9 plusieurs \u00e9l\u00e9ments sur cette enqu\u00eate.<\/p>\n<p>Pr\u00e8s de 500 livraisons par drone<\/p>\n<p class=\" wall-content\">La livraison de produits aux d\u00e9tenus est r\u00e9currente depuis plusieurs ann\u00e9es, les syndicats <a href=\"https:\/\/actu.fr\/pays-de-la-loire\/nantes_44109\/nantes-armes-drogue-surpopulation-c-est-l-enfer-pour-les-agents-de-la-prison_62053131.html\" target=\"_blank\" rel=\"noopener\">ont sonn\u00e9 l\u2019alerte \u00e0 plusieurs reprises<\/a>. Armes, produits stup\u00e9fiants, t\u00e9l\u00e9phones \u00e9taient livr\u00e9s aux prisonniers. De jour, les colis sont largu\u00e9s par drone au-dessus de la promenade tandis que les livraisons d\u2019objets de nuit sont r\u00e9alis\u00e9es aux fen\u00eatres des cellules.<\/p>\n<p class=\" wall-content\">Le 16\u00a0avril dernier, le directeur du centre p\u00e9nitentiaire de Nantes d\u00e9nonce cette situation. Dans la foul\u00e9e, le parquet de Nantes ouvre une enqu\u00eate p\u00e9nale et confie les investigations \u00e0 <b>la brigade de recherche de la compagnie de gendarmerie de Nantes<\/b>.<\/p>\n<p class=\" wall-content\">\u00ab\u2009Les investigations men\u00e9es par la brigade des recherches de la compagnie de gendarmerie de Nantes permettaient d\u2019identifier plusieurs personnes, dont le t\u00e9l\u00e9pilote, agissant de concert ou ind\u00e9pendamment, utilisant un compte Snapchat\u2009pour proposer leurs services et permettre aux d\u00e9tenus des maisons d\u2019arr\u00eat et <b>centres de d\u00e9tention dans diff\u00e9rents d\u00e9partements (Calvados, Charente-Maritime, Loire-Atlantique, Sarthe, Seine-et-Marne et Vienne)<\/b> de b\u00e9n\u00e9ficier illicitement d\u2019appareils t\u00e9l\u00e9phoniques, de produits stup\u00e9fiants et de toute autre marchandise, le temps de leur incarc\u00e9ration\u2009\u00bb, d\u00e9taille Antoine Leroy.<\/p>\n<p class=\" wall-content\">Gr\u00e2ce \u00e0 des \u00e9coutes t\u00e9l\u00e9phoniques, les enqu\u00eateurs d\u00e9couvrent que cette \u00e9quipe proc\u00e8de \u00e0 des livraisons presque quotidiennes depuis le mois de f\u00e9vrier. Les mis en cause louent des v\u00e9hicules haut de gamme avant de se rendre aux abords des maisons d\u2019arr\u00eat dans les divers d\u00e9partements.<\/p>\n<p class=\" wall-content\">Des produits stup\u00e9fiants, des t\u00e9l\u00e9phones portables, des \u00e9couteurs et parfois des armes blanches ont \u00e9t\u00e9 livr\u00e9s. Entre<b> le 1er\u00a0f\u00e9vrier et le 2\u00a0d\u00e9cembre 2025, 464 survols de drone sont recens\u00e9s sur la p\u00e9riode<\/b>.<\/p>\n<p>Votre r\u00e9gion, votre actu !<\/p>\n<p>Recevez chaque jour les infos qui comptent pour vous.<\/p>\n<p>\t<a href=\"https:\/\/actu.fr\/newsletter\" class=\"ac-btn ac-btn--corner ac-btn--medium ac-btn--blue800\" target=\"_blank\" rel=\"noopener\">S&rsquo;incrire<\/a><\/p>\n<p class=\" wall-content\">\u00ab\u2009Imm\u00e9diatement apr\u00e8s certaines livraisons, des fouilles effectu\u00e9es par les agents de l\u2019administration p\u00e9nitentiaire permettaient de saisir presque 100 t\u00e9l\u00e9phones portables (essentiellement des iPhones et mini-t\u00e9l\u00e9phones), 31 cartes SIM, 3 kilos de produits stup\u00e9fiants (cannabis, coca\u00efne, h\u00e9ro\u00efne et amph\u00e9tamines)\u2009; 11 drones \u00e9taient par ailleurs r\u00e9cup\u00e9r\u00e9s lors de livraisons avort\u00e9es\u2009\u00bb, ajoute le magistrat.<\/p>\n<p>12\u2009000\u00a0euros en esp\u00e8ces retrouv\u00e9s lors des perquisitions<\/p>\n<p class=\" wall-content\">Les gendarmes \u00e9tablissent que le principal mis en cause \u00e9tait \u00e9quip\u00e9 \u00ab\u2009d\u2019un drone tr\u00e8s haut de gamme\u2009\u00bb, <b>pouvant livrer jusqu\u2019\u00e0 1\u00a0kg de marchandises en une seule fois<\/b>.<\/p>\n<p class=\" wall-content\">Le mardi 2\u00a0d\u00e9cembre 2025, \u00e0 6h du matin, 40 militaires de la compagnie de Nantes proc\u00e8dent \u00e0 l\u2019interpellation de trois personnes\u2009: le pilote du drone, \u00e2g\u00e9 de 27\u00a0ans, le chauffeur, \u00e2g\u00e9 de 24\u00a0ans, et la m\u00e8re du premier cit\u00e9, \u00e2g\u00e9e de 54\u00a0ans. Plusieurs saisies sont effectu\u00e9es dans la foul\u00e9e.<\/p>\n<blockquote class=\"ac-article-quote wall-content\">\n<p>\u00ab\u2009Les perquisitions imm\u00e9diatement effectu\u00e9es dans les domiciles et les v\u00e9hicules permettaient d\u2019appr\u00e9hender un drone, 3 t\u00e9l\u00e9commandes, des batteries, 3 couteaux, une mini-lame de scie, des produits stup\u00e9fiants, 12\u2009000\u00a0euros en esp\u00e8ces, une arme de poing calibre 45\u00a0mm, 50 cartouches, de tr\u00e8s nombreuses chaussettes garnies de t\u00e9l\u00e9phones portables et de produits stup\u00e9fiants, ainsi que des bobines de fil\u2009; il apparaissait que l\u2019un des mis en cause venait de proc\u00e9der \u00e0 une livraison par drone, quelques heures avant son interpellation, \u00e0 la maison d\u2019arr\u00eat de Nantes.\u2009\u00bb<\/p>\n<p>Antoine Leroy, procureur de Nantes<\/p><\/blockquote>\n<p class=\" wall-content\">Les trois mis en cause ont \u00e9t\u00e9 d\u00e9f\u00e9r\u00e9s \u00e0 un magistrat du parquet de Nantes, ce vendredi 5 d\u00e9cembre 2025. Ils doivent \u00eatre jug\u00e9s ce vendredi, en comparution imm\u00e9diate, pour remises illicites d\u2019objets \u00e0 d\u00e9tenus, engagement par t\u00e9l\u00e9pilote d\u2019un drone au-dessus d\u2019une zone interdite, acquisition, transport, d\u00e9tention, offre ou cession de produits stup\u00e9fiants et blanchiment.<\/p>\n<p class=\" wall-content\">\u00ab\u2009La protection des \u00e9tablissements p\u00e9nitentiaires est aujourd\u2019hui une pr\u00e9occupation nationale, \u00e0 la fois pour garantir la s\u00e9curit\u00e9 des agents de cette administration, qui travaillent d\u00e9j\u00e0 dans des conditions particuli\u00e8rement difficiles, mais aussi parce qu\u2019il ne peut \u00eatre tol\u00e9r\u00e9 que des armes, des stup\u00e9fiants ou des t\u00e9l\u00e9phones soient livr\u00e9s de cette mani\u00e8re, par des d\u00e9linquants qui en font une activit\u00e9 r\u00e9mun\u00e9ratrice, et au profit d\u2019autres d\u00e9linquants incarc\u00e9r\u00e9s\u2009\u00bb, rappelle le procureur de la R\u00e9publique de Nantes.<\/p>\n<p class=\" wall-content\">Personnalisez votre actualit\u00e9 en ajoutant vos villes et m\u00e9dias en favori avec <a href=\"https:\/\/moncompte.actu.fr\" title=\"D\u00e9couvez Mon Actu\" rel=\"nofollow noopener\" data-trk=\"{&quot;cta&quot;:{&quot;action&quot;:&quot;https:\\\/\\\/moncompte.actu.fr&quot;,&quot;category&quot;:&quot;mon compte&quot;,&quot;from&quot;:&quot;article footer&quot;,&quot;name&quot;:&quot;Mon actu&quot;,&quot;type&quot;:&quot;cta&quot;}}\" target=\"_blank\">Mon Actu<\/a>.<\/p>\n","protected":false},"excerpt":{"rendered":"Par Thomas Bernard Publi\u00e9 le 5 d\u00e9c. 2025 \u00e0 11h46 Drogue, armes \u00e0 feu, t\u00e9l\u00e9phones sont livr\u00e9s par&hellip;\n","protected":false},"author":2,"featured_media":579742,"comment_status":"","ping_status":"","sticky":false,"template":"","format":"standard","meta":{"footnotes":""},"categories":[2818],"tags":[1111,11,1777,674,118,1011,27,766,12,2636,899,25,10206],"class_list":{"0":"post-579741","1":"post","2":"type-post","3":"status-publish","4":"format-standard","5":"has-post-thumbnail","7":"category-nantes","8":"tag-actu","9":"tag-actualites","10":"tag-eu","11":"tag-europe","12":"tag-faits-divers","13":"tag-fr","14":"tag-france","15":"tag-nantes","16":"tag-news","17":"tag-pays-de-la-loire","18":"tag-prisons","19":"tag-republique-francaise","20":"tag-tribunal-de-nantes"},"share_on_mastodon":{"url":"https:\/\/pubeurope.com\/@fr\/115666747674385106","error":""},"_links":{"self":[{"href":"https:\/\/www.europesays.com\/fr\/wp-json\/wp\/v2\/posts\/579741","targetHints":{"allow":["GET"]}}],"collection":[{"href":"https:\/\/www.europesays.com\/fr\/wp-json\/wp\/v2\/posts"}],"about":[{"href":"https:\/\/www.europesays.com\/fr\/wp-json\/wp\/v2\/types\/post"}],"author":[{"embeddable":true,"href":"https:\/\/www.europesays.com\/fr\/wp-json\/wp\/v2\/users\/2"}],"replies":[{"embeddable":true,"href":"https:\/\/www.europesays.com\/fr\/wp-json\/wp\/v2\/comments?post=579741"}],"version-history":[{"count":0,"href":"https:\/\/www.europesays.com\/fr\/wp-json\/wp\/v2\/posts\/579741\/revisions"}],"wp:featuredmedia":[{"embeddable":true,"href":"https:\/\/www.europesays.com\/fr\/wp-json\/wp\/v2\/media\/579742"}],"wp:attachment":[{"href":"https:\/\/www.europesays.com\/fr\/wp-json\/wp\/v2\/media?parent=579741"}],"wp:term":[{"taxonomy":"category","embeddable":true,"href":"https:\/\/www.europesays.com\/fr\/wp-json\/wp\/v2\/categories?post=579741"},{"taxonomy":"post_tag","embeddable":true,"href":"https:\/\/www.europesays.com\/fr\/wp-json\/wp\/v2\/tags?post=579741"}],"curies":[{"name":"wp","href":"https:\/\/api.w.org\/{rel}","templated":true}]}}