{"id":579743,"date":"2025-12-05T11:34:13","date_gmt":"2025-12-05T11:34:13","guid":{"rendered":"https:\/\/www.europesays.com\/fr\/579743\/"},"modified":"2025-12-05T11:34:13","modified_gmt":"2025-12-05T11:34:13","slug":"nantes-trois-personnes-interpellees-pour-des-livraisons-par-drone-en-prison","status":"publish","type":"post","link":"https:\/\/www.europesays.com\/fr\/579743\/","title":{"rendered":"Nantes. Trois personnes interpell\u00e9es pour des livraisons par drone en prison"},"content":{"rendered":"<p><img decoding=\"async\" class=\"\" style=\"width:100%\" src=\"https:\/\/www.europesays.com\/fr\/wp-content\/uploads\/2025\/12\/Nantes_prison_maison_arret1764929213401.jpg\" alt=\"Centre p\u00e9nitentiaire de Nantes\"\/><\/p>\n<p>Cr\u00e9dit : Centre p\u00e9nitentiaire de Nantes<\/p>\n<p>Les mis en cause sont soup\u00e7onn\u00e9s de s&rsquo;\u00eatre rendus, entre f\u00e9vrier et d\u00e9cembre, aux abords d&rsquo;une dizaine de maisons d&rsquo;arr\u00eat de Loire-Atlantique et de cinq autres d\u00e9partements de l&rsquo;Ouest, pour livrer par drone de la drogue, des t\u00e9l\u00e9phones portables, des \u00ab\u00a0produits high-tech (\u00e9couteurs etc.), voire des armes blanches\u00a0\u00bb, a d\u00e9taill\u00e9 le procureur de la R\u00e9publique de Nantes, Antoine Leroy dans un communiqu\u00e9 publi\u00e9 ce matin. Plus de 460 survols de drone ont \u00e9t\u00e9 recens\u00e9s sur la p\u00e9riode.<\/p>\n<p>Le principal mis en cause, \u00e2g\u00e9 de 27 ans, sera jug\u00e9 d\u00e8s ce vendredi apr\u00e8s-midi en comparution imm\u00e9diate aux c\u00f4t\u00e9s de sa m\u00e8re, \u00e2g\u00e9e de 54 ans, et d&rsquo;un autre jeune homme, \u00e2g\u00e9 de 24 ans.<\/p>\n<p>\u00a0<\/p>\n<blockquote><p>\n100 t\u00e9l\u00e9phones portables, 31 cartes SIM r\u00e9cup\u00e9r\u00e9s\n<\/p><\/blockquote>\n<p>\u00a0<\/p>\n<p>Des fouilles effectu\u00e9es en prison \u00ab\u00a0imm\u00e9diatement apr\u00e8s certaines livraisons\u00a0\u00bb ont conduit \u00e0 la saisie de \u00ab\u00a0presque 100 t\u00e9l\u00e9phones portables, 31 cartes SIM, 3 kilos de produits stup\u00e9fiants, cannabis, coca\u00efne, h\u00e9ro\u00efne et amph\u00e9tamines\u00a0\u00bb, selon le parquet. 11 drones ont aussi \u00e9t\u00e9 r\u00e9cup\u00e9r\u00e9s lors de livraisons avort\u00e9es.<\/p>\n<p>Une enqu\u00eate avaient \u00e9t\u00e9 ouverte en avril 2025 apr\u00e8s l&rsquo;alerte du directeur du centre p\u00e9nitentiaire de Nantes, qui d\u00e9non\u00e7ait de \u00ab\u00a0tr\u00e8s nombreuses livraisons par drone\u00a0\u00bb \u00e0 des d\u00e9tenus au sein de la maison d&rsquo;arr\u00eat.<\/p>\n<p>\u00ab\u00a0Les investigations men\u00e9es par la brigade des recherches de la compagnie de gendarmerie de Nantes ont permis d\u2019identifier plusieurs personnes, dont le t\u00e9l\u00e9pilote, agissant de concert ou ind\u00e9pendamment, utilisant un compte Snapchat pour proposer leurs services et permettre aux d\u00e9tenus des maisons d\u2019arr\u00eat et centres de d\u00e9tention dans diff\u00e9rents d\u00e9partements (Calvados, Charente-Maritime, Loire-Atlantique, Sarthe, Seine-et-Marne et Vienne) de b\u00e9n\u00e9ficier illicitement d\u2019appareils t\u00e9l\u00e9phoniques, de produits stup\u00e9fiants et de tout autre marchandise, le temps de leur incarc\u00e9ration\u00a0\u00bb<\/p>\n<p>\u00ab\u00a0<strong>De jour, les colis \u00e9taient largu\u00e9s par drone au-dessus de la promenade et r\u00e9cup\u00e9r\u00e9s directement par les d\u00e9tenus, tandis que, de nuit, les livraisons d&rsquo;objets &#8211; (plac\u00e9s) dans des chaussettes &#8211; \u00e9taient r\u00e9alis\u00e9es directement aux fen\u00eatres des cellules\u00a0\u00bb<\/strong>, a expliqu\u00e9 le parquet.<\/p>\n<p>Lors des perquisitions effectu\u00e9es aux domiciles et dans les v\u00e9hicules des mis en cause, les enqu\u00eateurs ont d\u00e9couvert un drone, plusieurs t\u00e9l\u00e9commandes, des couteaux, une \u00ab\u00a0mini-lame de scie\u00a0\u00bb, des drogues, 12.000 euros en esp\u00e8ce, une arme de poing et de \u00ab\u00a0tr\u00e8s nombreuse chaussettes garnies de t\u00e9l\u00e9phones portables et de produits stup\u00e9fiants\u00a0\u00bb (Avec AFP).<\/p>\n<blockquote><p>\n\u00a0La protection des \u00e9tablissements p\u00e9nitentiaires est \u00ab\u00a0une pr\u00e9occupation nationale\u00a0\u00bb\n<\/p><\/blockquote>\n<p>\u00a0<\/p>\n<p>Le procureur de la R\u00e9publique de Nantes rappelle que \u00ab\u00a0la protection des \u00e9tablissements p\u00e9nitentiaires est aujourd\u2019hui une pr\u00e9occupation nationale, \u00e0 la fois pour garantir la s\u00e9curit\u00e9 des agents de cette administration, qui travaillent d\u00e9j\u00e0 dans des conditions particuli\u00e8rement difficiles, mais aussi parce qu\u2019il ne peut \u00eatre tol\u00e9r\u00e9 que des armes, des stup\u00e9fiants ou des t\u00e9l\u00e9phones soient livr\u00e9s de cette mani\u00e8re, par des d\u00e9linquants qui en font une activit\u00e9 r\u00e9mun\u00e9ratrice, et au profit d\u2019autres d\u00e9linquants incarc\u00e9r\u00e9s (&#8230;) <strong>Il ne doit pas y avoir de rel\u00e2che dans la lutte contre cette d\u00e9linquance<\/strong>,\u00a0\u00bb pour Antoine Leroy.<\/p>\n","protected":false},"excerpt":{"rendered":"Cr\u00e9dit : Centre p\u00e9nitentiaire de Nantes Les mis en cause sont soup\u00e7onn\u00e9s de s&rsquo;\u00eatre rendus, entre f\u00e9vrier et&hellip;\n","protected":false},"author":2,"featured_media":579744,"comment_status":"","ping_status":"","sticky":false,"template":"","format":"standard","meta":{"footnotes":""},"categories":[2818],"tags":[1111,11,564,1777,674,1011,27,9804,766,12,2636,806,25],"class_list":{"0":"post-579743","1":"post","2":"type-post","3":"status-publish","4":"format-standard","5":"has-post-thumbnail","7":"category-nantes","8":"tag-actu","9":"tag-actualites","10":"tag-drone","11":"tag-eu","12":"tag-europe","13":"tag-fr","14":"tag-france","15":"tag-maison-darret","16":"tag-nantes","17":"tag-news","18":"tag-pays-de-la-loire","19":"tag-prison","20":"tag-republique-francaise"},"share_on_mastodon":{"url":"https:\/\/pubeurope.com\/@fr\/115666752976079213","error":""},"_links":{"self":[{"href":"https:\/\/www.europesays.com\/fr\/wp-json\/wp\/v2\/posts\/579743","targetHints":{"allow":["GET"]}}],"collection":[{"href":"https:\/\/www.europesays.com\/fr\/wp-json\/wp\/v2\/posts"}],"about":[{"href":"https:\/\/www.europesays.com\/fr\/wp-json\/wp\/v2\/types\/post"}],"author":[{"embeddable":true,"href":"https:\/\/www.europesays.com\/fr\/wp-json\/wp\/v2\/users\/2"}],"replies":[{"embeddable":true,"href":"https:\/\/www.europesays.com\/fr\/wp-json\/wp\/v2\/comments?post=579743"}],"version-history":[{"count":0,"href":"https:\/\/www.europesays.com\/fr\/wp-json\/wp\/v2\/posts\/579743\/revisions"}],"wp:featuredmedia":[{"embeddable":true,"href":"https:\/\/www.europesays.com\/fr\/wp-json\/wp\/v2\/media\/579744"}],"wp:attachment":[{"href":"https:\/\/www.europesays.com\/fr\/wp-json\/wp\/v2\/media?parent=579743"}],"wp:term":[{"taxonomy":"category","embeddable":true,"href":"https:\/\/www.europesays.com\/fr\/wp-json\/wp\/v2\/categories?post=579743"},{"taxonomy":"post_tag","embeddable":true,"href":"https:\/\/www.europesays.com\/fr\/wp-json\/wp\/v2\/tags?post=579743"}],"curies":[{"name":"wp","href":"https:\/\/api.w.org\/{rel}","templated":true}]}}