{"id":579753,"date":"2025-12-05T11:39:12","date_gmt":"2025-12-05T11:39:12","guid":{"rendered":"https:\/\/www.europesays.com\/fr\/579753\/"},"modified":"2025-12-05T11:39:12","modified_gmt":"2025-12-05T11:39:12","slug":"6-commerces-de-lille-ferment-definitivement-dautres-sont-en-danger","status":"publish","type":"post","link":"https:\/\/www.europesays.com\/fr\/579753\/","title":{"rendered":"6 commerces de Lille ferment d\u00e9finitivement, d&rsquo;autres sont en danger"},"content":{"rendered":"<p>                    Par<br \/>\n        <strong><br \/>\n            <a href=\"https:\/\/actu.fr\/auteur\/hervine-mahaud\" title=\"Consulter tous les articles de Hervine Mahaud\" target=\"_blank\" rel=\"noopener\">Hervine Mahaud<\/a><br \/>\n                    <\/strong><\/p>\n<p>        Publi\u00e9 le<\/p>\n<p>            5 d\u00e9c. 2025 \u00e0 11h56        <\/p>\n<p>La liste noire s\u2019allonge inexorablement. Ces derni\u00e8res semaines \u00e0 <a href=\"https:\/\/actu.fr\/lille\/\" target=\"_blank\" rel=\"noopener\">Lille<\/a>, des <b>commerces<\/b> ont d\u00fb se r\u00e9soudre \u00e0 <b>fermer d\u00e9finitivement leurs portes<\/b>. Certains \u00e9taient pr\u00e9sents depuis 15 ans, d\u2019autres avaient un concept atypique. Mais cela ne les a pas emp\u00each\u00e9s d\u2019\u00eatre touch\u00e9s de plein fouet par une <b>situation \u00e9conomique de plus en plus compliqu\u00e9e<\/b>. Les <b>charges<\/b>, et notamment les <b>loyers trop \u00e9lev\u00e9s<\/b>, sont r\u00e9guli\u00e8rement montr\u00e9es du doigt par les entrepreneurs, \u00e0 bout de souffle.<\/p>\n<p>Des propri\u00e9taires de locaux commerciaux \u00ab\u2009qui font mourir nos lieux\u2009\u00bb<\/p>\n<p class=\" wall-content\">En attendant la mise en place (totalement hypoth\u00e9tique) d\u2019un <b>encadrement des loyers commerciaux<\/b>, les commer\u00e7ants n\u2019ont pas d\u2019autre choix que de payer, chaque mois, une somme importante \u00e0 leurs propri\u00e9taires. Plusieurs milliers d\u2019euros qui sont de plus en plus difficiles \u00e0 sortir.<\/p>\n<p class=\" wall-content\">\u00ab\u2009Nous subissons malgr\u00e9 nous <b>l\u2019inaction des propri\u00e9taires de locaux commerciaux<\/b> qui font mourir nos lieux par des <b>loyers inappropri\u00e9s<\/b> et leur incompr\u00e9hension face \u00e0 nos probl\u00e9matiques de structure\u2009\u00bb, ont ainsi \u00e9crit Maximilien et Antonin sur la page Instagram de <b>GRPS<\/b>.<\/p>\n<p class=\" wall-content\"><a href=\"https:\/\/www.instagram.com\/p\/DRuGmBwjILr\/embed\" title=\"Ouvrir le lien sur Instagram\" target=\"_blank\" rel=\"noopener\">Visualiser le contenu sur Instagram<\/a><\/p>\n<p class=\" wall-content\">En janvier\u00a02024, <a href=\"https:\/\/actu.fr\/hauts-de-france\/lille_59350\/jeux-video-evenements-culturels-le-bar-geek-et-creatif-grps-anime-le-vieux-lille_60771942.html\" target=\"_blank\" rel=\"noopener\">ils ouvraient leur bar geek et cr\u00e9atif<\/a> au 4 rue du Palais de Justice, dans le Vieux-Lille. L\u2019aventure s\u2019arr\u00eate ce 5 d\u00e9cembre, apr\u00e8s une ultime soir\u00e9e festive.<\/p>\n<p class=\" wall-content\">Quelques semaines plus t\u00f4t, un autre bar appr\u00e9ci\u00e9 a aussi \u00e9t\u00e9 contraint de mettre la cl\u00e9 sous la porte, pour des raisons similaires. <a href=\"https:\/\/actu.fr\/hauts-de-france\/lille_59350\/deco-romeo-juliet-et-recoins-caches-au-capulet-nouveau-bar-atypique-de-lille_59822760.html\" target=\"_blank\" rel=\"noopener\">Le Capulet, bar atypique \u00e0 la d\u00e9co rappelant le film Romeo +\u00a0Juliet<\/a>, a tir\u00e9 sa r\u00e9v\u00e9rence.<\/p>\n<p>    <img   decoding=\"async\" loading=\"lazy\" class=\"size-large\" src=\"https:\/\/www.europesays.com\/fr\/wp-content\/uploads\/2025\/12\/b70ddadda2396db0ddadda239df0ddv-960x640.jpg\" alt=\"fermeture bar capulet lille\" width=\"960\" height=\"640\"\/><br \/>\n    Apr\u00e8s 3 ans d\u2019existence, le bar Capulet a d\u00fb se r\u00e9soudre a fermer. \u00a9Capulet<\/p>\n<p class=\" wall-content\">\u00ab<b>\u2009Trop de charges et de contraintes locales<\/b> pour pouvoir continuer \u00e0 vous accueillir dans les bonnes conditions\u2009\u00bb, \u00e9crivait Gaston, dans une story Instagram en date du 10\u00a0octobre. Il concluait cependant sur une note d\u2019espoir\u2009: \u00ab\u2009nous nous reverrons bient\u00f4t dans une nouvelle destination\u2009\u00bb.<\/p>\n<p>Votre r\u00e9gion, votre actu !<\/p>\n<p>Recevez chaque jour les infos qui comptent pour vous.<\/p>\n<p>\t<a href=\"https:\/\/actu.fr\/newsletter\" class=\"ac-btn ac-btn--corner ac-btn--medium ac-btn--blue800\" target=\"_blank\" rel=\"noopener\">S&rsquo;incrire<\/a><br \/>\nLes groupes et marques connus ne sont pas \u00e0 l\u2019abri<\/p>\n<p class=\" wall-content\">Ces deux \u00e9tablissements avaient pourtant r\u00e9ussi \u00e0 se distinguer de la concurrence gr\u00e2ce \u00e0 leurs concepts in\u00e9dits. Mais des commerces, port\u00e9s par des groupes et des marques renomm\u00e9s, ne sont pas plus \u00e0 l\u2019abri de la situation \u00e9conomique tendue. C\u2019est le cas de <b>Bao Canteen<\/b>, un concept de restauration n\u00e9 \u00e0 Gen\u00e8ve et qui s\u2019est ensuite install\u00e9 rue Faidherbe. <a href=\"https:\/\/actu.fr\/hauts-de-france\/lille_59350\/a-lille-le-restaurant-taiwanais-bao-canteen-ouvre-enfin-ses-portes-apres-une-longue-attente_61125490.html\" target=\"_blank\" rel=\"noopener\">Ouvert en mai\u00a02024<\/a>, le restaurant a ferm\u00e9 ses portes un an et demi plus tard.<\/p>\n<p>    <img   decoding=\"async\" loading=\"lazy\" class=\"size-large\" src=\"https:\/\/www.europesays.com\/fr\/wp-content\/uploads\/2025\/12\/0453942ba2396f753942ba239bb539v-960x640.jpg\" alt=\"fermeture bao canteen lille\" width=\"960\" height=\"640\"\/><br \/>\n    Le restaurant ta\u00efwanais a mis la cl\u00e9 sous la porte. \u00a9ND\/Lille actu<\/p>\n<p class=\" wall-content\">Il y a aussi la marque <b>Cosmoparis<\/b>, pourtant install\u00e9e depuis peu de temps place du Lion d\u2019Or. Ouverte au printemps 2024, la boutique a vendu ses derni\u00e8res paires le 25 octobre dernier. La marque est toutefois encore pr\u00e9sente au Printemps de Lille.<\/p>\n<p class=\" wall-content\">Un autre chausseur a lui aussi du plier bagage\u2009: la c\u00e9l\u00e8bre marque de chaussures <a href=\"https:\/\/actu.fr\/hauts-de-france\/lille_59350\/lille-cette-boutique-ferme-ses-portes-apres-15-ans-dexistence-rue-esquermoise_63303833.html\" target=\"_blank\" rel=\"noopener\">Mephisto, install\u00e9e depuis 15\u00a0ans rue Esquermoise<\/a>. Mi-octobre, de grandes affiches annon\u00e7ant la liquidation totale pour \u00ab\u00a0cessation d\u2019activit\u00e9\u00a0\u00bb ont \u00e9t\u00e9 placard\u00e9es sur la vitrine. Dans le magasin, on nous soufflait aussi une autre explication\u2009: un loyer commercial \u00ab\u2009trop cher\u2009\u00bb, l\u00e0 encore. Apr\u00e8s des remises jusqu\u2019\u00e0 -70\u2009% pour liquider le stock, le rideau va se baisser d\u00e9finitivement le 9 d\u00e9cembre.<\/p>\n<p>Des fermetures aussi quand tout va bien<\/p>\n<p class=\" wall-content\">C\u2019est \u00e9galement avec une <a href=\"https:\/\/actu.fr\/hauts-de-france\/lille_59350\/lille-cette-ressourcerie-ferme-ses-portes-liquide-tout-et-casse-les-prix-ce-samedi_63520343.html\" target=\"_blank\" rel=\"noopener\">liquidation totale de son stock que la ressourcerie Les R\u00e9coupettes<\/a> a dit \u00ab\u2009adieu\u2009\u00bb \u00e0 ses habitu\u00e9s samedi 6\u00a0d\u00e9cembre. Mais dans ce cas, et c\u2019est important de le souligner, tout fonctionnait tr\u00e8s bien.<\/p>\n<p class=\" wall-content\"><a href=\"https:\/\/www.instagram.com\/p\/DReDeB-iLBH\/embed\" title=\"Ouvrir le lien sur Instagram\" target=\"_blank\" rel=\"noopener\">Visualiser le contenu sur Instagram<\/a><\/p>\n<p class=\" wall-content\">Laetitia a cr\u00e9\u00e9 ce lieu hybride unique \u00e0 Lille en 2018. Apr\u00e8s avoir r\u00e9ussi \u00e0 en faire une \u00ab\u2009safe place\u2009\u00bb d\u00e9di\u00e9e \u00e0 la consommation durable du textile, elle a d\u00e9cid\u00e9 \u00ab\u2009d\u2019aller vers d\u2019autres aventures\u2009\u00bb.<\/p>\n<p>Ces autres lieux menac\u00e9s de fermeture<\/p>\n<p class=\" wall-content\">Malheureusement, la liste des commerces fermer pourrait continuer de s\u2019allonger dans les prochaines mois. Car le 24 novembre, <b>Garage \u2013 Les Lillois<\/b> a \u00e9t\u00e9 <a href=\"https:\/\/repreneurs.com\/824798219-garage\" target=\"_blank\" rel=\"noopener\">plac\u00e9 en redressement judiciaire<\/a>, une proc\u00e9dure collective qui permet la mise en place de solutions pour am\u00e9liorer la situation financi\u00e8re. <a href=\"https:\/\/actu.fr\/hauts-de-france\/lille_59350\/lille-une-vingtaine-de-marques-s-installe-dans-l-ancien-garage-peugeot-du-boulevard-carnot_37908232.html\" target=\"_blank\" rel=\"noopener\">Ouvert en d\u00e9cembre 2020<\/a>, ce lieu hybride propose pourtant une programmation riche et vari\u00e9e comme, ce week-end, une <a href=\"https:\/\/actu.fr\/hauts-de-france\/lille_59350\/lille-une-vente-exceptionnelle-de-vaisselle-de-grands-restaurants-organisee-tout-le-week-end_63516982.html\" target=\"_blank\" rel=\"noopener\">vente de vaisselle des grands restaurants<\/a>.<\/p>\n<p class=\" wall-content\">Un autre commerce tr\u00e8s appr\u00e9ci\u00e9 est lui aussi en danger : le <b>Wally\u2019s Coffee<\/b>. <a href=\"https:\/\/actu.fr\/hauts-de-france\/lille_59350\/lille-place-en-redressement-judiciaire-le-wallys-coffee-a-besoin-de-votre-aide-pour-renaitre_63404824.html\" target=\"_blank\" rel=\"noopener\">Waly Ndong, le fondateur, nous expliquait<\/a> qu\u2019il avait d\u00fb faire face \u00e0 une suite de ininterrompue de probl\u00e8me depuis la crise du Covid.<\/p>\n<p class=\" wall-content\">Enfin, un autre restaurant pourrait bient\u00f4t mettre la cl\u00e9 sous la porte : <a href=\"https:\/\/actu.fr\/hauts-de-france\/lille_59350\/amandine-croque-nouveau-temple-du-croque-monsieur-du-vieux-lille_62373877.html\" target=\"_blank\" rel=\"noopener\">Amandine Croque, ouvert d\u00e9but 2025<\/a>. \u00c9paul\u00e9e par sa maman, Amandine propose pourtant de savoureux croque-monsieur. Mais la situation financi\u00e8re du petit commerce est pr\u00e9caire.<\/p>\n<p class=\" wall-content\"><a href=\"https:\/\/www.instagram.com\/p\/DRpeJvaiDDz\/embed\" title=\"Ouvrir le lien sur Instagram\" target=\"_blank\" rel=\"noopener\">Visualiser le contenu sur Instagram<\/a><\/p>\n<p class=\" wall-content\">\u00ab\u00a0Merci d\u2019avoir \u00e9t\u00e9 nombreux \u00e0 avoir pass\u00e9 les portes d\u2019Amandine Croque en ce mois de novembre pour venir go\u00fbter nos croque-monsieur ! <b>Une p\u00e9riode difficile pour le restaurant<\/b>, mais votre pr\u00e9sence et vos retours nous ont r\u00e9chauff\u00e9 le c\u0153ur. J\u2019esp\u00e8re vous revoir tr\u00e8s vite !\u00a0\u00bb, a \u00e9crit la cheffe d\u2019entreprise sur Instagram. Pour \u00e9viter la fermeture de ces diff\u00e9rents lieux (et bien d\u2019autres que nous n\u2019avons pas cit\u00e9s), <b>n\u2019h\u00e9sitez pas \u00e0 les soutenir en vous rendant sur place<\/b>.<\/p>\n<p class=\" wall-content\">Personnalisez votre actualit\u00e9 en ajoutant vos villes et m\u00e9dias en favori avec <a href=\"https:\/\/moncompte.actu.fr\" title=\"D\u00e9couvez Mon Actu\" rel=\"nofollow noopener\" data-trk=\"{&quot;cta&quot;:{&quot;action&quot;:&quot;https:\\\/\\\/moncompte.actu.fr&quot;,&quot;category&quot;:&quot;mon compte&quot;,&quot;from&quot;:&quot;article footer&quot;,&quot;name&quot;:&quot;Mon actu&quot;,&quot;type&quot;:&quot;cta&quot;}}\" target=\"_blank\">Mon Actu<\/a>.<\/p>\n<p>                    <script async src=\"\/\/www.instagram.com\/embed.js\"><\/script><\/p>\n","protected":false},"excerpt":{"rendered":"Par Hervine Mahaud Publi\u00e9 le 5 d\u00e9c. 2025 \u00e0 11h56 La liste noire s\u2019allonge inexorablement. Ces derni\u00e8res semaines&hellip;\n","protected":false},"author":2,"featured_media":579754,"comment_status":"","ping_status":"","sticky":false,"template":"","format":"standard","meta":{"footnotes":""},"categories":[2815],"tags":[1111,11,215,33,1777,674,1011,27,811,1307,12,25],"class_list":{"0":"post-579753","1":"post","2":"type-post","3":"status-publish","4":"format-standard","5":"has-post-thumbnail","7":"category-lille","8":"tag-actu","9":"tag-actualites","10":"tag-commerce","11":"tag-economie","12":"tag-eu","13":"tag-europe","14":"tag-fr","15":"tag-france","16":"tag-hauts-de-france","17":"tag-lille","18":"tag-news","19":"tag-republique-francaise"},"share_on_mastodon":{"url":"https:\/\/pubeurope.com\/@fr\/115666772855289932","error":""},"_links":{"self":[{"href":"https:\/\/www.europesays.com\/fr\/wp-json\/wp\/v2\/posts\/579753","targetHints":{"allow":["GET"]}}],"collection":[{"href":"https:\/\/www.europesays.com\/fr\/wp-json\/wp\/v2\/posts"}],"about":[{"href":"https:\/\/www.europesays.com\/fr\/wp-json\/wp\/v2\/types\/post"}],"author":[{"embeddable":true,"href":"https:\/\/www.europesays.com\/fr\/wp-json\/wp\/v2\/users\/2"}],"replies":[{"embeddable":true,"href":"https:\/\/www.europesays.com\/fr\/wp-json\/wp\/v2\/comments?post=579753"}],"version-history":[{"count":0,"href":"https:\/\/www.europesays.com\/fr\/wp-json\/wp\/v2\/posts\/579753\/revisions"}],"wp:featuredmedia":[{"embeddable":true,"href":"https:\/\/www.europesays.com\/fr\/wp-json\/wp\/v2\/media\/579754"}],"wp:attachment":[{"href":"https:\/\/www.europesays.com\/fr\/wp-json\/wp\/v2\/media?parent=579753"}],"wp:term":[{"taxonomy":"category","embeddable":true,"href":"https:\/\/www.europesays.com\/fr\/wp-json\/wp\/v2\/categories?post=579753"},{"taxonomy":"post_tag","embeddable":true,"href":"https:\/\/www.europesays.com\/fr\/wp-json\/wp\/v2\/tags?post=579753"}],"curies":[{"name":"wp","href":"https:\/\/api.w.org\/{rel}","templated":true}]}}