{"id":579755,"date":"2025-12-05T11:40:18","date_gmt":"2025-12-05T11:40:18","guid":{"rendered":"https:\/\/www.europesays.com\/fr\/579755\/"},"modified":"2025-12-05T11:40:18","modified_gmt":"2025-12-05T11:40:18","slug":"tu-peux-manger-une-raclette-avec-vue-sur-la-grande-roue-cet-hiver-a-lille","status":"publish","type":"post","link":"https:\/\/www.europesays.com\/fr\/579755\/","title":{"rendered":"Tu peux manger une raclette avec vue sur la Grande Roue cet hiver \u00e0 Lille"},"content":{"rendered":"<p>Le rooftop le plus iconique de Lille se transforme en chalet d\u2019hiver<\/p>\n<p>L\u2019<a href=\"https:\/\/www.lebonbon.fr\/lille\/good-news\/rooftop-grand-place-lille-hotel-bellevue\/\" target=\"_blank\" rel=\"noopener\">H\u00f4tel Bellevue<\/a>, c\u2019est l\u2019un des h\u00f4tels <strong>les plus mythiques de la ville<\/strong>\u00a0: chambres avec vue sur le <a href=\"https:\/\/www.lebonbon.fr\/lille\/les-tops-insolite\/secrets-caches-beffroi-lille\/\" target=\"_blank\" rel=\"noopener\">Beffroi<\/a>, fen\u00eatres sur la <a href=\"https:\/\/www.lebonbon.fr\/lille\/news\/lille-tout-ce-qu-il-faut-savoir-pietonnisation-tant-attendue-grand-place\/\" target=\"_blank\" rel=\"noopener\">Grand\u2019Place<\/a>, et fa\u00e7ade qui fait partie du paysage lillois depuis des d\u00e9cennies.<br \/>Mais cet hiver, c\u2019est tout en haut que \u00e7a se passe\u00a0: le rooftop se m\u00e9tamorphose en <b>Chalet Bellevue<\/b>, un refuge montagnard version centre-ville.<\/p>\n<p>Au programme\u00a0: une grande tabl\u00e9e jusqu\u2019\u00e0 20 personnes,<strong> fa\u00e7on chalet de station<\/strong> (sans les 8h de route), une <a href=\"https:\/\/www.lebonbon.fr\/lille\/les-tops-food-et-drink\/meilleur-restaurant-savoyard-fromage-raclette-fondue-lille\/\" target=\"_blank\" rel=\"noopener\">raclette<\/a> bien g\u00e9n\u00e9reuse, de la tomme fondante qui glisse toute seule,\u00a0 de la charcut\u2019 qui tient chaud au c\u0153ur, des plaids \u00e0 partager, histoire de jouer le jeu \u201cneige au sommet\u201d sans quitter Lille. Et puis il y a la <b>vue<\/b>\u00a0: la Grande Roue, les <a href=\"https:\/\/www.lebonbon.fr\/lille\/news\/nouveau-chalet-mysterieux-debarque-grand-place-lille\/\" target=\"_blank\" rel=\"noopener\">chalet de No\u00ebl<\/a> juste en bas, la Grand\u2019Place illumin\u00e9e\u2026 On ne peut pas faire plus \u201chiver parfait\u201d.<\/p>\n<blockquote class=\"instagram-media\" data-instgrm-permalink=\"https:\/\/www.instagram.com\/p\/DRckHtACNSi\/?utm_source=ig_embed&amp;utm_campaign=loading\" data-instgrm-version=\"14\" style=\"background: #FFF; border: 0; border-radius: 3px; box-shadow: 0 0 1px 0 rgba(0,0,0,0.5),0 1px 10px 0 rgba(0,0,0,0.15); margin: 1px; max-width: 540px; min-width: 326px; padding: 0; width: calc(100% - 2px);\">\n<\/blockquote>\n<p><b>La raclette avec la meilleure vue de Lille<\/b><\/p>\n<p>Tu vois ce moment o\u00f9 tu soul\u00e8ves ton po\u00ealon et que tout file en fondu parfaite\u00a0? Maintenant imagine \u00e7a\u2026 avec la Grande Roue qui tourne juste derri\u00e8re toi. C\u2019est exactement ce que propose Bellevue\u00a0: <b>une raclette panoramique<\/b>, un combo qui te donne presque l\u2019impression d\u2019\u00eatre dans un film de No\u00ebl. Le service se fait uniquement en groupe (4 \u00e0 20 personnes), parfait pour les soir\u00e9es d\u2019\u00e9quipe, les anniversaires d\u2019hiver, les retrouvailles\u2026 ou juste parce que tu as besoin de fromage fondu dans ta vie.<\/p>\n<p>Et le prix\u00a0? <b>38 \u20ac par personne<\/b>, installation cosy comprise. On est sur un vrai winter moment qui change de la raclette \u00e0 la maison \/ dans le salon \/ avec la fen\u00eatre embu\u00e9e.<\/p>\n<p>Grand H\u00f4tel Bellevue****<\/p>\n<li class=\"opening-hours\">Dimanche : 0:00<\/li>\n<li class=\"opening-hours close\">Lundi &#8211; samedi : Ferm\u00e9<\/li>\n<p><script async src=\"\/\/www.instagram.com\/embed.js\"><\/script><\/p>\n","protected":false},"excerpt":{"rendered":"Le rooftop le plus iconique de Lille se transforme en chalet d\u2019hiver L\u2019H\u00f4tel Bellevue, c\u2019est l\u2019un des h\u00f4tels&hellip;\n","protected":false},"author":2,"featured_media":579756,"comment_status":"","ping_status":"","sticky":false,"template":"","format":"standard","meta":{"footnotes":""},"categories":[2815],"tags":[1111,11,1777,674,1011,27,811,1307,12,25],"class_list":{"0":"post-579755","1":"post","2":"type-post","3":"status-publish","4":"format-standard","5":"has-post-thumbnail","7":"category-lille","8":"tag-actu","9":"tag-actualites","10":"tag-eu","11":"tag-europe","12":"tag-fr","13":"tag-france","14":"tag-hauts-de-france","15":"tag-lille","16":"tag-news","17":"tag-republique-francaise"},"share_on_mastodon":{"url":"https:\/\/pubeurope.com\/@fr\/115666775287263112","error":""},"_links":{"self":[{"href":"https:\/\/www.europesays.com\/fr\/wp-json\/wp\/v2\/posts\/579755","targetHints":{"allow":["GET"]}}],"collection":[{"href":"https:\/\/www.europesays.com\/fr\/wp-json\/wp\/v2\/posts"}],"about":[{"href":"https:\/\/www.europesays.com\/fr\/wp-json\/wp\/v2\/types\/post"}],"author":[{"embeddable":true,"href":"https:\/\/www.europesays.com\/fr\/wp-json\/wp\/v2\/users\/2"}],"replies":[{"embeddable":true,"href":"https:\/\/www.europesays.com\/fr\/wp-json\/wp\/v2\/comments?post=579755"}],"version-history":[{"count":0,"href":"https:\/\/www.europesays.com\/fr\/wp-json\/wp\/v2\/posts\/579755\/revisions"}],"wp:featuredmedia":[{"embeddable":true,"href":"https:\/\/www.europesays.com\/fr\/wp-json\/wp\/v2\/media\/579756"}],"wp:attachment":[{"href":"https:\/\/www.europesays.com\/fr\/wp-json\/wp\/v2\/media?parent=579755"}],"wp:term":[{"taxonomy":"category","embeddable":true,"href":"https:\/\/www.europesays.com\/fr\/wp-json\/wp\/v2\/categories?post=579755"},{"taxonomy":"post_tag","embeddable":true,"href":"https:\/\/www.europesays.com\/fr\/wp-json\/wp\/v2\/tags?post=579755"}],"curies":[{"name":"wp","href":"https:\/\/api.w.org\/{rel}","templated":true}]}}