{"id":57976,"date":"2025-04-28T00:03:09","date_gmt":"2025-04-28T00:03:09","guid":{"rendered":"https:\/\/www.europesays.com\/fr\/57976\/"},"modified":"2025-04-28T00:03:09","modified_gmt":"2025-04-28T00:03:09","slug":"previsions-du-lundi-28-avril-2025-4","status":"publish","type":"post","link":"https:\/\/www.europesays.com\/fr\/57976\/","title":{"rendered":"pr\u00e9visions du lundi 28 avril 2025"},"content":{"rendered":"<p>Il va y avoir des nuages \u00e0 Nice avant que le soleil ne puisse faire son apparition au cours de la journ\u00e9e. On pr\u00e9voit des valeurs avoisinant 17\u00b0C. D&rsquo;un autre c\u00f4t\u00e9, des \u00e9claircies feront leur apparition dans la matin\u00e9e. Le mercure affichera 17\u00b0C en moyenne. Une l\u00e9g\u00e8re brise de sud-est soufflera. L&rsquo;apr\u00e8s-midi, l&rsquo;arriv\u00e9e du soleil sera retard\u00e9e par quelques nuages. Des pluies \u00e9parses sont pr\u00e9vues. Il fera 19\u00b0C en moyenne. La m\u00e9t\u00e9o devrait s&rsquo;am\u00e9liorer pendant la soir\u00e9e. Les temp\u00e9ratures seront de 17\u00b0C au plus bas et de 18\u00b0C au plus haut. On s&rsquo;attend \u00e0 une nuit claire entre lundi et mardi.<\/p>\n<p>Demain, un grand soleil rayonnera sur Nice. Il va faire environ 17\u00b0C. Un modeste vent de nord sera ressenti par les habitants. Les valeurs iront de 15 \u00e0 18\u00b0C sur l&rsquo;ensemble de la matin\u00e9e. Les temp\u00e9ratures afficheront entre 18 et 19\u00b0C durant l&rsquo;apr\u00e8s-midi. Les maximales pourront atteindre 18\u00b0C dans la soir\u00e9e et les minimales seront de 17\u00b0C.<\/p>\n<p>Pour les prochains jours, le temps ne bougera pas. Des temp\u00e9ratures dans les 18\u00b0C iront de pair avec un ciel ensoleill\u00e9.<\/p>\n<p><\/p>\n","protected":false},"excerpt":{"rendered":"Il va y avoir des nuages \u00e0 Nice avant que le soleil ne puisse faire son apparition au&hellip;\n","protected":false},"author":2,"featured_media":57977,"comment_status":"","ping_status":"","sticky":false,"template":"","format":"standard","meta":{"footnotes":""},"categories":[2819],"tags":[1111,11,2898,1777,674,1011,27,12,2401,883,2119,882,25],"class_list":{"0":"post-57976","1":"post","2":"type-post","3":"status-publish","4":"format-standard","5":"has-post-thumbnail","7":"category-nice","8":"tag-actu","9":"tag-actualites","10":"tag-alpes-maritimes","11":"tag-eu","12":"tag-europe","13":"tag-fr","14":"tag-france","15":"tag-news","16":"tag-nice","17":"tag-paca","18":"tag-previsions-meteo","19":"tag-provence-alpes-cote-dazur","20":"tag-republique-francaise"},"share_on_mastodon":{"url":"https:\/\/pubeurope.com\/@fr\/114412663861924330","error":""},"_links":{"self":[{"href":"https:\/\/www.europesays.com\/fr\/wp-json\/wp\/v2\/posts\/57976","targetHints":{"allow":["GET"]}}],"collection":[{"href":"https:\/\/www.europesays.com\/fr\/wp-json\/wp\/v2\/posts"}],"about":[{"href":"https:\/\/www.europesays.com\/fr\/wp-json\/wp\/v2\/types\/post"}],"author":[{"embeddable":true,"href":"https:\/\/www.europesays.com\/fr\/wp-json\/wp\/v2\/users\/2"}],"replies":[{"embeddable":true,"href":"https:\/\/www.europesays.com\/fr\/wp-json\/wp\/v2\/comments?post=57976"}],"version-history":[{"count":0,"href":"https:\/\/www.europesays.com\/fr\/wp-json\/wp\/v2\/posts\/57976\/revisions"}],"wp:featuredmedia":[{"embeddable":true,"href":"https:\/\/www.europesays.com\/fr\/wp-json\/wp\/v2\/media\/57977"}],"wp:attachment":[{"href":"https:\/\/www.europesays.com\/fr\/wp-json\/wp\/v2\/media?parent=57976"}],"wp:term":[{"taxonomy":"category","embeddable":true,"href":"https:\/\/www.europesays.com\/fr\/wp-json\/wp\/v2\/categories?post=57976"},{"taxonomy":"post_tag","embeddable":true,"href":"https:\/\/www.europesays.com\/fr\/wp-json\/wp\/v2\/tags?post=57976"}],"curies":[{"name":"wp","href":"https:\/\/api.w.org\/{rel}","templated":true}]}}