{"id":579761,"date":"2025-12-05T11:43:10","date_gmt":"2025-12-05T11:43:10","guid":{"rendered":"https:\/\/www.europesays.com\/fr\/579761\/"},"modified":"2025-12-05T11:43:10","modified_gmt":"2025-12-05T11:43:10","slug":"un-reseau-de-pickpockets-stoppe-et-7-sans-papiers-interpelles","status":"publish","type":"post","link":"https:\/\/www.europesays.com\/fr\/579761\/","title":{"rendered":"un r\u00e9seau de pickpockets stopp\u00e9 et 7 sans-papiers interpell\u00e9s"},"content":{"rendered":"<p>Dans le cadre du\u00a0plan d\u2019action d\u00e9partemental de restauration de la s\u00e9curit\u00e9 du quotidien, la direction interd\u00e9partementale de la police nationale du Rh\u00f4ne a conduit une op\u00e9ration \u00ab\u00a0ville s\u00e9curit\u00e9 renforc\u00e9e\u00a0\u00bb dans le 2e arrondissement de Lyon, du\u00a01er au 3 d\u00e9cembre 2025, selon le communiqu\u00e9 publi\u00e9 par la pr\u00e9fecture.<\/p>\n<p>Cette action s\u2019inscrit dans une s\u00e9rie d\u2019interventions similaires d\u00e9j\u00e0 organis\u00e9es en 2025 \u00ab\u00a0dans les secteurs Terreaux \/ Croix Rousse, Guilloti\u00e8re \/ Mazagran, Cit\u00e9 Jardin et Part-Dieu \u00e0 Lyon, mais aussi \u00e0 V\u00e9nissieux, Rillieux-la-Pape, Bron, Villeurbanne, Meyzieu, Saint-Fons et Oullins-Pierre-B\u00e9nite.\u00a0\u00bb<\/p>\n<p>Au total,\u00a0223 agents\u00a0ont \u00e9t\u00e9 mobilis\u00e9s simultan\u00e9ment :\u00a0\u00ab\u00a0policiers nationaux (effectifs de la division, effectifs d\u00e9partementaux, SISTC, CRS, police aux fronti\u00e8res), policiers municipaux, agents de la RATP, de KEOLIS, de la DDPP et de l\u2019URSSAF\u00a0\u00bb. Une mont\u00e9e en puissance assum\u00e9e par les services de l&rsquo;\u00c9tat, \u00ab\u00a0\u00e0 l\u2019approche des f\u00eates de fin d\u2019ann\u00e9e,\u00a0\u00bb p\u00e9riode habituellement sensible en centre-ville.<\/p>\n<p><strong>35 interpellations<\/strong><\/p>\n<p>Selon la pr\u00e9fecture, les forces de l\u2019ordre ont contr\u00f4l\u00e9 \u00ab\u00a0pr\u00e8s de 400 personnes\u00a0\u00bb, et les contr\u00f4leurs des transports\u00a0\u00ab\u00a04000\u00a0\u00bb. Le dispositif a conduit \u00e0\u00a035 interpellations, notamment une \u00e9quipe de pickpockets\u00a0\u00ab\u00a0qui a \u00e9t\u00e9 d\u00e9mantel\u00e9e.\u00a0\u00bb<\/p>\n<p>Les services ont par ailleurs proc\u00e9d\u00e9 \u00e0 la remise \u00e0 la police aux fronti\u00e8res de \u00ab\u00a07 \u00e9trangers en situation irr\u00e9guli\u00e8re\u00a0\u00bb, \u00e0\u00a015 amendes forfaitaires d\u00e9lictuelles\u00a0(stup\u00e9fiants, vente \u00e0 la sauvette, d\u00e9faut d\u2019assurance, d\u00e9faut de permis, port d\u2019arme prohib\u00e9\u2026) et \u00e0\u00a0184 verbalisations\u00a0pour diverses infractions, dont \u00ab\u00a0d\u00e9faut de titre de transport, d\u00e9lit routier, mise en fourri\u00e8re, immobilisation.\u00a0\u00bb<\/p>\n<p>La pr\u00e9f\u00e8te du Rh\u00f4ne,\u00a0Fabienne Buccio, \u00ab\u00a0f\u00e9licite l\u2019ensemble des services engag\u00e9s dans cette op\u00e9ration au service de la s\u00e9curit\u00e9 du quotidien des lyonnaises et des lyonnais.\u00a0\u00bb<\/p>\n","protected":false},"excerpt":{"rendered":"Dans le cadre du\u00a0plan d\u2019action d\u00e9partemental de restauration de la s\u00e9curit\u00e9 du quotidien, la direction interd\u00e9partementale de la&hellip;\n","protected":false},"author":2,"featured_media":579762,"comment_status":"","ping_status":"","sticky":false,"template":"","format":"standard","meta":{"footnotes":""},"categories":[1889],"tags":[1111,11,2813,2190,2430,1109,251,1112,2811,1777,674,118,1011,27,1922,1110,1114,2428,2810,12,241,316,25,2812,517,800],"class_list":{"0":"post-579761","1":"post","2":"type-post","3":"status-publish","4":"format-standard","5":"has-post-thumbnail","7":"category-lyon","8":"tag-actu","9":"tag-actualites","10":"tag-article","11":"tag-asvel","12":"tag-auvergne-rhone-alpes","13":"tag-breves","14":"tag-culture","15":"tag-depeches","16":"tag-economique","17":"tag-eu","18":"tag-europe","19":"tag-faits-divers","20":"tag-fr","21":"tag-france","22":"tag-info","23":"tag-informations","24":"tag-infos","25":"tag-lyon","26":"tag-lyonmag","27":"tag-news","28":"tag-ol","29":"tag-politique","30":"tag-republique-francaise","31":"tag-sociale","32":"tag-sport","33":"tag-transports"},"share_on_mastodon":{"url":"https:\/\/pubeurope.com\/@fr\/115666787057935845","error":""},"_links":{"self":[{"href":"https:\/\/www.europesays.com\/fr\/wp-json\/wp\/v2\/posts\/579761","targetHints":{"allow":["GET"]}}],"collection":[{"href":"https:\/\/www.europesays.com\/fr\/wp-json\/wp\/v2\/posts"}],"about":[{"href":"https:\/\/www.europesays.com\/fr\/wp-json\/wp\/v2\/types\/post"}],"author":[{"embeddable":true,"href":"https:\/\/www.europesays.com\/fr\/wp-json\/wp\/v2\/users\/2"}],"replies":[{"embeddable":true,"href":"https:\/\/www.europesays.com\/fr\/wp-json\/wp\/v2\/comments?post=579761"}],"version-history":[{"count":0,"href":"https:\/\/www.europesays.com\/fr\/wp-json\/wp\/v2\/posts\/579761\/revisions"}],"wp:featuredmedia":[{"embeddable":true,"href":"https:\/\/www.europesays.com\/fr\/wp-json\/wp\/v2\/media\/579762"}],"wp:attachment":[{"href":"https:\/\/www.europesays.com\/fr\/wp-json\/wp\/v2\/media?parent=579761"}],"wp:term":[{"taxonomy":"category","embeddable":true,"href":"https:\/\/www.europesays.com\/fr\/wp-json\/wp\/v2\/categories?post=579761"},{"taxonomy":"post_tag","embeddable":true,"href":"https:\/\/www.europesays.com\/fr\/wp-json\/wp\/v2\/tags?post=579761"}],"curies":[{"name":"wp","href":"https:\/\/api.w.org\/{rel}","templated":true}]}}