{"id":579767,"date":"2025-12-05T11:47:14","date_gmt":"2025-12-05T11:47:14","guid":{"rendered":"https:\/\/www.europesays.com\/fr\/579767\/"},"modified":"2025-12-05T11:47:14","modified_gmt":"2025-12-05T11:47:14","slug":"accident-grave-de-voyageur-nouvelle-structure-daccueil-pour-jeunes-autistes-linfo-a-midi-en-ile-de-france","status":"publish","type":"post","link":"https:\/\/www.europesays.com\/fr\/579767\/","title":{"rendered":"Accident grave de voyageur, nouvelle structure d&rsquo;accueil pour jeunes autistes\u2026 L\u2019info \u00e0 midi en \u00cele-de-France"},"content":{"rendered":"<p>                    Par<br \/>\n        <strong><br \/>\n            <a href=\"https:\/\/actu.fr\/auteur\/redaction-paris\" title=\"Consulter tous les articles de R\u00e9daction Paris\" target=\"_blank\" rel=\"noopener\">R\u00e9daction Paris<\/a><br \/>\n                    <\/strong><\/p>\n<p>        Publi\u00e9 le<\/p>\n<p>            5 d\u00e9c. 2025 \u00e0 11h59        <\/p>\n<p>La semaine se termine, place au week-end\u2009! Que s\u2019est-il pass\u00e9 \u00e0 midi en \u00cele-de-France\u2009? Voici l\u2019essentiel de l\u2019actualit\u00e9 de ce vendredi 5\u00a0d\u00e9cembre 2025\u2009: dans les Hauts-de-Seine, un jeune homme en trottinette a \u00e9t\u00e9 percut\u00e9 par le T6, dans le Val-de-Marne, une nouvelle antenne d\u2019\u00c9panou\u00ee accueille les enfants atteints d\u2019autisme et dans les Yvelines, un complexe sportif va voir le jour.<\/p>\n<p>Les informations \u00e0 retenir ce vendredi 5\u00a0d\u00e9cembre 2025, \u00e0 midi, en \u00cele-de-France<\/p>\n<p class=\"expresso-item wall-content\"><strong>Yvelines. <\/strong><a title=\"Lire l&#039;article\" href=\"https:\/\/actu.fr\/ile-de-france\/poissy_78498\/padel-foot-a-5-basket-3x3-a-poissy-un-enorme-projet-est-sur-les-rails-les-premieres-annonces_63513690.html\" target=\"_blank\" rel=\"noopener\">Padel, foot \u00e0 5, basket 3\u00d73\u2026 \u00c0 Poissy, un \u00e9norme projet est sur les rails\u2009: les premi\u00e8res annonces<\/a><br \/>La Ville de Poissy (Yvelines) a annonc\u00e9 la construction d\u2019un vaste complexe sportif de 10\u2009600 m\u00b2 sur une parcelle inoccup\u00e9e du Cosec. Il sera financ\u00e9 et exploit\u00e9 par Urban Soccer.<\/p>\n<p class=\"expresso-item wall-content\"><strong>Seine-et-Marne. <\/strong><a title=\"Lire l&#039;article\" href=\"https:\/\/actu.fr\/ile-de-france\/jaignes_77235\/reconnu-dans-le-monde-pour-ses-innovations-medicales-ce-maire-de-seine-et-marne-recoit-la-legion-dhonneur_63525634.html\" target=\"_blank\" rel=\"noopener\">Reconnu dans le monde pour ses innovations m\u00e9dicales, ce maire re\u00e7oit la L\u00e9gion d\u2019honneur<\/a><br \/>Apr\u00e8s plus de quarante ans dans la recherche dans les biotechnologies, l\u2019actuel maire de Jaignes (Seine-et-Marne), Achille Hourd\u00e9, est fait chevalier de la L\u00e9gion d\u2019honneur.<\/p>\n<p class=\"expresso-item wall-content\"><strong>Val-d\u2019Oise. <\/strong><a title=\"Lire l&#039;article\" href=\"https:\/\/actu.fr\/ile-de-france\/beauchamp_95051\/val-doise-cette-ville-lance-les-boites-solidaires-de-noel_63534577.html\" target=\"_blank\" rel=\"noopener\">Cette ville lance les \u00ab\u2009bo\u00eetes solidaires de No\u00ebl\u2009\u00bb<\/a><br \/>Le Ccas et le Club Ados de Beauchamp invitent chacun \u00e0 remplir les \u00ab\u2009Boites solidaires de No\u00ebl\u2009\u00bb dispos\u00e9es un peu partout en ville.<\/p>\n<p class=\"expresso-item wall-content\"><strong>Hauts-de-Seine. <\/strong><a title=\"Lire l&#039;article\" href=\"https:\/\/actu.fr\/societe\/ratp-accident-grave-de-personne-sur-le-t6-a-clamart-un-usager-a-trottinette-pris-en-charge-par-les-secours_63533897.html\" target=\"_blank\" rel=\"noopener\">RATP. Accident grave de personne sur le T6 \u00e0 Clamart, un usager \u00e0 trottinette pris en charge par les secours<\/a><br \/>Un accident grave entre le T6 et une personne \u00e0 trottinette a eu lieu ce vendredi 5\u00a0d\u00e9cembre 2025 dans les Hauts-de-Seine.<\/p>\n<p class=\"expresso-item wall-content\"><strong>Val-de-Marne.<\/strong> <a title=\"Lire l&#039;article\" href=\"https:\/\/actu.fr\/ile-de-france\/boissy-saint-leger_94004\/handicap-une-nouvelle-structure-d-accueil-pour-les-jeunes-autistes-a-ouvert-a-boissy-saint-leger_63530395.html\" target=\"_blank\" rel=\"noopener\">Une nouvelle structure d\u2019accueil pour les jeunes autistes a ouvert \u00e0 Boissy-Saint-L\u00e9ger<\/a><br \/>Depuis le 1er\u00a0octobre 2025, une antenne d\u2019\u00c9panou\u00ee accueille les enfants atteints d\u2019autisme \u00e0 Boissy-Saint-L\u00e9ger dans le Val-de-Marne.<\/p>\n<p class=\" wall-content\"><strong>Suivez-nous pour en savoir plus\u2009!<\/strong><br \/>Vous voulez plus d\u2019infos sur l\u2019\u00cele-de-France\u2009? Vous pouvez nous retrouver sur actu \u00cele-de-France. Pour nous suivre sur les r\u00e9seaux sociaux, dans vos d\u00e9partements\u2009:<\/p>\n<p class=\" wall-content\"><strong>Paris<\/strong>\u2009: retrouvez\u00a0actu\u00a0Paris\u00a0sur\u00a0<a href=\"https:\/\/www.facebook.com\/actufr.paris\/\" target=\"_blank\" rel=\"noopener\">Facebook<\/a>\u00a0et\u00a0<a href=\"https:\/\/twitter.com\/actufrparis\" target=\"_blank\" rel=\"noopener\">Twitter<\/a>\u2009;<br \/><strong>Seine-et-Marne<\/strong>\u2009: retrouvez\u00a0La R\u00e9publique de Seine-et-Marne (sud) sur\u00a0<a href=\"https:\/\/www.facebook.com\/RepubliqueSeineMarne\/\" target=\"_blank\" rel=\"noopener\">Facebook<\/a>\u00a0et\u00a0<a href=\"https:\/\/twitter.com\/LaRep77\" target=\"_blank\" rel=\"noopener\">Twitter<\/a>\u2009; La Marne (nord) sur\u00a0<a href=\"https:\/\/www.facebook.com\/journallarmarne\/?__tn__=%2Cd%2CP-R&amp;eid=ARDLZc91LaHbXzDwChLLLQJVMBLx_ABJremTC2-RG0CYvg0f4f8CLvbV5G1Lli4g_6QoXDcKkU1_LX1W\" target=\"_blank\" rel=\"noopener\">Facebook<\/a>\u00a0et\u00a0<a href=\"https:\/\/twitter.com\/JournalLaMarne\" target=\"_blank\" rel=\"noopener\">Twitter<\/a>\u2009; et\u00a0Le Pays Briard\u00a0sur\u00a0<a href=\"https:\/\/www.facebook.com\/LePaysBriard\/?ref=bookmarks\" target=\"_blank\" rel=\"noopener\">Facebook<\/a>\u00a0et\u00a0<a href=\"https:\/\/twitter.com\/LePaysBriard\" target=\"_blank\" rel=\"noopener\">Twitter<\/a>\u2009;<br \/><strong>Yvelines\u2009:<\/strong> retrouvez\u00a078actu\u00a0sur\u00a0<a href=\"https:\/\/www.facebook.com\/78actu\/\" target=\"_blank\" rel=\"noopener\">Facebook<\/a>\u00a0et\u00a0<a href=\"https:\/\/x.com\/78actu\">Twitter<\/a>\u2009;<br \/><strong>Essonne\u2009:<\/strong> retrouvez\u00a0actu Essonne\u00a0sur\u00a0<a href=\"https:\/\/www.facebook.com\/actuessonne\/?ref=br_rs\" target=\"_blank\" rel=\"noopener\">Facebook<\/a>\u00a0et\u00a0<a href=\"https:\/\/twitter.com\/ActuEssonne\" target=\"_blank\" rel=\"noopener\">Twitter<\/a>\u2009;<br \/><strong>Hauts-de-Seine\u2009:<\/strong> retrouvez\u00a0actu\u00a0Hauts-de-Seine\u00a0sur\u00a0<a href=\"https:\/\/www.facebook.com\/actufr.hautsdeseine\/\" target=\"_blank\" rel=\"noopener\">Facebook<\/a>\u00a0et\u00a0<a href=\"https:\/\/twitter.com\/actufr92\" target=\"_blank\" rel=\"noopener\">Twitter<\/a>\u2009;<br \/><strong>Seine-Saint-Denis\u2009:<\/strong> retrouvez actu Seine-Saint-Denis sur\u00a0<a href=\"https:\/\/www.facebook.com\/actufr.seinesaintdenis\/\" target=\"_blank\" rel=\"noopener\">Facebook<\/a>\u00a0et\u00a0<a href=\"https:\/\/x.com\/Actufr93\">Twitter<\/a>\u2009;<br \/><strong>Val-de-Marne\u2009: <\/strong>retrouvez actu Val-de-Marne sur\u00a0<a href=\"https:\/\/www.facebook.com\/actu94.valdemarne\/\" target=\"_blank\" rel=\"noopener\">Facebook<\/a>\u00a0et\u00a0<a href=\"https:\/\/x.com\/actufr94\">Twitter<\/a>\u2009;<br \/><strong>Val-d\u2019Oise\u2009:<\/strong> retrouvez La Gazette du Val-d\u2019Oise sur\u00a0<a href=\"https:\/\/x.com\/actufr94\">Twitter<\/a><\/p>\n<p class=\" wall-content\">Personnalisez votre actualit\u00e9 en ajoutant vos villes et m\u00e9dias en favori avec <a href=\"https:\/\/moncompte.actu.fr\" title=\"D\u00e9couvez Mon Actu\" rel=\"nofollow noopener\" data-trk=\"{&quot;cta&quot;:{&quot;action&quot;:&quot;https:\\\/\\\/moncompte.actu.fr&quot;,&quot;category&quot;:&quot;mon compte&quot;,&quot;from&quot;:&quot;article footer&quot;,&quot;name&quot;:&quot;Mon actu&quot;,&quot;type&quot;:&quot;cta&quot;}}\" target=\"_blank\">Mon Actu<\/a>.<\/p>\n<p>                    <script async src=\"https:\/\/platform.twitter.com\/widgets.js\" charset=\"utf-8\"><\/script><\/p>\n","protected":false},"excerpt":{"rendered":"Par R\u00e9daction Paris Publi\u00e9 le 5 d\u00e9c. 2025 \u00e0 11h59 La semaine se termine, place au week-end\u2009! Que&hellip;\n","protected":false},"author":2,"featured_media":579768,"comment_status":"","ping_status":"","sticky":false,"template":"","format":"standard","meta":{"footnotes":""},"categories":[1888],"tags":[1111,1928,11,1927,1777,674,1011,27,1943,12,1926,626,1925,625,25,104,517],"class_list":{"0":"post-579767","1":"post","2":"type-post","3":"status-publish","4":"format-standard","5":"has-post-thumbnail","7":"category-paris","8":"tag-actu","9":"tag-actu-paris","10":"tag-actualites","11":"tag-actualites-paris","12":"tag-eu","13":"tag-europe","14":"tag-fr","15":"tag-france","16":"tag-handicap","17":"tag-news","18":"tag-news-paris","19":"tag-paris","20":"tag-paris-news","21":"tag-ratp","22":"tag-republique-francaise","23":"tag-societe","24":"tag-sport"},"share_on_mastodon":{"url":"https:\/\/pubeurope.com\/@fr\/115666802719452350","error":""},"_links":{"self":[{"href":"https:\/\/www.europesays.com\/fr\/wp-json\/wp\/v2\/posts\/579767","targetHints":{"allow":["GET"]}}],"collection":[{"href":"https:\/\/www.europesays.com\/fr\/wp-json\/wp\/v2\/posts"}],"about":[{"href":"https:\/\/www.europesays.com\/fr\/wp-json\/wp\/v2\/types\/post"}],"author":[{"embeddable":true,"href":"https:\/\/www.europesays.com\/fr\/wp-json\/wp\/v2\/users\/2"}],"replies":[{"embeddable":true,"href":"https:\/\/www.europesays.com\/fr\/wp-json\/wp\/v2\/comments?post=579767"}],"version-history":[{"count":0,"href":"https:\/\/www.europesays.com\/fr\/wp-json\/wp\/v2\/posts\/579767\/revisions"}],"wp:featuredmedia":[{"embeddable":true,"href":"https:\/\/www.europesays.com\/fr\/wp-json\/wp\/v2\/media\/579768"}],"wp:attachment":[{"href":"https:\/\/www.europesays.com\/fr\/wp-json\/wp\/v2\/media?parent=579767"}],"wp:term":[{"taxonomy":"category","embeddable":true,"href":"https:\/\/www.europesays.com\/fr\/wp-json\/wp\/v2\/categories?post=579767"},{"taxonomy":"post_tag","embeddable":true,"href":"https:\/\/www.europesays.com\/fr\/wp-json\/wp\/v2\/tags?post=579767"}],"curies":[{"name":"wp","href":"https:\/\/api.w.org\/{rel}","templated":true}]}}