{"id":579771,"date":"2025-12-05T11:49:13","date_gmt":"2025-12-05T11:49:13","guid":{"rendered":"https:\/\/www.europesays.com\/fr\/579771\/"},"modified":"2025-12-05T11:49:13","modified_gmt":"2025-12-05T11:49:13","slug":"quinte-du-samedi-6-decembre-2025-a-vincennes-les-pronostics","status":"publish","type":"post","link":"https:\/\/www.europesays.com\/fr\/579771\/","title":{"rendered":"Quint\u00e9 du samedi 6 d\u00e9cembre 2025 \u00e0 Vincennes : les pronostics"},"content":{"rendered":"<p class=\"article-p mdl\">Retrouvez les pronostics de Dominique Cordier pour le Quint\u00e9 du samedi 6 d\u00e9cembre 2025 \u00e0 Vincennes, le Prix Octave Douesnel. <strong>D\u00e9part \u00e0 15h15. 14 partants. <\/strong>Trot attel\u00e9. Course internationale. Groupe II. 2.700 m\u00e8tres. Grande piste. Trotteurs de 4 ans.&#13;<\/p>\n<p class=\"article-p mdl\">Superbe course, avec les meilleurs 4 ans du moment, o\u00f9 ne manque finalement que <strong>Liza Josselyn<\/strong>, la fille de <strong>Belina<\/strong>.&#13;<\/p>\n<p class=\"article-p mdl\">Jean-Michel Bazire la pr\u00e9serve, manifestement, mais sera suivi ici en confiance avec le <strong>4 Lord du Gers<\/strong>.&#13;<\/p>\n<p class=\"article-p mdl\">En forme, ce <strong>Lord<\/strong> court pieds nus pour la deuxi\u00e8me fois de sa carri\u00e8re. Il avait \u00e9t\u00e9 disqualifi\u00e9 pour sa premi\u00e8re, dans le Crit\u00e9rium des 4 ans au mois de septembre, parce qu\u2019il avait \u00e9t\u00e9 g\u00ean\u00e9 au d\u00e9part. Le d\u00e9ferrage n\u2019avait absolument rien \u00e0 voir l\u00e0-dedans.&#13;<\/p>\n<p class=\"article-p mdl\">Tous les \u00ab L \u00bb de la course m\u00e9ritent ensuite une mention.&#13;<\/p>\n<p class=\"article-p mdl\">Le <strong>11 Lombok Jiel <\/strong>vient de faire une rentr\u00e9e victorieuse dans une coursette \u00e0 Mons (Belgique), le 5 <strong>L\u2019As Desbois <\/strong>vient de s\u2019imposer \u00e0 ce niveau, le <strong>14 Lovino Bello <\/strong>vaut beaucoup mieux que ce qu\u2019il vient de montrer en Su\u00e8de.&#13;<\/p>\n<p class=\"article-p mdl\">L\u2019outsider de RTL, le<strong> 7 Learn to Fly<\/strong>, vient lui de se classer 4e dans le sillage de <strong>L\u2019As Desbois<\/strong>. En forme, il jouera les belles places sur ce trac\u00e9 qui est sans doute son meilleur parcours.<\/p>\n<p>            Les pronostics<\/p>\n<p class=\"article-p mdl\">4. Lord du Gers&#13;<br \/>11. Lombok Jiel&#13;<br \/>13. Frank Gio&#13;<br \/>14. Lovino Bello&#13;<br \/>5. L\u2019As Desbois&#13;<br \/>7. Learn to Fly&#13;<br \/>10. Falco Killer Gar<\/p>\n<p>    L&rsquo;outsider de RTL<\/p>\n<p class=\"article-p mdl\">7. Learn to Fly<\/p>\n<p>    R\u00e9sultats du jeudi 4 d\u00e9cembre 2025 \u00e0 Vincennes<\/p>\n<p class=\"article-p mdl\">Le favori de RTL, 2e, est surtout battu par les circonstances de course. L\u2019outsider de RTL est 8. La s\u00e9lection indique le Bonus 4sur5.<\/p>\n<p>    La r\u00e9daction vous recommande<\/p>\n<p class=\"s-newsletter__title\">\n                L\u2019actualit\u00e9 par la r\u00e9daction de RTL dans votre bo\u00eete mail.\n            <\/p>\n<p class=\"s-newsletter__subtitle\">\n                Gr\u00e2ce \u00e0 votre compte RTL abonnez-vous \u00e0 la newsletter RTL info pour suivre toute l&rsquo;actualit\u00e9 au quotidien\n            <\/p>\n<p>\n                                    Lire la suite\n                                <\/p>\n","protected":false},"excerpt":{"rendered":"Retrouvez les pronostics de Dominique Cordier pour le Quint\u00e9 du samedi 6 d\u00e9cembre 2025 \u00e0 Vincennes, le Prix&hellip;\n","protected":false},"author":2,"featured_media":3836,"comment_status":"","ping_status":"","sticky":false,"template":"","format":"standard","meta":{"footnotes":""},"categories":[1888],"tags":[11,2621,2622,1777,674,107,2619,1011,27,12,626,2623,362,25],"class_list":{"0":"post-579771","1":"post","2":"type-post","3":"status-publish","4":"format-standard","5":"has-post-thumbnail","7":"category-paris","8":"tag-actualites","9":"tag-chevaux","10":"tag-courses","11":"tag-eu","12":"tag-europe","13":"tag-fil-info","14":"tag-fil-sport","15":"tag-fr","16":"tag-france","17":"tag-news","18":"tag-paris","19":"tag-quinte","20":"tag-replay","21":"tag-republique-francaise"},"share_on_mastodon":{"url":"https:\/\/pubeurope.com\/@fr\/115666810615653486","error":""},"_links":{"self":[{"href":"https:\/\/www.europesays.com\/fr\/wp-json\/wp\/v2\/posts\/579771","targetHints":{"allow":["GET"]}}],"collection":[{"href":"https:\/\/www.europesays.com\/fr\/wp-json\/wp\/v2\/posts"}],"about":[{"href":"https:\/\/www.europesays.com\/fr\/wp-json\/wp\/v2\/types\/post"}],"author":[{"embeddable":true,"href":"https:\/\/www.europesays.com\/fr\/wp-json\/wp\/v2\/users\/2"}],"replies":[{"embeddable":true,"href":"https:\/\/www.europesays.com\/fr\/wp-json\/wp\/v2\/comments?post=579771"}],"version-history":[{"count":0,"href":"https:\/\/www.europesays.com\/fr\/wp-json\/wp\/v2\/posts\/579771\/revisions"}],"wp:featuredmedia":[{"embeddable":true,"href":"https:\/\/www.europesays.com\/fr\/wp-json\/wp\/v2\/media\/3836"}],"wp:attachment":[{"href":"https:\/\/www.europesays.com\/fr\/wp-json\/wp\/v2\/media?parent=579771"}],"wp:term":[{"taxonomy":"category","embeddable":true,"href":"https:\/\/www.europesays.com\/fr\/wp-json\/wp\/v2\/categories?post=579771"},{"taxonomy":"post_tag","embeddable":true,"href":"https:\/\/www.europesays.com\/fr\/wp-json\/wp\/v2\/tags?post=579771"}],"curies":[{"name":"wp","href":"https:\/\/api.w.org\/{rel}","templated":true}]}}