{"id":579774,"date":"2025-12-05T11:51:13","date_gmt":"2025-12-05T11:51:13","guid":{"rendered":"https:\/\/www.europesays.com\/fr\/579774\/"},"modified":"2025-12-05T11:51:13","modified_gmt":"2025-12-05T11:51:13","slug":"le-gaz-russe-interdit-a-lautomne-2027","status":"publish","type":"post","link":"https:\/\/www.europesays.com\/fr\/579774\/","title":{"rendered":"le gaz russe interdit \u00e0 l&rsquo;automne 2027"},"content":{"rendered":"<p class=\"article-p mdl\">La Commission, le Parlement et le Conseil europ\u00e9en ont trouv\u00e9 un accord. L&rsquo;Europe a pris la d\u00e9cision de suspendre les achats de gaz \u00e0 la Russie \u00e0 partir de l&rsquo;automne 2027, pour tenter de limiter les moyens financiers que Moscou retire de ses ventes d&rsquo;hydrocarbures pour financer la guerre contre l&rsquo;Ukraine. Avant le conflit, 40 \u00e0 45% du gaz consomm\u00e9 en Europe provenait de Russie.<\/p>\n<p class=\"article-p mdl\">Moscou a elle-m\u00eame ralenti les livraisons de ce pr\u00e9cieux fluide. En r\u00e9alit\u00e9, il subsiste des achats importants de gaz naturel liqu\u00e9fi\u00e9, le GNL, venant de Sib\u00e9rie. <strong>La Russie repr\u00e9sente encore 12% de nos approvisionnements.<\/strong><\/p>\n<p class=\"article-p mdl\">La Hongrie et la Slovaquie, extr\u00eamement d\u00e9pendantes, consommatrices et proches de Moscou, ont d&rsquo;ailleurs d\u00e9clar\u00e9 qu&rsquo;elles poursuivraient leurs achats malgr\u00e9 l&rsquo;interdiction. Sur le plan juridique, cette interdiction est fragile puisqu&rsquo;il n&rsquo;y a pas d&rsquo;unanimit\u00e9 du c\u00f4t\u00e9 des Europ\u00e9ens.\u00a0<\/p>\n<p>            La d\u00e9cision ne devrait pas provoquer une remont\u00e9e des prix<\/p>\n<p class=\"article-p mdl\">Selon le Centre for Research on Energy and Clean Air, nos achats de gaz \u00e0 la Russie repr\u00e9sentent environ 50 millions d&rsquo;euros par jour. Depuis l&rsquo;invasion, le Kremlin a touch\u00e9 pr\u00e8s de 1.000 milliards d&rsquo;euros en vendant ses hydrocarbures, dont approximativement <strong>2.000 milliards d&rsquo;euros pay\u00e9s par l&rsquo;Europe<\/strong>. A priori, cette d\u00e9cision de Bruxelles ne devrait pas provoquer une remont\u00e9e des prix.\u00a0<\/p>\n<p class=\"article-p mdl\">Le march\u00e9 du gaz reste calme, <strong>les cours n&rsquo;ont pas explos\u00e9 <\/strong>parce que cette d\u00e9cision \u00e9tait largement attendue, et surtout parce qu&rsquo;il y a des solutions de remplacement. L&rsquo;Europe va d\u00e9sormais se tourner vers les \u00c9tats-Unis. Il y a des gisements consid\u00e9rables de gaz dans le sud du pays, devenu le premier producteur mondial.\u00a0<\/p>\n<p class=\"article-p mdl\">Actuellement, la part des \u00c9tats-Unis dans nos fournisseurs a explos\u00e9 de plus de 30%. De nouveaux terminaux de liqu\u00e9faction, pour le transport, sont en construction. Il n&rsquo;y a donc pas de risque de p\u00e9nurie. Donald Trump a d&rsquo;ailleurs exig\u00e9 que l&rsquo;Europe triple ses achats d&rsquo;hydrocarbures am\u00e9ricains, en contrepartie de l&rsquo;acc\u00e8s au march\u00e9 US pour nos exportations. Ainsi va l\u2019Europe, qui ne quitte la d\u00e9pendance vis-\u00e0-vis de Poutine que pour tomber dans celle de Trump.<\/p>\n<p>    La r\u00e9daction vous recommande<\/p>\n<p class=\"s-newsletter__title\">\n                L\u2019actualit\u00e9 par la r\u00e9daction de RTL dans votre bo\u00eete mail.\n            <\/p>\n<p class=\"s-newsletter__subtitle\">\n                Gr\u00e2ce \u00e0 votre compte RTL abonnez-vous \u00e0 la newsletter RTL info pour suivre toute l&rsquo;actualit\u00e9 au quotidien\n            <\/p>\n<p>\n                                    Lire la suite\n                                <\/p>\n","protected":false},"excerpt":{"rendered":"La Commission, le Parlement et le Conseil europ\u00e9en ont trouv\u00e9 un accord. L&rsquo;Europe a pris la d\u00e9cision de&hellip;\n","protected":false},"author":2,"featured_media":579775,"comment_status":"","ping_status":"","sticky":false,"template":"","format":"standard","meta":{"footnotes":""},"categories":[1591],"tags":[11,674,3483,1887,107,843,131,12,362,1885,1886,132],"class_list":{"0":"post-579774","1":"post","2":"type-post","3":"status-publish","4":"format-standard","5":"has-post-thumbnail","7":"category-russie","8":"tag-actualites","9":"tag-europe","10":"tag-extrait","11":"tag-federation-de-russie","12":"tag-fil-info","13":"tag-gaz","14":"tag-guerre-en-ukraine","15":"tag-news","16":"tag-replay","17":"tag-russia","18":"tag-russian-federation","19":"tag-russie"},"share_on_mastodon":{"url":"https:\/\/pubeurope.com\/@fr\/115666818561635345","error":""},"_links":{"self":[{"href":"https:\/\/www.europesays.com\/fr\/wp-json\/wp\/v2\/posts\/579774","targetHints":{"allow":["GET"]}}],"collection":[{"href":"https:\/\/www.europesays.com\/fr\/wp-json\/wp\/v2\/posts"}],"about":[{"href":"https:\/\/www.europesays.com\/fr\/wp-json\/wp\/v2\/types\/post"}],"author":[{"embeddable":true,"href":"https:\/\/www.europesays.com\/fr\/wp-json\/wp\/v2\/users\/2"}],"replies":[{"embeddable":true,"href":"https:\/\/www.europesays.com\/fr\/wp-json\/wp\/v2\/comments?post=579774"}],"version-history":[{"count":0,"href":"https:\/\/www.europesays.com\/fr\/wp-json\/wp\/v2\/posts\/579774\/revisions"}],"wp:featuredmedia":[{"embeddable":true,"href":"https:\/\/www.europesays.com\/fr\/wp-json\/wp\/v2\/media\/579775"}],"wp:attachment":[{"href":"https:\/\/www.europesays.com\/fr\/wp-json\/wp\/v2\/media?parent=579774"}],"wp:term":[{"taxonomy":"category","embeddable":true,"href":"https:\/\/www.europesays.com\/fr\/wp-json\/wp\/v2\/categories?post=579774"},{"taxonomy":"post_tag","embeddable":true,"href":"https:\/\/www.europesays.com\/fr\/wp-json\/wp\/v2\/tags?post=579774"}],"curies":[{"name":"wp","href":"https:\/\/api.w.org\/{rel}","templated":true}]}}