{"id":579776,"date":"2025-12-05T11:52:12","date_gmt":"2025-12-05T11:52:12","guid":{"rendered":"https:\/\/www.europesays.com\/fr\/579776\/"},"modified":"2025-12-05T11:52:12","modified_gmt":"2025-12-05T11:52:12","slug":"guerre-en-ukraine-plusieurs-drones-reperes-a-proximite-de-lavion-de-zelensky-lors-de-son-arrivee-en-irlande","status":"publish","type":"post","link":"https:\/\/www.europesays.com\/fr\/579776\/","title":{"rendered":"Guerre en Ukraine\u00a0: plusieurs drones rep\u00e9r\u00e9s \u00e0 proximit\u00e9 de l\u2019avion de Zelensky lors de son arriv\u00e9e en Irlande"},"content":{"rendered":"<p>Lundi soir, un navire de la Marine irlandaise a identifi\u00e9 cinq drones \u00ab op\u00e9rant pr\u00e8s de la trajectoire de l\u2019avion du pr\u00e9sident ukrainien au large des c\u00f4tes de Howth \u00bb, a signal\u00e9, ce jeudi, <a href=\"https:\/\/www.irishtimes.com\/ireland\/2025\/12\/04\/drones-spotted-near-zelenskiys-flight-path-to-dublin-triggering-major-security-alert\/\" target=\"_blank\" rel=\"noopener\">The Irish Times<\/a>.<\/p>\n<p>Une alerte de s\u00e9curit\u00e9 majeure a aussit\u00f4t \u00e9t\u00e9 d\u00e9clench\u00e9e, mais le vol n\u2019a finalement pas \u00e9t\u00e9 perturb\u00e9. \u00ab L\u2019origine des drones est inconnue. Leur port\u00e9e et leur temps de vol stationnaire indiquent qu\u2019il s\u2019agissait d\u2019un mod\u00e8le sophistiqu\u00e9 pilot\u00e9 par des utilisateurs exp\u00e9riment\u00e9s, selon certaines sources \u00bb, pr\u00e9cise le m\u00e9dia irlandais.<\/p>\n<p>Les services de s\u00e9curit\u00e9 russes soup\u00e7onn\u00e9s<\/p>\n<p>D\u2019apr\u00e8s les autorit\u00e9s, cet incident, lors de <a href=\"https:\/\/www.letelegramme.fr\/monde\/guerre-ukraine-russie\/guerre-en-ukraine-epaule-par-les-europeens-zelensky-espere-discuter-avec-trump-6939239.php\" target=\"_blank\" rel=\"noopener\">l\u2019arriv\u00e9e de Volodymyr Zelensky pour une visite officielle en Irlande<\/a>, rel\u00e8ve davantage d\u2019une \u00ab tentative potentielle de perturbation du trafic a\u00e9rien plut\u00f4t que comme une attaque cibl\u00e9e \u00bb. Les drones avaient leurs lumi\u00e8res allum\u00e9es sans doute pour \u00eatre vus. \u00ab Les services de s\u00e9curit\u00e9 russes sont consid\u00e9r\u00e9s comme les suspects les plus probables \u00bb, selon plusieurs sources, d\u2019apr\u00e8s The Irish Times.<\/p>\n<p>\u00ab Le soutien des forces de d\u00e9fense \u00e0 l\u2019op\u00e9ration de s\u00e9curit\u00e9, men\u00e9e par An Garda S\u00edoch\u00e1na, a \u00e9t\u00e9 d\u00e9ploy\u00e9 avec succ\u00e8s par de multiples moyens, permettant finalement une visite s\u00fbre et r\u00e9ussie du pr\u00e9sident Zelensky en Irlande \u00bb, a d\u00e9clar\u00e9 un porte-parole des forces de d\u00e9fense irlandaises, cit\u00e9e par la <a href=\"https:\/\/www.bbc.com\/news\/articles\/cjrjnrzdj3zo\" target=\"_blank\" rel=\"noopener\">BBC<\/a>.<\/p>\n","protected":false},"excerpt":{"rendered":"Lundi soir, un navire de la Marine irlandaise a identifi\u00e9 cinq drones \u00ab op\u00e9rant pr\u00e8s de la trajectoire&hellip;\n","protected":false},"author":2,"featured_media":579777,"comment_status":"","ping_status":"","sticky":false,"template":"","format":"standard","meta":{"footnotes":""},"categories":[1590],"tags":[11,765,1777,674,131,2069,74,12,132,220,134],"class_list":{"0":"post-579776","1":"post","2":"type-post","3":"status-publish","4":"format-standard","5":"has-post-thumbnail","7":"category-ukraine","8":"tag-actualites","9":"tag-en-continu","10":"tag-eu","11":"tag-europe","12":"tag-guerre-en-ukraine","13":"tag-guerre-ukraine-russie","14":"tag-monde","15":"tag-news","16":"tag-russie","17":"tag-ukraine","18":"tag-volodymyr-zelensky"},"share_on_mastodon":{"url":"https:\/\/pubeurope.com\/@fr\/115666822557403796","error":""},"_links":{"self":[{"href":"https:\/\/www.europesays.com\/fr\/wp-json\/wp\/v2\/posts\/579776","targetHints":{"allow":["GET"]}}],"collection":[{"href":"https:\/\/www.europesays.com\/fr\/wp-json\/wp\/v2\/posts"}],"about":[{"href":"https:\/\/www.europesays.com\/fr\/wp-json\/wp\/v2\/types\/post"}],"author":[{"embeddable":true,"href":"https:\/\/www.europesays.com\/fr\/wp-json\/wp\/v2\/users\/2"}],"replies":[{"embeddable":true,"href":"https:\/\/www.europesays.com\/fr\/wp-json\/wp\/v2\/comments?post=579776"}],"version-history":[{"count":0,"href":"https:\/\/www.europesays.com\/fr\/wp-json\/wp\/v2\/posts\/579776\/revisions"}],"wp:featuredmedia":[{"embeddable":true,"href":"https:\/\/www.europesays.com\/fr\/wp-json\/wp\/v2\/media\/579777"}],"wp:attachment":[{"href":"https:\/\/www.europesays.com\/fr\/wp-json\/wp\/v2\/media?parent=579776"}],"wp:term":[{"taxonomy":"category","embeddable":true,"href":"https:\/\/www.europesays.com\/fr\/wp-json\/wp\/v2\/categories?post=579776"},{"taxonomy":"post_tag","embeddable":true,"href":"https:\/\/www.europesays.com\/fr\/wp-json\/wp\/v2\/tags?post=579776"}],"curies":[{"name":"wp","href":"https:\/\/api.w.org\/{rel}","templated":true}]}}