{"id":579784,"date":"2025-12-05T11:56:15","date_gmt":"2025-12-05T11:56:15","guid":{"rendered":"https:\/\/www.europesays.com\/fr\/579784\/"},"modified":"2025-12-05T11:56:15","modified_gmt":"2025-12-05T11:56:15","slug":"donald-trump-anticipe-leffacement-civilisationnel-de-leurope-et-reajuste-sa-strategie-de-defense-internationale","status":"publish","type":"post","link":"https:\/\/www.europesays.com\/fr\/579784\/","title":{"rendered":"Donald Trump anticipe \u00ab\u00a0l&rsquo;effacement civilisationnel\u00a0\u00bb de l&rsquo;Europe et r\u00e9ajuste sa strat\u00e9gie de d\u00e9fense internationale"},"content":{"rendered":"<p>L&rsquo;administration Trump a \u00e9mis vendredi un document sur sa \u00ab\u00a0Strat\u00e9gie de d\u00e9fense nationale\u00a0\u00bb, dans lequel elle anticipe l'\u00a0\u00bbeffacement civilisationnel\u00a0\u00bb de l&rsquo;Europe, veut restaurer sa puissance en Am\u00e9rique latine et juge \u00ab\u00a0l&rsquo;\u00e8re des migrations de masse\u00a0\u00bb termin\u00e9e.<\/p>\n<p>Il y a un risque \u00ab\u00a0d&rsquo;effacement civilisationnel\u00a0\u00bb de l&rsquo;Europe, <a href=\"https:\/\/www.whitehouse.gov\/wp-content\/uploads\/2025\/12\/2025-National-Security-Strategy.pdf\" class=\"inline-link\" data-item-id=\"richtext_link\" target=\"_blank\" rel=\"noopener\">estime le texte publi\u00e9 dans la nuit de jeudi \u00e0 vendredi<\/a> par l&rsquo;administration de Donald Trump. \u00ab\u00a0Si les tendances actuelles se poursuivent, le continent sera m\u00e9connaissable dans 20 ans ou moins\u00a0\u00bb.<\/p>\n<p>Le document de 33 pages appelle aussi \u00e0 \u00ab\u00a0restaurer la supr\u00e9matie am\u00e9ricaine\u00a0\u00bb en Am\u00e9rique latine, et annonce un \u00ab\u00a0r\u00e9ajustement\u00a0\u00bb de la pr\u00e9sence militaire am\u00e9ricaine dans le monde, \u00ab\u00a0pour r\u00e9pondre aux menaces urgentes sur notre continent, et un \u00e9loignement des th\u00e9\u00e2tres dont l&rsquo;importance relative pour la s\u00e9curit\u00e9 nationale am\u00e9ricaine a diminu\u00e9 ces derni\u00e8res ann\u00e9es ou d\u00e9cennies\u00a0\u00bb.<\/p>\n<p>Washington affirme par ailleurs que \u00ab\u00a0l&rsquo;\u00e8re des migrations de masse doit prendre fin. La s\u00e9curit\u00e9 des fronti\u00e8res est l&rsquo;\u00e9l\u00e9ment principal de la s\u00e9curit\u00e9 nationale\u00a0\u00bb, affirme le document alors que Donald Trump a consid\u00e9rablement durci sa politique contre l&rsquo;immigration. \u00ab\u00a0Nous devons prot\u00e9ger notre pays contre les invasions, non seulement contre les migrations incontr\u00f4l\u00e9es, mais aussi les menaces transfrontali\u00e8res telles que le terrorisme, les drogues, l&rsquo;espionnage et la traite des \u00eatres humains\u00a0\u00bb, poursuit-il.<\/p>\n<p>Tokyo et S\u00e9oul appel\u00e9s \u00e0 faire davantage pour Ta\u00efwan<\/p>\n<p>Le Japon et la Cor\u00e9e du Sud sont par ailleurs appel\u00e9s \u00e0 faire davantage pour soutenir la d\u00e9fense de Ta\u00efwan face \u00e0 la Chine.<\/p>\n<p><strong class=\"inline-title\">&gt;&gt; Relire \u00e9galement\u00a0: <\/strong><a href=\"https:\/\/www.rts.ch\/info\/monde\/2025\/article\/tensions-japon-chine-taiwan-au-c-ur-d-une-escalade-diplomatique-29080283.html\" data-item-id=\"richtext_link\" target=\"_blank\" rel=\"noopener\">Entre Tokyo et P\u00e9kin, un refroidissement diplomatique en plusieurs actes<\/a><\/p>\n<p>\u00ab\u00a0Nous devons inciter ces pays \u00e0 augmenter leurs d\u00e9penses de d\u00e9fense, en mettant l&rsquo;accent sur les capacit\u00e9s n\u00e9cessaires pour dissuader les adversaires\u00a0\u00bb de s&rsquo;en prendre \u00e0 l&rsquo;\u00eele, affirme le document.<\/p>\n<\/p>\n<p class=\"sources\">afp\/ther<\/p>\n","protected":false},"excerpt":{"rendered":"L&rsquo;administration Trump a \u00e9mis vendredi un document sur sa \u00ab\u00a0Strat\u00e9gie de d\u00e9fense nationale\u00a0\u00bb, dans lequel elle anticipe l&rsquo;\u00a0\u00bbeffacement&hellip;\n","protected":false},"author":2,"featured_media":579785,"comment_status":"","ping_status":"","sticky":false,"template":"","format":"standard","meta":{"footnotes":""},"categories":[1586],"tags":[11,5002,554,16547,75,1777,674,1011,27,418,1061,74,12,316,2543,25,656,104,69377],"class_list":{"0":"post-579784","1":"post","2":"type-post","3":"status-publish","4":"format-standard","5":"has-post-thumbnail","7":"category-europe","8":"tag-actualites","9":"tag-amerique-latine","10":"tag-defense","11":"tag-document","12":"tag-donald-trump","13":"tag-eu","14":"tag-europe","15":"tag-fr","16":"tag-france","17":"tag-gouvernement","18":"tag-immigration","19":"tag-monde","20":"tag-news","21":"tag-politique","22":"tag-relations-internationales","23":"tag-republique-francaise","24":"tag-securite","25":"tag-societe","26":"tag-trump-administration-cabinet"},"share_on_mastodon":{"url":"https:\/\/pubeurope.com\/@fr\/115666838137565053","error":""},"_links":{"self":[{"href":"https:\/\/www.europesays.com\/fr\/wp-json\/wp\/v2\/posts\/579784","targetHints":{"allow":["GET"]}}],"collection":[{"href":"https:\/\/www.europesays.com\/fr\/wp-json\/wp\/v2\/posts"}],"about":[{"href":"https:\/\/www.europesays.com\/fr\/wp-json\/wp\/v2\/types\/post"}],"author":[{"embeddable":true,"href":"https:\/\/www.europesays.com\/fr\/wp-json\/wp\/v2\/users\/2"}],"replies":[{"embeddable":true,"href":"https:\/\/www.europesays.com\/fr\/wp-json\/wp\/v2\/comments?post=579784"}],"version-history":[{"count":0,"href":"https:\/\/www.europesays.com\/fr\/wp-json\/wp\/v2\/posts\/579784\/revisions"}],"wp:featuredmedia":[{"embeddable":true,"href":"https:\/\/www.europesays.com\/fr\/wp-json\/wp\/v2\/media\/579785"}],"wp:attachment":[{"href":"https:\/\/www.europesays.com\/fr\/wp-json\/wp\/v2\/media?parent=579784"}],"wp:term":[{"taxonomy":"category","embeddable":true,"href":"https:\/\/www.europesays.com\/fr\/wp-json\/wp\/v2\/categories?post=579784"},{"taxonomy":"post_tag","embeddable":true,"href":"https:\/\/www.europesays.com\/fr\/wp-json\/wp\/v2\/tags?post=579784"}],"curies":[{"name":"wp","href":"https:\/\/api.w.org\/{rel}","templated":true}]}}