{"id":579795,"date":"2025-12-05T12:03:33","date_gmt":"2025-12-05T12:03:33","guid":{"rendered":"https:\/\/www.europesays.com\/fr\/579795\/"},"modified":"2025-12-05T12:03:33","modified_gmt":"2025-12-05T12:03:33","slug":"une-date-pour-le-retour-de-tatafu-galthie-se-frotte-les-mains","status":"publish","type":"post","link":"https:\/\/www.europesays.com\/fr\/579795\/","title":{"rendered":"Une date pour le retour de Tatafu, Galthi\u00e9 se frotte les mains"},"content":{"rendered":"<p>Bless\u00e9 \u00e0 la cheville depuis l\u2019\u00e9t\u00e9 dernier, Tevita Tatafu (23 ans, 2 s\u00e9lections) s\u2019appr\u00eate \u00e0 retrouver les terrains. Le pilier droit de l\u2019Aviron Bayonnais devrait effectuer son retour \u00e0 la comp\u00e9tition le 27 d\u00e9cembre 2025. Ce sera lors de la r\u00e9ception du Stade Fran\u00e7ais au stade Jean-Dauger. Cette \u00e9ch\u00e9ance, fix\u00e9e depuis plusieurs semaines par le staff basque, voit enfin se rapprocher le terme d\u2019une longue attente.<\/p>\n<p>\u00a0<\/p>\n<p>Une bonne nouvelle pour les Bleus<\/p>\n<p>Depuis plusieurs mois, l\u2019Aviron a d\u00fb composer avec une s\u00e9rie de coups durs en premi\u00e8re ligne. Entre blessures, suspensions et r\u00e9ajustements forc\u00e9s, le club a souvent pay\u00e9 cher l\u2019absence de Tatafu. Plusieurs joueurs tels que Luke Tagi et Swan Cormenier sont aussi indisponibles depuis peu. Le retour du pilier de 29 ans appara\u00eet donc comme une bouff\u00e9e d\u2019oxyg\u00e8ne pour une \u00e9quipe en qu\u00eate de stabilit\u00e9 dans les phases de m\u00eal\u00e9e.<\/p>\n<p>\u00a0<\/p>\n<p>Au-del\u00e0 du club basque, cette reprise de Tevita Tatafu pourrait \u00e9galement profiter au XV de France. Le poste de pilier droit, fragilis\u00e9 depuis plusieurs mois, manque de profondeur. La blessure d\u2019Uini Atonio, contraint de renoncer \u00e0 la tourn\u00e9e d\u2019automne, avait accentu\u00e9 ce d\u00e9ficit. Le Rochelais doit lui aussi reprendre la comp\u00e9tition ce week-end en Champions Cup face aux Leicester Tigers, une \u00e9tape cl\u00e9 avant de retrouver les Bleus.<\/p>\n<p>Partagez cette info avec vos amis et vos proches en cliquant ici<br \/>Pour r\u00e9sumer<\/p>\n<p>Bonne nouvelle pour Bayonne et les Bleus ! Tevita Tatafu revient le 27 d\u00e9cembre contre le Stade Fran\u00e7ais. Son retour, conjugu\u00e9 \u00e0 celui d\u2019Uini Atonio, renforce une premi\u00e8re ligne fran\u00e7aise en qu\u00eate de stabilit\u00e9 avant le Tournoi des 6 Nations.<\/p>\n<p> <img decoding=\"async\" width=\"76\" height=\"76\" loading=\"lazy\" src=\"https:\/\/www.europesays.com\/fr\/wp-content\/uploads\/2025\/04\/avatar-quinze.png\" alt=\"Voldi Fr\u00e9jus\u00a0Hounvio\"\/><\/p>\n","protected":false},"excerpt":{"rendered":"Bless\u00e9 \u00e0 la cheville depuis l\u2019\u00e9t\u00e9 dernier, Tevita Tatafu (23 ans, 2 s\u00e9lections) s\u2019appr\u00eate \u00e0 retrouver les terrains.&hellip;\n","protected":false},"author":2,"featured_media":579796,"comment_status":"","ping_status":"","sticky":false,"template":"","format":"standard","meta":{"footnotes":""},"categories":[1416],"tags":[1011,27,479,1468,60,478],"class_list":{"0":"post-579795","1":"post","2":"type-post","3":"status-publish","4":"format-standard","5":"has-post-thumbnail","7":"category-rugby","8":"tag-fr","9":"tag-france","10":"tag-rugby","11":"tag-rugby-football","12":"tag-sports","13":"tag-top-14"},"share_on_mastodon":{"url":"https:\/\/pubeurope.com\/@fr\/115666866486371881","error":""},"_links":{"self":[{"href":"https:\/\/www.europesays.com\/fr\/wp-json\/wp\/v2\/posts\/579795","targetHints":{"allow":["GET"]}}],"collection":[{"href":"https:\/\/www.europesays.com\/fr\/wp-json\/wp\/v2\/posts"}],"about":[{"href":"https:\/\/www.europesays.com\/fr\/wp-json\/wp\/v2\/types\/post"}],"author":[{"embeddable":true,"href":"https:\/\/www.europesays.com\/fr\/wp-json\/wp\/v2\/users\/2"}],"replies":[{"embeddable":true,"href":"https:\/\/www.europesays.com\/fr\/wp-json\/wp\/v2\/comments?post=579795"}],"version-history":[{"count":0,"href":"https:\/\/www.europesays.com\/fr\/wp-json\/wp\/v2\/posts\/579795\/revisions"}],"wp:featuredmedia":[{"embeddable":true,"href":"https:\/\/www.europesays.com\/fr\/wp-json\/wp\/v2\/media\/579796"}],"wp:attachment":[{"href":"https:\/\/www.europesays.com\/fr\/wp-json\/wp\/v2\/media?parent=579795"}],"wp:term":[{"taxonomy":"category","embeddable":true,"href":"https:\/\/www.europesays.com\/fr\/wp-json\/wp\/v2\/categories?post=579795"},{"taxonomy":"post_tag","embeddable":true,"href":"https:\/\/www.europesays.com\/fr\/wp-json\/wp\/v2\/tags?post=579795"}],"curies":[{"name":"wp","href":"https:\/\/api.w.org\/{rel}","templated":true}]}}