{"id":57980,"date":"2025-04-28T00:05:08","date_gmt":"2025-04-28T00:05:08","guid":{"rendered":"https:\/\/www.europesays.com\/fr\/57980\/"},"modified":"2025-04-28T00:05:08","modified_gmt":"2025-04-28T00:05:08","slug":"previsions-du-lundi-28-avril-2025-5","status":"publish","type":"post","link":"https:\/\/www.europesays.com\/fr\/57980\/","title":{"rendered":"pr\u00e9visions du lundi 28 avril 2025"},"content":{"rendered":"<p>La journ\u00e9e qui s&rsquo;annonce \u00e0 Nantes, promet d&rsquo;\u00eatre superbe et ensoleill\u00e9e ! On anticipe des temp\u00e9ratures d&rsquo;environ 15\u00b0C. Une l\u00e9g\u00e8re brise de nord-est soufflera. Les valeurs tourneront autour des 15\u00b0C au cours de la matin\u00e9e. Les temp\u00e9ratures vont monter pendant l&rsquo;apr\u00e8s-midi de plusieurs degr\u00e9s. Les maximales atteindront les 21\u00b0C alors que les minimales seront de 20\u00b0C. Pendant que vous dormirez, dans la nuit de lundi \u00e0 mardi, le ciel sera clair.<\/p>\n<p>Demain, un grand soleil rayonnera sur Nantes. Le temps va se r\u00e9chauffer avec une hausse de quelques degr\u00e9s. Il fera en moyenne 17\u00b0C. Un l\u00e9ger vent d&rsquo;est sera ressenti par les habitants. Les temp\u00e9ratures vont enregistrer une augmentation de plusieurs degr\u00e9s dans l&rsquo;apr\u00e8s-midi. Les valeurs s&rsquo;\u00e9chelonneront de 22 \u00e0 23\u00b0C.<\/p>\n<p>Pour les jours suivants, la m\u00e9t\u00e9o ne bougera pas. On s&rsquo;attend \u00e0 des journ\u00e9es ensoleill\u00e9es, accompagn\u00e9es par des temp\u00e9ratures dans les 17\u00b0C en moyenne.<\/p>\n<p><\/p>\n","protected":false},"excerpt":{"rendered":"La journ\u00e9e qui s&rsquo;annonce \u00e0 Nantes, promet d&rsquo;\u00eatre superbe et ensoleill\u00e9e ! On anticipe des temp\u00e9ratures d&rsquo;environ 15\u00b0C.&hellip;\n","protected":false},"author":2,"featured_media":57981,"comment_status":"","ping_status":"","sticky":false,"template":"","format":"standard","meta":{"footnotes":""},"categories":[2818],"tags":[1111,11,1777,674,1011,27,3047,766,12,2636,2119,25],"class_list":{"0":"post-57980","1":"post","2":"type-post","3":"status-publish","4":"format-standard","5":"has-post-thumbnail","7":"category-nantes","8":"tag-actu","9":"tag-actualites","10":"tag-eu","11":"tag-europe","12":"tag-fr","13":"tag-france","14":"tag-loire-atlantique","15":"tag-nantes","16":"tag-news","17":"tag-pays-de-la-loire","18":"tag-previsions-meteo","19":"tag-republique-francaise"},"share_on_mastodon":{"url":"https:\/\/pubeurope.com\/@fr\/114412671820926752","error":""},"_links":{"self":[{"href":"https:\/\/www.europesays.com\/fr\/wp-json\/wp\/v2\/posts\/57980","targetHints":{"allow":["GET"]}}],"collection":[{"href":"https:\/\/www.europesays.com\/fr\/wp-json\/wp\/v2\/posts"}],"about":[{"href":"https:\/\/www.europesays.com\/fr\/wp-json\/wp\/v2\/types\/post"}],"author":[{"embeddable":true,"href":"https:\/\/www.europesays.com\/fr\/wp-json\/wp\/v2\/users\/2"}],"replies":[{"embeddable":true,"href":"https:\/\/www.europesays.com\/fr\/wp-json\/wp\/v2\/comments?post=57980"}],"version-history":[{"count":0,"href":"https:\/\/www.europesays.com\/fr\/wp-json\/wp\/v2\/posts\/57980\/revisions"}],"wp:featuredmedia":[{"embeddable":true,"href":"https:\/\/www.europesays.com\/fr\/wp-json\/wp\/v2\/media\/57981"}],"wp:attachment":[{"href":"https:\/\/www.europesays.com\/fr\/wp-json\/wp\/v2\/media?parent=57980"}],"wp:term":[{"taxonomy":"category","embeddable":true,"href":"https:\/\/www.europesays.com\/fr\/wp-json\/wp\/v2\/categories?post=57980"},{"taxonomy":"post_tag","embeddable":true,"href":"https:\/\/www.europesays.com\/fr\/wp-json\/wp\/v2\/tags?post=57980"}],"curies":[{"name":"wp","href":"https:\/\/api.w.org\/{rel}","templated":true}]}}