{"id":579801,"date":"2025-12-05T12:09:14","date_gmt":"2025-12-05T12:09:14","guid":{"rendered":"https:\/\/www.europesays.com\/fr\/579801\/"},"modified":"2025-12-05T12:09:14","modified_gmt":"2025-12-05T12:09:14","slug":"girondins-les-matchs-a-domicile-de-bordeaux-desormais-diffuses-sur-ligue-1-avec-un-dispositif-renforce","status":"publish","type":"post","link":"https:\/\/www.europesays.com\/fr\/579801\/","title":{"rendered":"Girondins : les matchs \u00e0 domicile de Bordeaux d\u00e9sormais diffus\u00e9s sur Ligue 1+ avec un dispositif renforc\u00e9"},"content":{"rendered":"<p><img decoding=\"async\" src=\"https:\/\/www.europesays.com\/fr\/wp-content\/uploads\/2025\/12\/671_c2dfc5bf544124dcb0a7b8e647409c98.jpg\" alt=\"Girondins : les matchs \u00e0 domicile de Bordeaux d\u00e9sormais diffus\u00e9s sur Ligue 1+ avec un dispositif renforc\u00e9\" class=\"img-responsive mt-3\"\/><\/p>\n<p class=\"text-center mb-3\" style=\"font-size: 14px\">\u00a9 Iconsport<\/p>\n<p>      <strong>Ligue 1+ et TV7 : un nouveau dispositif pour les matchs des Girondins \u00e0 domicile<\/strong><\/p>\n<p style=\"text-align: justify;\">Si vous \u00eates abonn\u00e9 \u00e0 Ligue 1+, vous pourrez voir sur la plateforme de la LFP les rencontres des Girondins de Bordeaux \u00e0 domicile (9 rencontres restantes).<\/p>\n<p style=\"text-align: justify;\">TV7 produit toujours le match et, gr\u00e2ce \u00e0 ce partenariat avec Ligue1+, il y aura cinq cam\u00e9ras au lieu de deux. Paul Baysse sera le consultant samedi face \u00e0 Dinan L\u00e9hon avec Dorian Bercheny aux commentaires.<\/p>\n<p style=\"text-align: justify;\">TV7 proposera \u00e0 domicile les r\u00e9actions des acteurs \u00e0 la mi-temps, et apr\u00e8s la rencontre pour les rencontres \u00e0 domicile avec Dorian Malvesin au micro.<\/p>\n<p style=\"text-align: justify;\">De son c\u00f4t\u00e9, Ligue 1+ va r\u00e9cup\u00e9rer le flux vid\u00e9o et le diffuser sur sa plateforme.<\/p>\n<p style=\"text-align: justify;\">\u00c0 l&rsquo;ext\u00e9rieur, le dispositif mis en place depuis le d\u00e9but de la saison n&rsquo;\u00e9volue pas.<\/p>\n<p>\u00a0<\/p>\n<p>\u00a0<\/p>\n<p style=\"text-align: justify;\">\u00c0 lire &gt;&gt; <strong><a href=\"https:\/\/www.webgirondins.com\/actualite-girondins-n2-les-leaders-jouent-ce-soir-avant-les-girondins-la-12e-journee-demarre-131382\" target=\"_blank\" rel=\"noopener\">N2 : les leaders jouent ce soir avant les Girondins, la 12e journ\u00e9e d\u00e9marre<\/a><\/strong><\/p>\n<p style=\"text-align: justify;\">\u00c9coutez dans le podcast court sur l&rsquo;actu des Girondins :<\/p>\n<p>\u00a0<\/p>\n","protected":false},"excerpt":{"rendered":"\u00a9 Iconsport Ligue 1+ et TV7 : un nouveau dispositif pour les matchs des Girondins \u00e0 domicile Si&hellip;\n","protected":false},"author":2,"featured_media":579802,"comment_status":"","ping_status":"","sticky":false,"template":"","format":"standard","meta":{"footnotes":""},"categories":[1410],"tags":[3396,1997,18637,69379,9119,15335,63,1011,27,1987,3022,3388,24184,18931,36546,3389,60,69380],"class_list":{"0":"post-579801","1":"post","2":"type-post","3":"status-publish","4":"format-standard","5":"has-post-thumbnail","7":"category-football","8":"tag-avec","9":"tag-bordeaux","10":"tag-desormais","11":"tag-diffuses","12":"tag-dispositif","13":"tag-domicile","14":"tag-football","15":"tag-fr","16":"tag-france","17":"tag-girondins","18":"tag-ligue","19":"tag-matchs","20":"tag-officiel","21":"tag-plateforme","22":"tag-renforce","23":"tag-seront","24":"tag-sports","25":"tag-uniquement"},"share_on_mastodon":{"url":"https:\/\/pubeurope.com\/@fr\/115666890272495079","error":""},"_links":{"self":[{"href":"https:\/\/www.europesays.com\/fr\/wp-json\/wp\/v2\/posts\/579801","targetHints":{"allow":["GET"]}}],"collection":[{"href":"https:\/\/www.europesays.com\/fr\/wp-json\/wp\/v2\/posts"}],"about":[{"href":"https:\/\/www.europesays.com\/fr\/wp-json\/wp\/v2\/types\/post"}],"author":[{"embeddable":true,"href":"https:\/\/www.europesays.com\/fr\/wp-json\/wp\/v2\/users\/2"}],"replies":[{"embeddable":true,"href":"https:\/\/www.europesays.com\/fr\/wp-json\/wp\/v2\/comments?post=579801"}],"version-history":[{"count":0,"href":"https:\/\/www.europesays.com\/fr\/wp-json\/wp\/v2\/posts\/579801\/revisions"}],"wp:featuredmedia":[{"embeddable":true,"href":"https:\/\/www.europesays.com\/fr\/wp-json\/wp\/v2\/media\/579802"}],"wp:attachment":[{"href":"https:\/\/www.europesays.com\/fr\/wp-json\/wp\/v2\/media?parent=579801"}],"wp:term":[{"taxonomy":"category","embeddable":true,"href":"https:\/\/www.europesays.com\/fr\/wp-json\/wp\/v2\/categories?post=579801"},{"taxonomy":"post_tag","embeddable":true,"href":"https:\/\/www.europesays.com\/fr\/wp-json\/wp\/v2\/tags?post=579801"}],"curies":[{"name":"wp","href":"https:\/\/api.w.org\/{rel}","templated":true}]}}