{"id":579805,"date":"2025-12-05T12:11:15","date_gmt":"2025-12-05T12:11:15","guid":{"rendered":"https:\/\/www.europesays.com\/fr\/579805\/"},"modified":"2025-12-05T12:11:15","modified_gmt":"2025-12-05T12:11:15","slug":"pas-de-prix-versailles-sous-le-sapin-pour-la-gare-de-mons","status":"publish","type":"post","link":"https:\/\/www.europesays.com\/fr\/579805\/","title":{"rendered":"Pas de Prix Versailles sous le sapin pour la gare de Mons"},"content":{"rendered":"<p>Le Prix Versailles 2025, dans la cat\u00e9gorie gare, a \u00e9t\u00e9 d\u00e9cern\u00e9 jeudi soir \u00e0 Paris, au si\u00e8ge de l\u2019Unesco. Et il a r\u00e9compens\u00e9\u00a0une construction parisienne, la gare Villejuif \u2013 Gustave Roussy. La spectaculaire verri\u00e8re a visiblement tap\u00e9 dans l\u2019\u0153il du jury compos\u00e9 d\u2019architectes et d\u2019artistes comme Emma Watson.<\/p>\n<p>Et la gare de Mons\u00a0? Elle n\u2019obtient rien de plus qu\u2019une figuration, d\u00e9j\u00e0 honorable, dans <a href=\"https:\/\/www.rtbf.be\/article\/mons-la-gare-selectionnee-dans-les-sept-plus-belles-gares-du-monde-en-2025-11625976\" target=\"_blank\" title=\"Mons : la gare s\u00e9lectionn\u00e9e dans les sept plus belles gares du monde en 2025\" rel=\"noopener\">la pr\u00e9s\u00e9lection regroupant les sept plus belles gares<\/a> \u2013\u00a0r\u00e9cemment inaugur\u00e9es \u2013 du monde. Les organisateurs de ce prix d\u2019architecture pointent\u00a0\u00ab\u00a0le\u00a0style a\u00e9rien, l\u2019\u00e9pure du trait, les formes en acier et blanc \u00e9clatant\u00a0\u00bb de \u00ab\u00a0la passerelle cath\u00e9drale\u00a0\u00bb\u00a0de Santiago Calatrava.<\/p>\n","protected":false},"excerpt":{"rendered":"Le Prix Versailles 2025, dans la cat\u00e9gorie gare, a \u00e9t\u00e9 d\u00e9cern\u00e9 jeudi soir \u00e0 Paris, au si\u00e8ge de&hellip;\n","protected":false},"author":2,"featured_media":579806,"comment_status":"","ping_status":"","sticky":false,"template":"","format":"standard","meta":{"footnotes":""},"categories":[1358],"tags":[1348,1384,1385,1386,58,59,1011,27],"class_list":{"0":"post-579805","1":"post","2":"type-post","3":"status-publish","4":"format-standard","5":"has-post-thumbnail","7":"category-arts-et-design","8":"tag-arts","9":"tag-arts-and-design","10":"tag-arts-et-design","11":"tag-design","12":"tag-divertissement","13":"tag-entertainment","14":"tag-fr","15":"tag-france"},"share_on_mastodon":{"url":"https:\/\/pubeurope.com\/@fr\/115666897244605651","error":""},"_links":{"self":[{"href":"https:\/\/www.europesays.com\/fr\/wp-json\/wp\/v2\/posts\/579805","targetHints":{"allow":["GET"]}}],"collection":[{"href":"https:\/\/www.europesays.com\/fr\/wp-json\/wp\/v2\/posts"}],"about":[{"href":"https:\/\/www.europesays.com\/fr\/wp-json\/wp\/v2\/types\/post"}],"author":[{"embeddable":true,"href":"https:\/\/www.europesays.com\/fr\/wp-json\/wp\/v2\/users\/2"}],"replies":[{"embeddable":true,"href":"https:\/\/www.europesays.com\/fr\/wp-json\/wp\/v2\/comments?post=579805"}],"version-history":[{"count":0,"href":"https:\/\/www.europesays.com\/fr\/wp-json\/wp\/v2\/posts\/579805\/revisions"}],"wp:featuredmedia":[{"embeddable":true,"href":"https:\/\/www.europesays.com\/fr\/wp-json\/wp\/v2\/media\/579806"}],"wp:attachment":[{"href":"https:\/\/www.europesays.com\/fr\/wp-json\/wp\/v2\/media?parent=579805"}],"wp:term":[{"taxonomy":"category","embeddable":true,"href":"https:\/\/www.europesays.com\/fr\/wp-json\/wp\/v2\/categories?post=579805"},{"taxonomy":"post_tag","embeddable":true,"href":"https:\/\/www.europesays.com\/fr\/wp-json\/wp\/v2\/tags?post=579805"}],"curies":[{"name":"wp","href":"https:\/\/api.w.org\/{rel}","templated":true}]}}