{"id":579807,"date":"2025-12-05T12:13:15","date_gmt":"2025-12-05T12:13:15","guid":{"rendered":"https:\/\/www.europesays.com\/fr\/579807\/"},"modified":"2025-12-05T12:13:15","modified_gmt":"2025-12-05T12:13:15","slug":"pourquoi-le-maintien-disrael-a-leurovision-dechire-les-participants-au-concours-qui-sera-boycotte-par-plusieurs-pays","status":"publish","type":"post","link":"https:\/\/www.europesays.com\/fr\/579807\/","title":{"rendered":"Pourquoi le maintien d&rsquo;Isra\u00ebl \u00e0 l&rsquo;Eurovision d\u00e9chire les participants au concours, qui sera boycott\u00e9 par plusieurs pays"},"content":{"rendered":"\n<p class=\"c-chapo \">\n  L&rsquo;Espagne, les Pays-Bas, l&rsquo;Irlande et la Slov\u00e9nie ont annonc\u00e9 leur retrait, jeudi, d\u00e9plorant que l&rsquo;UER, qui organise l&rsquo;\u00e9v\u00e9nement, ne sanctionne pas Isra\u00ebl pour la guerre \u00e0 Gaza. Une majorit\u00e9 de membres a refus\u00e9 d&rsquo;organiser un vote sur une possible exclusion.\n<\/p>\n<p>      lire plus tard<\/p>\n<p id=\"dialog__title\" class=\"dialog__title\">Pour sauvegarder cet article, connectez-vous ou cr\u00e9ez un compte franceinfo<\/p>\n<p class=\"dialog__description\">Sans paiement. Sans abonnement.<\/p>\n<p>        Fermer la fen\u00eatre d\u2019activation des notifications France Info<\/p>\n<p>      cr\u00e9er votre compte<\/p>\n<p>      se connecter<\/p>\n<p>        Fermer la fen\u00eatre de pr\u00e9sentation<\/p>\n<p>    <img loading=\"lazy\" decoding=\"async\" class=\"signature__image lazyload\" width=\"100\" height=\"100\" data- alt=\"\" src=\"https:\/\/www.europesays.com\/fr\/wp-content\/uploads\/2025\/06\/64a55fd777de4_placeholder-36b69ec8.png\"\/><\/p>\n<p>    Publi\u00e9 le 05\/12\/2025 12:39<\/p>\n<p>        Temps de lecture : 8min<\/p>\n<p>    <img decoding=\"async\"  alt=\"Un \u00e9cran annon\u00e7ant l'\u00e9dition 2026 du concours de l'Eurovision \u00e0 Vienne, la capitale autrichienne, le 25 ao\u00fbt 2025. (HANS KLAUS TECHT \/ APA \/ AFP)\" width=\"432\" height=\"243\" src=\"https:\/\/www.europesays.com\/fr\/wp-content\/uploads\/2025\/12\/043-apapd-20250825-pd10962-6932ad0a00170440482312.jpg\" fetchpriority=\"high\"\/><\/p>\n<p>      Un \u00e9cran annon\u00e7ant l&rsquo;\u00e9dition 2026 du concours de l&rsquo;Eurovision \u00e0 Vienne, la capitale autrichienne, le 25 ao\u00fbt 2025. (HANS KLAUS TECHT \/ APA \/ AFP)<\/p>\n<p>Quand Eurovision rime avec division. Isra\u00ebl pourra participer \u00e0 l&rsquo;\u00e9dition 2026 du concours de chansons europ\u00e9en, et cette d\u00e9cision a mis le feu aux poudres, jeudi 4\u00a0d\u00e9cembre. Apr\u00e8s qu'\u00a0\u00bbune large majorit\u00e9\u00a0\u00bb des membres de l&rsquo;Union europ\u00e9enne de radio-t\u00e9l\u00e9vision (UER), l&rsquo;instance organisatrice, a estim\u00e9 qu&rsquo;il n&rsquo;\u00e9tait pas n\u00e9cessaire de voter sur la question, les diffuseurs en Espagne, aux Pays-Bas, en Irlande et en Slov\u00e9nie ont annonc\u00e9 qu&rsquo;ils boycotteraient l&rsquo;\u00e9v\u00e9nement, pr\u00e9vu en mai \u00e0 Vienne (Autriche), dans la lign\u00e9e des avertissements <a href=\"https:\/\/www.franceinfo.fr\/culture\/musique\/eurovision\/eurovision-2026-la-france-y-participe-sur-fond-de-menaces-de-boycott-d-autres-pays-en-raison-de-la-presence-d-israel_7497979.html\" target=\"_self\" rel=\"noopener noreferrer nofollow\" data-tooltip-url=\"https:\/\/www.franceinfo.fr\/culture\/musique\/eurovision\/eurovision-2026-la-france-y-participe-sur-fond-de-menaces-de-boycott-d-autres-pays-en-raison-de-la-presence-d-israel_7497979.html\">lanc\u00e9s en septembre<\/a>.<\/p>\n<p>Les partisans d&rsquo;une exclusion d&rsquo;Isra\u00ebl entendent protester contre la guerre et la crise humanitaire dans la bande de Gaza, et la <a href=\"https:\/\/www.franceinfo.fr\/culture\/musique\/eurovision\/participation-d-israel-cliches-polemiques-et-favoris-a-un-mois-de-la-finale-l-eurovision-2025-s-annonce-deja-electrique_7194567.html\" target=\"_self\" rel=\"noopener noreferrer nofollow\" data-tooltip-url=\"https:\/\/www.franceinfo.fr\/culture\/musique\/eurovision\/participation-d-israel-cliches-polemiques-et-favoris-a-un-mois-de-la-finale-l-eurovision-2025-s-annonce-deja-electrique_7194567.html\">participation de candidats isra\u00e9liens<\/a> avait d\u00e9j\u00e0 fait pol\u00e9mique lors des \u00e9ditions <a href=\"https:\/\/www.franceinfo.fr\/replay-radio\/le-club-des-correspondants\/la-participation-d-israel-a-l-eurovision-2024-contestee-en-suede-et-en-irlande_6506297.html\" target=\"_self\" rel=\"noopener noreferrer nofollow\" data-tooltip-url=\"https:\/\/www.franceinfo.fr\/replay-radio\/le-club-des-correspondants\/la-participation-d-israel-a-l-eurovision-2024-contestee-en-suede-et-en-irlande_6506297.html\">2024<\/a> et <a href=\"https:\/\/www.franceinfo.fr\/culture\/musique\/eurovision\/participation-d-israel-cliches-polemiques-et-favoris-a-un-mois-de-la-finale-l-eurovision-2025-s-annonce-deja-electrique_7194567.html\" target=\"_self\" rel=\"noopener noreferrer nofollow\" data-tooltip-url=\"https:\/\/www.franceinfo.fr\/culture\/musique\/eurovision\/participation-d-israel-cliches-polemiques-et-favoris-a-un-mois-de-la-finale-l-eurovision-2025-s-annonce-deja-electrique_7194567.html\">2025<\/a>. \u00ab\u00a0La situation \u00e0 Gaza, malgr\u00e9 le <a href=\"https:\/\/www.franceinfo.fr\/monde\/proche-orient\/israel-palestine\/cessez-le-feu-a-gaza-pourquoi-le-desarmement-du-hamas-prochaine-etape-du-plan-trump-est-a-la-fois-crucial-et-tres-incertain_7556563.html\" target=\"_self\" rel=\"noopener noreferrer nofollow\" data-tooltip-url=\"https:\/\/www.franceinfo.fr\/monde\/proche-orient\/israel-palestine\/cessez-le-feu-a-gaza-pourquoi-le-desarmement-du-hamas-prochaine-etape-du-plan-trump-est-a-la-fois-crucial-et-tres-incertain_7556563.html\">cessez-le-feu<\/a> et l&rsquo;approbation du processus de paix (&#8230;) rendent de plus en plus difficile le maintien de l&rsquo;Eurovision en tant qu&rsquo;\u00e9v\u00e9nement culturel neutre\u00a0\u00bb, a ainsi r\u00e9agi le secr\u00e9taire g\u00e9n\u00e9ral de la cha\u00eene de t\u00e9l\u00e9vision publique espagnole <a href=\"https:\/\/www.rtve.es\/rtve\/20251204\/rtve-retira-festival-eurovision\/16845362.shtml\" target=\"_blank\" rel=\"noopener\" data-tooltip-url=\"https:\/\/www.rtve.es\/rtve\/20251204\/rtve-retira-festival-eurovision\/16845362.shtml\">RTVE<\/a>, Alfonso Morales, pour expliquer son retrait. Le groupe audiovisuel public irlandais <a href=\"https:\/\/www.rte.ie\/entertainment\/2025\/1204\/1547300-rte-to-boycott-eurovision-song-contest-over-israel\/\" target=\"_blank\" rel=\"noopener\" data-tooltip-url=\"https:\/\/www.rte.ie\/entertainment\/2025\/1204\/1547300-rte-to-boycott-eurovision-song-contest-over-israel\/\">RTE<\/a> a d\u00e9nonc\u00e9 les \u00ab\u00a0pertes humaines effroyables \u00e0 Gaza\u00a0\u00bb. Pour le diffuseur n\u00e9erlandais <a href=\"https:\/\/www.avrotros.nl\/article\/avrotros-neemt-in-2026-niet-deel-aan-het-eurovisie-songfestival~1314\/\" target=\"_blank\" rel=\"noopener\" data-tooltip-url=\"https:\/\/www.avrotros.nl\/article\/avrotros-neemt-in-2026-niet-deel-aan-het-eurovisie-songfestival~1314\/\">Avrotros<\/a>, \u00ab\u00a0des valeurs universelles telles que l&rsquo;humanit\u00e9 et la libert\u00e9 de la presse ont \u00e9t\u00e9 gravement compromises, et pour nous, ces valeurs sont non n\u00e9gociables\u00a0\u00bb.<\/p>\n<p>D&rsquo;autres boycotts pourraient \u00eatre annonc\u00e9s, comme celui du diffuseur islandais RUV, qui pr\u00e9voit une d\u00e9cision \u00ab\u00a0mercredi\u00a0\u00bb. En Belgique, la <a href=\"https:\/\/www.rtbf.be\/article\/eurovision-de-la-chanson-israel-pourra-participer-au-concours-concourir-en-2026-11642781\" target=\"_blank\" rel=\"noopener\" data-tooltip-url=\"https:\/\/www.rtbf.be\/article\/eurovision-de-la-chanson-israel-pourra-participer-au-concours-concourir-en-2026-11642781\">RTBF<\/a>, diffuseur belge francophone, doit prendre \u00ab\u00a0position dans les prochains jours\u00a0\u00bb. Les cha\u00eenes doivent se d\u00e9cider rapidement, la liste finale des participants devant \u00eatre annonc\u00e9e \u00ab\u00a0avant No\u00ebl\u00a0\u00bb, selon l&rsquo;UER.<\/p>\n<p>\u00ab\u00a0Isra\u00ebl m\u00e9rite d&rsquo;\u00eatre repr\u00e9sent\u00e9 sur toutes les sc\u00e8nes du monde entier\u00a0\u00bb, a r\u00e9agi <a href=\"https:\/\/x.com\/Isaac_Herzog\/status\/1996638393569034456\" target=\"_blank\" rel=\"noopener\" data-tooltip-url=\"https:\/\/x.com\/Isaac_Herzog\/status\/1996638393569034456\">sur X<\/a> le pr\u00e9sident isra\u00e9lien Isaac Herzog. \u00ab\u00a0J&rsquo;esp\u00e8re que la comp\u00e9tition restera un \u00e9v\u00e9nement qui d\u00e9fend la culture, la musique, l&rsquo;amiti\u00e9 entre les nations et la compr\u00e9hension culturelle transfrontali\u00e8re\u00a0\u00bb, a-t-il ajout\u00e9. De son c\u00f4t\u00e9, le chef de la diplomatie isra\u00e9lienne, Gideon Sa&rsquo;ar, a \u00e9crit, <a href=\"https:\/\/x.com\/gidonsaar\/status\/1996653345315119350\" target=\"_blank\" rel=\"noopener\" data-tooltip-url=\"https:\/\/x.com\/gidonsaar\/status\/1996653345315119350\">sur le m\u00eame r\u00e9seau social<\/a>, accueillir \u00ab\u00a0favorablement\u00a0\u00bb la d\u00e9cision de l&rsquo;UER, et avoir \u00ab\u00a0honte\u00a0\u00bb des pays qui refusent de participer au concours. \u00ab\u00a0L&rsquo;opprobre p\u00e8se sur eux.\u00a0\u00bb<\/p>\n<p>Le chef de la diplomatie fran\u00e7aise, Jean-No\u00ebl Barrot, s&rsquo;est f\u00e9licit\u00e9 vendredi sur X \u00ab\u00a0que l&rsquo;Eurovision n&rsquo;ait pas c\u00e9d\u00e9 aux pressions, et que la France ait contribu\u00e9 \u00e0 emp\u00eacher un boycott d&rsquo;Isra\u00ebl dans cette enceinte\u00a0\u00bb.<\/p>\n<blockquote class=\"twitter-tweet\">\n<p lang=\"fr\" dir=\"ltr\">Non au boycott d&rsquo;Isra\u00ebl au concours de l&rsquo;Eurovision.<\/p>\n<p>Jamais la France ne s\u2019engagera dans la voie du boycott d\u2019un peuple, de ses artistes ou de ses intellectuels. Tout s\u2019y oppose dans l&rsquo;\u00e2me et la tradition de notre pays, celle de l\u2019humanisme des Lumi\u00e8res : par la culture, chacun\u2026<\/p>\n<p>\u2014 Jean-No\u00ebl Barrot (@jnbarrot) <a href=\"https:\/\/twitter.com\/jnbarrot\/status\/1996838623342125172?ref_src=twsrc%5Etfw\" target=\"_blank\" rel=\"noopener\">December 5, 2025<\/a><\/p><\/blockquote>\n<p>\u00ab\u00a0Isra\u00ebl fait partie de l&rsquo;Eurovision tout comme l&rsquo;Allemagne fait partie de l&rsquo;Europe\u00a0\u00bb, a affirm\u00e9 le ministre allemand de la Culture, Wolfram Weimer, au journal <a href=\"https:\/\/www.bild.de\/unterhaltung\/musik\/kulturstaatsminister-wolfram-weimer-den-esc-ohne-israel-darf-es-nicht-geben-69312fd611f914c89b852434\" target=\"_blank\" rel=\"noopener\" data-tooltip-url=\"https:\/\/www.bild.de\/unterhaltung\/musik\/kulturstaatsminister-wolfram-weimer-den-esc-ohne-israel-darf-es-nicht-geben-69312fd611f914c89b852434\">Bild<\/a>. Le diffuseur allemand SWR et sa maison-m\u00e8re, le groupe audiovisuel public ARD, ont salu\u00e9 l&rsquo;annonce. Le directeur g\u00e9n\u00e9ral du groupe audiovisuel public autrichien ORF, Roland Weissmann, h\u00f4te du prochain concours, a lui aussi approuv\u00e9 la d\u00e9cision de l&rsquo;UER, regrettant toutefois le boycott de certaines cha\u00eenes. Des r\u00e9actions sans surprise\u00a0: l&rsquo;Autriche et l&rsquo;Allemagne avaient <a href=\"https:\/\/www.franceinfo.fr\/culture\/musique\/eurovision\/apres-l-autriche-berlin-fustige-les-appels-au-boycott-de-l-eurovision-2026_7503520.html\" target=\"_self\" rel=\"noopener noreferrer nofollow\" data-tooltip-url=\"https:\/\/www.franceinfo.fr\/culture\/musique\/eurovision\/apres-l-autriche-berlin-fustige-les-appels-au-boycott-de-l-eurovision-2026_7503520.html\">fustig\u00e9<\/a>, en septembre, les oppositions de certains pays d\u00e9non\u00e7ant le boycott culturel \u00ab\u00a0stupide et vain\u00a0\u00bb.<\/p>\n<p>\u00ab\u00a0C&rsquo;est la premi\u00e8re fois que nous voyons des divisions aussi profondes au sein de l&rsquo;UER sur des questions politiques\u00a0\u00bb, a remarqu\u00e9 sur <a href=\"https:\/\/www.france24.com\/en\/tv-shows\/a-propos\/20251203-eurovision-song-contest-faces-major-test-as-countries-weigh-israel-s-participation\" target=\"_blank\" rel=\"noopener\" data-tooltip-url=\"https:\/\/www.france24.com\/en\/tv-shows\/a-propos\/20251203-eurovision-song-contest-faces-major-test-as-countries-weigh-israel-s-participation\">France 24<\/a> l&rsquo;historien Dean Vuletic, auteur du livre L&rsquo;Europe d&rsquo;apr\u00e8s-guerre et le concours de chansons de l&rsquo;Eurovision. La question de la participation d&rsquo;un Etat au concours cr\u00e9\u00e9 en 1956 s&rsquo;est pourtant d\u00e9j\u00e0 pos\u00e9e\u00a0: la Russie, notamment, <a href=\"https:\/\/www.franceinfo.fr\/culture\/musique\/eurovision\/invasion-de-l-ukraine-la-russie-bannie-du-concours-de-l-eurovision_4981467.html\" target=\"_self\" rel=\"noopener noreferrer nofollow\" data-tooltip-url=\"https:\/\/www.franceinfo.fr\/culture\/musique\/eurovision\/invasion-de-l-ukraine-la-russie-bannie-du-concours-de-l-eurovision_4981467.html\">en est exclue depuis 2022<\/a> et son invasion de l&rsquo;Ukraine. \u00ab\u00a0Jamais dans l&rsquo;histoire de ce concours nous n&rsquo;avons connu (&#8230;) une telle division entre les diffuseurs membres de [l&rsquo;UER]\u00a0\u00bb, a estim\u00e9 aupr\u00e8s de <a href=\"https:\/\/www.reuters.com\/business\/media-telecom\/national-broadcasters-consider-israel-eurovision-participation-amid-boycott-2025-12-04\/\" target=\"_blank\" rel=\"noopener\" data-tooltip-url=\"https:\/\/www.reuters.com\/business\/media-telecom\/national-broadcasters-consider-israel-eurovision-participation-amid-boycott-2025-12-04\/\">Reuters<\/a> Ben Robertson, un sp\u00e9cialiste du concours, auteur pour le site de fans de l&rsquo;Eurovisions ESC Insight.<\/p>\n<p>\u00ab\u00a0Le navire Eurovision est en train de tanguer\u00a0\u00bb, a comment\u00e9 sur franceinfo Fabien Randanne, journaliste \u00e0 20 minutes et sp\u00e9cialiste du concours, parlant d&rsquo;un \u00ab\u00a0coup de tonnerre\u00a0\u00bb. Selon l&rsquo;auteur du livre Queerovision, les tensions qui ont \u00e9merg\u00e9 en septembre n&rsquo;\u00e9taient que les \u00ab\u00a0pr\u00e9mices\u00a0\u00bb et \u00ab\u00a0la vraie crise ne fait que commencer\u00a0\u00bb.<\/p>\n<p>Apr\u00e8s l&rsquo;\u00e9pisode de jeudi, le concours se trouve fragilis\u00e9 symboliquement, perdant des poids lourds\u00a0: l&rsquo;Irlande a remport\u00e9 sept fois le concours, les Pays-Bas cinq fois. Il est \u00e9galement frapp\u00e9 \u00e9conomiquement\u00a0: l&rsquo;Espagne fait partie des cinq plus importants contributeurs financiers de l&rsquo;\u00e9v\u00e9nement avec la France, l&rsquo;Italie, le Royaume-Uni et l&rsquo;Allemagne. Le march\u00e9 de la musique hispanophone est l&rsquo;un des plus importants au monde, rel\u00e8ve aussi Dean Vuletic, et la participation de l&rsquo;Espagne est \u00ab\u00a0un moyen pour l&rsquo;Eurovision d&rsquo;attirer des t\u00e9l\u00e9spectateurs partout le monde, notamment en Am\u00e9rique latine\u00a0\u00bb. Son absence est donc \u00ab\u00a0un coup dur\u00a0\u00bb.<\/p>\n<p>\u00ab\u00a0Ce qui s&rsquo;est pass\u00e9 \u00e0 l&rsquo;Assembl\u00e9e de l&rsquo;UER confirme que l&rsquo;Eurovision n&rsquo;est pas un concours de chansons, mais un festival domin\u00e9 par des int\u00e9r\u00eats g\u00e9opolitiques et profond\u00e9ment divis\u00e9\u00a0\u00bb, a comment\u00e9 le secr\u00e9taire g\u00e9n\u00e9ral de la cha\u00eene de t\u00e9l\u00e9vision publique espagnole, Alfonso Morales, d\u00e9non\u00e7ant \u00ab\u00a0l&rsquo;utilisation du concours \u00e0 des fins politiques par Isra\u00ebl\u00a0\u00bb. <\/p>\n<p>Les opposants \u00e0 la participation de l&rsquo;Etat h\u00e9breu l&rsquo;accusent en effet aussi d&rsquo;ing\u00e9rences et d&rsquo;instrumentalisation politique du concours. Lors de l&rsquo;\u00e9dition 2025, la chanteuse isra\u00e9lienne Yuval Raphael, survivante de l&rsquo;attaque du 7-Octobre, \u00e9tait arriv\u00e9e \u00e0 la deuxi\u00e8me place du concours malgr\u00e9 un accueil mitig\u00e9 de la part du jury, port\u00e9e par le vote du public, qui compte pour la moiti\u00e9 du classement. Alors que les fans ne peuvent pas voter pour le candidat de leur pays, Isra\u00ebl s&rsquo;est vu reprocher d&rsquo;avoir activement fait campagne en ligne aupr\u00e8s des votants d&rsquo;autres pays europ\u00e9ens pour faire briller sa repr\u00e9sentante. En 2024, d\u00e9j\u00e0, les spectateurs avaient fait bondir la candidate isra\u00e9lienne, Eden Golan, \u00e0 la cinqui\u00e8me place. <\/p>\n<p>Face aux critiques, l&rsquo;UER a annonc\u00e9 une modification des r\u00e8gles du t\u00e9l\u00e9-crochet et un renforcement des efforts pour \u00ab\u00a0d\u00e9tecter et pr\u00e9venir toute activit\u00e9 de vote frauduleuse ou coordonn\u00e9e\u00a0\u00bb. Ce sont ces nouvelles mesures qui ont \u00e9t\u00e9 approuv\u00e9es par un vote, jeudi, une majorit\u00e9 de membres convenant qu&rsquo;il n&rsquo;\u00e9tait pas n\u00e9cessaire d&rsquo;aller plus loin et d&rsquo;organiser un vote sur la participation d&rsquo;Isra\u00ebl.<\/p>\n<p>Les nouvelles mesures pr\u00e9voient notamment que le nombre maximal de voix par spectateur (identifi\u00e9 par son mode de paiement) \u00ab\u00a0passera de 20 \u00e0 10\u00a0\u00bb lors du vote par t\u00e9l\u00e9phone, SMS ou en ligne. Et elles \u00ab\u00a0d\u00e9couragent vivement toute campagne promotionnelle disproportionn\u00e9e (&#8230;), en particulier si celle-ci est lanc\u00e9e ou appuy\u00e9e par des tiers, notamment un gouvernement ou une agence gouvernementale\u00a0\u00bb.<\/p>\n<p>L&rsquo;approbation des nouvelles mesures par les diffuseurs, dont les Finlandais, les Danois, et les Su\u00e9dois, \u00ab\u00a0d\u00e9montre l&rsquo;engagement commun de nos membres \u00e0 prot\u00e9ger la transparence et la confiance dans le Concours Eurovision de la Chanson, le plus grand \u00e9v\u00e9nement musical live au monde\u00a0\u00bb, a comment\u00e9 la pr\u00e9sidente de l&rsquo;UER et de France T\u00e9l\u00e9visions, Delphine Ernotte Cunci. Mais l&rsquo;Eurovision ne sort pas indemne de cette pol\u00e9mique\u00a0: \u00ab\u00a0Perdre tout participant au concours cause, d&rsquo;une fa\u00e7on ou d&rsquo;une autre, certains dommages\u00a0\u00bb, juge Dean Vuletic.<\/p>\n<p><script async src=\"https:\/\/platform.twitter.com\/widgets.js\" charset=\"utf-8\"><\/script><\/p>\n","protected":false},"excerpt":{"rendered":"L&rsquo;Espagne, les Pays-Bas, l&rsquo;Irlande et la Slov\u00e9nie ont annonc\u00e9 leur retrait, jeudi, d\u00e9plorant que l&rsquo;UER, qui organise l&rsquo;\u00e9v\u00e9nement,&hellip;\n","protected":false},"author":2,"featured_media":579808,"comment_status":"","ping_status":"","sticky":false,"template":"","format":"standard","meta":{"footnotes":""},"categories":[1356],"tags":[58,59,1011,27,252,1364],"class_list":{"0":"post-579807","1":"post","2":"type-post","3":"status-publish","4":"format-standard","5":"has-post-thumbnail","7":"category-television","8":"tag-divertissement","9":"tag-entertainment","10":"tag-fr","11":"tag-france","12":"tag-television","13":"tag-tv"},"share_on_mastodon":{"url":"https:\/\/pubeurope.com\/@fr\/115666906584384584","error":""},"_links":{"self":[{"href":"https:\/\/www.europesays.com\/fr\/wp-json\/wp\/v2\/posts\/579807","targetHints":{"allow":["GET"]}}],"collection":[{"href":"https:\/\/www.europesays.com\/fr\/wp-json\/wp\/v2\/posts"}],"about":[{"href":"https:\/\/www.europesays.com\/fr\/wp-json\/wp\/v2\/types\/post"}],"author":[{"embeddable":true,"href":"https:\/\/www.europesays.com\/fr\/wp-json\/wp\/v2\/users\/2"}],"replies":[{"embeddable":true,"href":"https:\/\/www.europesays.com\/fr\/wp-json\/wp\/v2\/comments?post=579807"}],"version-history":[{"count":0,"href":"https:\/\/www.europesays.com\/fr\/wp-json\/wp\/v2\/posts\/579807\/revisions"}],"wp:featuredmedia":[{"embeddable":true,"href":"https:\/\/www.europesays.com\/fr\/wp-json\/wp\/v2\/media\/579808"}],"wp:attachment":[{"href":"https:\/\/www.europesays.com\/fr\/wp-json\/wp\/v2\/media?parent=579807"}],"wp:term":[{"taxonomy":"category","embeddable":true,"href":"https:\/\/www.europesays.com\/fr\/wp-json\/wp\/v2\/categories?post=579807"},{"taxonomy":"post_tag","embeddable":true,"href":"https:\/\/www.europesays.com\/fr\/wp-json\/wp\/v2\/tags?post=579807"}],"curies":[{"name":"wp","href":"https:\/\/api.w.org\/{rel}","templated":true}]}}