{"id":579821,"date":"2025-12-05T12:20:16","date_gmt":"2025-12-05T12:20:16","guid":{"rendered":"https:\/\/www.europesays.com\/fr\/579821\/"},"modified":"2025-12-05T12:20:16","modified_gmt":"2025-12-05T12:20:16","slug":"la-retraite-progressive-souvre-a-tous-les-salaries-des-60-ans-voici-comment-en-beneficier","status":"publish","type":"post","link":"https:\/\/www.europesays.com\/fr\/579821\/","title":{"rendered":"la retraite progressive s\u2019ouvre \u00e0 tous les salari\u00e9s d\u00e8s 60 ans (voici comment en b\u00e9n\u00e9ficier)"},"content":{"rendered":"<p><strong>Vous avez 60 ans et souhaitez lever le pied sans pour autant tirer un trait sur votre carri\u00e8re ? Bonne nouvelle : la retraite progressive devient plus souple et facile d\u2019acc\u00e8s, gr\u00e2ce \u00e0 une proc\u00e9dure d\u00e9sormais simplifi\u00e9e en ligne.<\/strong><\/p>\n<p>Retraite progressive : accessible deux ans avant l\u2019\u00e2ge l\u00e9gal<\/p>\n<p>Depuis le <strong>1er septembre 2025<\/strong>, les salari\u00e9s ayant <strong>au moins 150 trimestres valid\u00e9s<\/strong> peuvent demander une <strong>retraite progressive d\u00e8s 60 ans<\/strong>, sans attendre d\u2019approcher l\u2019\u00e2ge l\u00e9gal de d\u00e9part.<br \/>Jusqu\u2019alors, ce dispositif n\u2019\u00e9tait ouvert qu\u2019\u00e0 partir de 62 ans, soit dans les deux ann\u00e9es pr\u00e9c\u00e9dant la date officielle de d\u00e9part. Mais avec le recul progressif de l\u2019\u00e2ge l\u00e9gal vers 64 ans (r\u00e9forme 2023), cette mesure permet d\u2019am\u00e9nager sa fin de carri\u00e8re en douceur.<\/p>\n<p>Travailler moins, toucher une part de retraite : un compromis gagnant<\/p>\n<p>La retraite progressive vous permet de passer \u00e0 <strong>temps partiel<\/strong> tout en <strong>percevant une fraction de votre retraite de base et compl\u00e9mentaire<\/strong>.<br \/>Concr\u00e8tement, vous continuez \u00e0 travailler (entre 40 % et 80 % d\u2019un temps complet), tout en recevant une partie de votre pension. Le reste de vos droits continue \u00e0 se constituer, am\u00e9liorant votre future retraite \u00e0 taux plein.<\/p>\n<p>D\u00e9marches simplifi\u00e9es : une seule demande en ligne suffit<\/p>\n<p>Depuis <strong>d\u00e9cembre 2025<\/strong>, les formalit\u00e9s ont \u00e9t\u00e9 all\u00e9g\u00e9es. Il n\u2019est plus n\u00e9cessaire de faire une double demande aupr\u00e8s des diff\u00e9rents r\u00e9gimes.<br \/>D\u00e9sormais, tout se fait en ligne via <a href=\"https:\/\/www.lassuranceretraite.fr\/\" target=\"_blank\" rel=\"noopener\">lassuranceretraite.fr<\/a>, en quelques \u00e9tapes :<\/p>\n<ol class=\"wp-block-list\">\n<li><strong>Connexion \u00e0 votre espace personnel<\/strong><\/li>\n<li><strong>Simulation de votre retraite progressive<\/strong><\/li>\n<li><strong>Transmission du justificatif de passage \u00e0 temps partiel sign\u00e9 par votre employeur<\/strong><\/li>\n<li><strong>R\u00e9ception de votre estimation de pension partielle<\/strong><\/li>\n<\/ol>\n<p>\u00c0 lire aussi: <a href=\"https:\/\/www.cesdefrance.fr\/actualite\/retraite-la-bonne-nouvelle-vient-de-tomber-le-virement-de-decembre-arrive-plus-tot-cette-annee-voici-les-dates\/\" data-type=\"link\" data-id=\"https:\/\/www.cesdefrance.fr\/actualite\/retraite-la-bonne-nouvelle-vient-de-tomber-le-virement-de-decembre-arrive-plus-tot-cette-annee-voici-les-dates\/\" target=\"_blank\" rel=\"noopener\">Retraite : la bonne nouvelle vient de tomber, le virement de d\u00e9cembre arrive plus t\u00f4t cette ann\u00e9e, voici les dates<\/a><\/p>\n<p>Qui peut en profiter ? Les conditions \u00e0 remplir<\/p>\n<p>Pour b\u00e9n\u00e9ficier de cette transition progressive vers la retraite, vous devez :<\/p>\n<ul class=\"wp-block-list\">\n<li>Avoir <strong>60 ans r\u00e9volus<\/strong><\/li>\n<li>Justifier <strong>150 trimestres<\/strong> tous r\u00e9gimes confondus<\/li>\n<li>\u00catre <strong>salari\u00e9 du secteur priv\u00e9<\/strong><\/li>\n<li>Travailler \u00e0 <strong>temps partiel entre 40 % et 80 %<\/strong> d\u2019un temps complet<\/li>\n<li>Fournir une <strong>attestation d\u2019accord de l\u2019employeur<\/strong><\/li>\n<\/ul>\n<p>Ce dispositif ne s\u2019adresse pas encore aux <strong>fonctionnaires<\/strong> ni \u00e0 la plupart des <strong>travailleurs ind\u00e9pendants<\/strong>.<\/p>\n<p>Pourquoi envisager cette option ?<\/p>\n<p>La retraite progressive permet :<\/p>\n<ul class=\"wp-block-list\">\n<li>De <strong>r\u00e9duire votre temps de travail sans perte brutale de revenu<\/strong><\/li>\n<li>De <strong>continuer \u00e0 cotiser pour votre retraite finale<\/strong><\/li>\n<li>D\u2019<strong>organiser sereinement la fin de votre carri\u00e8re<\/strong>, avec un rythme mieux adapt\u00e9 \u00e0 vos envies ou \u00e0 votre sant\u00e9<\/li>\n<li>De <strong>tester la retraite<\/strong> tout en gardant un pied dans l\u2019emploi<\/li>\n<\/ul>\n<p>Conclusion : un vrai coup de pouce pour anticiper sans p\u00e9naliser<\/p>\n<p>Cette r\u00e9forme ouvre une <strong>nouvelle fen\u00eatre d\u2019opportunit\u00e9<\/strong> pour les actifs souhaitant all\u00e9ger leur rythme tout en pr\u00e9parant leur retraite dans de bonnes conditions. Une mesure \u00e0 la fois pratique, souple et avantageuse.<\/p>\n<p>Et vous, seriez-vous tent\u00e9 par une transition en douceur gr\u00e2ce \u00e0 la retraite progressive ? Votre retour d\u2019exp\u00e9rience peut \u00e9clairer d\u2019autres lecteurs : n\u2019h\u00e9sitez pas \u00e0 commenter.<\/p>\n<p>Astuce en plus<\/p>\n<p>Pendant votre retraite progressive, chaque trimestre travaill\u00e9 continue \u00e0 compter dans votre dur\u00e9e d\u2019assurance\u2026 et donc \u00e0 <strong>augmenter votre pension finale<\/strong>. Un dispositif doublement gagnant.<\/p>\n<p>En tant que jeune m\u00e9dia ind\u00e9pendant, CESdeFrance a besoin de votre aide. Soutenez-nous en nous suivant et en nous ajoutant \u00e0 vos favoris sur Google News. Merci !<\/p>\n<p><a href=\"https:\/\/news.google.com\/publications\/CAAqBwgKMNnPrAsw5trEAw?hl=fr&amp;gl=FR&amp;ceid=FR%3Afr\" target=\"_blank\" rel=\"external noopener\">Suivez-nous sur Google News <\/a><\/p>\n","protected":false},"excerpt":{"rendered":"Vous avez 60 ans et souhaitez lever le pied sans pour autant tirer un trait sur votre carri\u00e8re&hellip;\n","protected":false},"author":2,"featured_media":579822,"comment_status":"","ping_status":"","sticky":false,"template":"","format":"standard","meta":{"footnotes":""},"categories":[6],"tags":[35,33,34,1011,27],"class_list":{"0":"post-579821","1":"post","2":"type-post","3":"status-publish","4":"format-standard","5":"has-post-thumbnail","7":"category-economie","8":"tag-business","9":"tag-economie","10":"tag-economy","11":"tag-fr","12":"tag-france"},"share_on_mastodon":{"url":"https:\/\/pubeurope.com\/@fr\/115666932583045959","error":""},"_links":{"self":[{"href":"https:\/\/www.europesays.com\/fr\/wp-json\/wp\/v2\/posts\/579821","targetHints":{"allow":["GET"]}}],"collection":[{"href":"https:\/\/www.europesays.com\/fr\/wp-json\/wp\/v2\/posts"}],"about":[{"href":"https:\/\/www.europesays.com\/fr\/wp-json\/wp\/v2\/types\/post"}],"author":[{"embeddable":true,"href":"https:\/\/www.europesays.com\/fr\/wp-json\/wp\/v2\/users\/2"}],"replies":[{"embeddable":true,"href":"https:\/\/www.europesays.com\/fr\/wp-json\/wp\/v2\/comments?post=579821"}],"version-history":[{"count":0,"href":"https:\/\/www.europesays.com\/fr\/wp-json\/wp\/v2\/posts\/579821\/revisions"}],"wp:featuredmedia":[{"embeddable":true,"href":"https:\/\/www.europesays.com\/fr\/wp-json\/wp\/v2\/media\/579822"}],"wp:attachment":[{"href":"https:\/\/www.europesays.com\/fr\/wp-json\/wp\/v2\/media?parent=579821"}],"wp:term":[{"taxonomy":"category","embeddable":true,"href":"https:\/\/www.europesays.com\/fr\/wp-json\/wp\/v2\/categories?post=579821"},{"taxonomy":"post_tag","embeddable":true,"href":"https:\/\/www.europesays.com\/fr\/wp-json\/wp\/v2\/tags?post=579821"}],"curies":[{"name":"wp","href":"https:\/\/api.w.org\/{rel}","templated":true}]}}