{"id":579823,"date":"2025-12-05T12:21:12","date_gmt":"2025-12-05T12:21:12","guid":{"rendered":"https:\/\/www.europesays.com\/fr\/579823\/"},"modified":"2025-12-05T12:21:12","modified_gmt":"2025-12-05T12:21:12","slug":"les-talibans-poussent-un-garcon-de-13-ans-a-executer-publiquement-lassassin-de-sa-famille","status":"publish","type":"post","link":"https:\/\/www.europesays.com\/fr\/579823\/","title":{"rendered":"les talibans poussent un gar\u00e7on de 13 ans \u00e0 ex\u00e9cuter publiquement l\u2019assassin de sa famille"},"content":{"rendered":"<p>\n    Un homme reconnu coupable de meurtre a \u00e9t\u00e9 ex\u00e9cut\u00e9 mardi, dans l\u2019est de l\u2019Afghanistan, lors d\u2019une mise \u00e0 mort publique supervis\u00e9e par les talibans. D\u2019apr\u00e8s plusieurs m\u00e9dias, un gar\u00e7on de 13 ans, aurait \u00e9t\u00e9 pouss\u00e9 \u00e0 tirer sur le condamn\u00e9 sous les yeux d\u2019un stade comble.<\/p>\n<p class=\"fig-paragraph\">Une mise \u00e0 mort d\u2019une brutalit\u00e9 inou\u00efe s\u2019est d\u00e9roul\u00e9e mardi dans la ville de Khost, dans l\u2019est de\u00a0<a href=\"http:\/\/www.lefigaro.fr\/international\/tirs-contre-la-garde-nationale-a-washington-le-gouvernement-taliban-estime-qu-il-s-agit-d-un-incident-qui-ne-concerne-pas-l-afghanistan-20251203\" data-fig-type=\"NewsFlash\" data-gtm-custom-categorie=\"navigation\" data-gtm-custom-action=\"crossclick\" data-gtm-custom-label=\"Contextuel\" data-gtm-event=\"customEventSPE\" data-fig-domain=\"LEFIGARO\" target=\"_blank\" rel=\"noopener\">l\u2019Afghanistan<\/a>, o\u00f9 les talibans ont<a href=\"http:\/\/www.lefigaro.fr\/international\/afghanistan-quatre-nouvelles-executions-publiques-dans-des-stades-bondes-20250411\" data-fig-type=\"NewsFlash\" data-gtm-custom-categorie=\"navigation\" data-gtm-custom-action=\"crossclick\" data-gtm-custom-label=\"Contextuel\" data-gtm-event=\"customEventSPE\" data-fig-domain=\"LEFIGARO\" target=\"_blank\" rel=\"noopener\">\u00a0ex\u00e9cut\u00e9 publiquement<\/a>\u00a0un homme condamn\u00e9 pour meurtre. La Cour supr\u00eame de l\u2019\u00c9mirat islamique a confirm\u00e9 l\u2019ex\u00e9cution dans un communiqu\u00e9, \u00e9voquant l\u2019application du qisas, la loi islamique du talion, apr\u00e8s le refus de la famille de la victime de pardonner au condamn\u00e9.<\/p>\n<p class=\"fig-paragraph\">Le bourreau du jour, selon plusieurs m\u00e9dias ind\u00e9pendants afghans op\u00e9rant depuis l\u2019\u00e9tranger, notamment Amu TV, n\u2019\u00e9tait autre qu\u2019un gar\u00e7on de 13 ans, lui-m\u00eame rescap\u00e9 du massacre ayant co\u00fbt\u00e9 la vie \u00e0 plusieurs de ses proches. L\u2019adolescent aurait \u00e9t\u00e9 appel\u00e9 publiquement par les responsables talibans, invit\u00e9s \u00e0 choisir entre pardon et vengeance. Apr\u00e8s son refus de pardonner, une arme lui aurait \u00e9t\u00e9 remise pour qu\u2019il tire \u00e0 trois reprises sur le condamn\u00e9, au centre d\u2019un stade rempli d\u2019environ 80.000 spectateurs.<\/p>\n<p>                                            <a class=\"fig-a11y-skip\" href=\"#fig-a11y-skip-main-inarticle\" data-module=\"a11y-skip\" data-context=\"was @visible\"><br \/>\n    Passer la publicit\u00e9<br \/>\n<\/a>            <\/p>\n<p class=\"fig-paragraph\">Ces \u00e9l\u00e9ments, diffus\u00e9s \u00e9galement par\u00a0<a href=\"https:\/\/www.scmp.com\/news\/world\/russia-central-asia\/article\/3335012\/afghan-boy-13-executes-familys-murderer-echoes-worst-days-taliban-rule\" target=\"_blank\" rel=\"sponsored noopener\" data-gtm-custom-categorie=\"navigation\" data-gtm-custom-action=\"crossclick\" data-gtm-custom-label=\"Contextuel\" data-gtm-event=\"customEventSPE\">Associated Press<\/a>, n\u2019ont pu \u00eatre v\u00e9rifi\u00e9s de mani\u00e8re ind\u00e9pendante, les talibans interdisant syst\u00e9matiquement les t\u00e9l\u00e9phones portables et appareils photos \u00e0 l\u2019int\u00e9rieur des enceintes o\u00f9 se d\u00e9roulent ces ex\u00e9cutions.<\/p>\n<p>                                            <strong>Un meurtre familial \u00e0 l\u2019origine du drame<\/strong><\/p>\n<p class=\"fig-paragraph\">Le bureau en charge des m\u00e9dias de la province de Khost a pr\u00e9cis\u00e9 que le condamn\u00e9 \u00e9tait \u00abun meurtrier\u00bb li\u00e9 \u00e0 un incident survenu en janvier dans le district d\u2019Alisher, \u00e0 l\u2019est du pays\u00a0: 10 personnes dont trois femmes, tous membres de la m\u00eame famille, avaient \u00e9t\u00e9 tu\u00e9es. La Cour supr\u00eame assure que le dossier a \u00e9t\u00e9 examin\u00e9 par trois juridictions avant d\u2019\u00eatre soumis au chef supr\u00eame du r\u00e9gime, Hibatullah Akhundzada, qui a valid\u00e9 l\u2019ordre d\u2019ex\u00e9cution. Deux autres accus\u00e9s dans la m\u00eame affaire doivent \u00e9galement \u00eatre ex\u00e9cut\u00e9s, mais leur sentence a \u00e9t\u00e9 report\u00e9e, certains h\u00e9ritiers des victimes r\u00e9sidant \u00e0 l\u2019\u00e9tranger.<\/p>\n<p class=\"fig-paragraph\">\u00c0 la veille de l\u2019ex\u00e9cution, le rapporteur sp\u00e9cial de l\u2019ONU pour les droits humains en Afghanistan,\u00a0<a href=\"https:\/\/x.com\/SR_Afghanistan\/status\/1995933398360347067?s=20\" target=\"_blank\" rel=\"sponsored noopener\" data-gtm-custom-categorie=\"navigation\" data-gtm-custom-action=\"crossclick\" data-gtm-custom-label=\"Contextuel\" data-gtm-event=\"customEventSPE\">Richard Bennett<\/a>, avait appel\u00e9 \u00e0 son annulation, rappelant que les ex\u00e9cutions publiques constituaient \u00ab un ch\u00e2timent cruel, inhumain et contraire au droit international\u00a0\u00bb. Apr\u00e8s les premiers t\u00e9moignages \u00e9voquant la participation du jeune gar\u00e7on, il a de nouveau d\u00e9nonc\u00e9 sur X une \u00ab violation grave de la dignit\u00e9 humaine.\u00a0\u00bb<\/p>\n<p class=\"fig-paragraph\">Depuis leur retour au pouvoir en ao\u00fbt 2021,<a href=\"http:\/\/www.lefigaro.fr\/flash-actu\/afghanistan-l-onu-condamne-la-flagellation-d-une-soixantaine-de-personnes-par-les-talibans-20240606\" data-fig-type=\"NewsFlash\" data-gtm-custom-categorie=\"navigation\" data-gtm-custom-action=\"crossclick\" data-gtm-custom-label=\"Contextuel\" data-gtm-event=\"customEventSPE\" data-fig-domain=\"LEFIGARO\" target=\"_blank\" rel=\"noopener\">\u00a0les talibans ont r\u00e9tabli les ch\u00e2timents corporels publics<\/a>, flagellations pour vol, adult\u00e8re ou consommation d\u2019alcool, et ont repris les ex\u00e9cutions en public, autrefois coutumi\u00e8res sous leur premier r\u00e9gime (1996-2001). Jusqu\u2019ici, onze hommes avaient \u00e9t\u00e9 ex\u00e9cut\u00e9s de mani\u00e8re publique, dont quatre en une seule journ\u00e9e au mois d\u2019avril.<\/p>\n","protected":false},"excerpt":{"rendered":"Un homme reconnu coupable de meurtre a \u00e9t\u00e9 ex\u00e9cut\u00e9 mardi, dans l\u2019est de l\u2019Afghanistan, lors d\u2019une mise \u00e0&hellip;\n","protected":false},"author":2,"featured_media":579824,"comment_status":"","ping_status":"","sticky":false,"template":"","format":"standard","meta":{"footnotes":""},"categories":[5],"tags":[11,598,6189,1011,27,14,12,19982,28],"class_list":{"0":"post-579823","1":"post","2":"type-post","3":"status-publish","4":"format-standard","5":"has-post-thumbnail","7":"category-international","8":"tag-actualites","9":"tag-afghanistan","10":"tag-execution","11":"tag-fr","12":"tag-france","13":"tag-international","14":"tag-news","15":"tag-talibans","16":"tag-world"},"share_on_mastodon":{"url":"https:\/\/pubeurope.com\/@fr\/115666936459256586","error":""},"_links":{"self":[{"href":"https:\/\/www.europesays.com\/fr\/wp-json\/wp\/v2\/posts\/579823","targetHints":{"allow":["GET"]}}],"collection":[{"href":"https:\/\/www.europesays.com\/fr\/wp-json\/wp\/v2\/posts"}],"about":[{"href":"https:\/\/www.europesays.com\/fr\/wp-json\/wp\/v2\/types\/post"}],"author":[{"embeddable":true,"href":"https:\/\/www.europesays.com\/fr\/wp-json\/wp\/v2\/users\/2"}],"replies":[{"embeddable":true,"href":"https:\/\/www.europesays.com\/fr\/wp-json\/wp\/v2\/comments?post=579823"}],"version-history":[{"count":0,"href":"https:\/\/www.europesays.com\/fr\/wp-json\/wp\/v2\/posts\/579823\/revisions"}],"wp:featuredmedia":[{"embeddable":true,"href":"https:\/\/www.europesays.com\/fr\/wp-json\/wp\/v2\/media\/579824"}],"wp:attachment":[{"href":"https:\/\/www.europesays.com\/fr\/wp-json\/wp\/v2\/media?parent=579823"}],"wp:term":[{"taxonomy":"category","embeddable":true,"href":"https:\/\/www.europesays.com\/fr\/wp-json\/wp\/v2\/categories?post=579823"},{"taxonomy":"post_tag","embeddable":true,"href":"https:\/\/www.europesays.com\/fr\/wp-json\/wp\/v2\/tags?post=579823"}],"curies":[{"name":"wp","href":"https:\/\/api.w.org\/{rel}","templated":true}]}}