{"id":579834,"date":"2025-12-05T12:27:16","date_gmt":"2025-12-05T12:27:16","guid":{"rendered":"https:\/\/www.europesays.com\/fr\/579834\/"},"modified":"2025-12-05T12:27:16","modified_gmt":"2025-12-05T12:27:16","slug":"deux-drones-vont-survoler-et-filmer-le-defile-voici-pourquoi","status":"publish","type":"post","link":"https:\/\/www.europesays.com\/fr\/579834\/","title":{"rendered":"deux drones vont survoler et filmer le d\u00e9fil\u00e9, voici pourquoi"},"content":{"rendered":"<p>                    Par<br \/>\n        <strong><br \/>\n            <a href=\"https:\/\/actu.fr\/auteur\/pierre-emile-bouchy-actu-fr\" title=\"Consulter tous les articles de Paul-Emile Bouchy\" target=\"_blank\" rel=\"noopener\">Paul-Emile Bouchy<\/a><br \/>\n                    <\/strong><\/p>\n<p>        Publi\u00e9 le<\/p>\n<p>            5 d\u00e9c. 2025 \u00e0 12h53        <\/p>\n<p>Ce samedi 6\u00a0d\u00e9cembre aura lieu le point d\u2019orgue des <a href=\"https:\/\/actu.fr\/grand-est\/nancy_54395\/fetes-de-saint-nicolas-a-nancy-dates-theme-nouveautes-voici-tout-ce-que-l-on-sait-deja-de-l-edition-2025_63173235.html\" target=\"_blank\" rel=\"noopener\">F\u00eates de Saint-Nicolas \u00e0 Nancy<\/a>. Le <a href=\"https:\/\/actu.fr\/grand-est\/nancy_54395\/fetes-de-saint-nicolas-a-nancy-voici-tout-ce-qu-il-faut-savoir-sur-le-defile-2025_63458728.html\" target=\"_blank\" rel=\"noopener\">grand d\u00e9fil\u00e9<\/a>, attendu avec impatience chaque ann\u00e9e, se d\u00e9roulera <strong>dans le centre-ville de la cit\u00e9 ducale<\/strong>.<\/p>\n<p class=\" wall-content\">\u00c0 cette occasion, la pr\u00e9fecture de Meurthe-et-Moselle a autoris\u00e9 que <strong>deux drones <\/strong><strong>survolent et filment l\u2019\u00e9v\u00e8nement<\/strong>. On vous explique pourquoi.<\/p>\n<p>Un drone au-dessus du d\u00e9fil\u00e9 de Saint-Nicolas<\/p>\n<p class=\" wall-content\">Par arr\u00eat\u00e9, Yves S\u00e9guy, pr\u00e9fet de Meurthe-et-Moselle, a autoris\u00e9 <strong>la captation d\u2019images par deux drones, \u00e9quip\u00e9s chacun de deux cam\u00e9ras, par les forces de l\u2019ordre<\/strong> ce samedi <strong>de 15h \u00e0 22h<\/strong>. Cela concerne uniquement <strong>le p\u00e9rim\u00e8tre limit\u00e9 du d\u00e9fil\u00e9 de Saint-Nicolas<\/strong>\u2009:<\/p>\n<ul class=\" wall-content\">\n<li>place Carnot<\/li>\n<li>rue Guerrier de Dumast<\/li>\n<li>rue Stanislas<\/li>\n<li>rue d\u2019Amerval<\/li>\n<li>rue Lafayette<\/li>\n<li>rue des Dames<\/li>\n<li>place Saint-Evpre<\/li>\n<li>place Joseph-Malval<\/li>\n<li>place de la Carri\u00e8re<\/li>\n<li>rue H\u00e9r\u00e9<\/li>\n<li>place Stanislas<\/li>\n<li>rue Sainte-Catherine<\/li>\n<\/ul>\n<p>Un moyen de renforcer la s\u00e9curit\u00e9 de l\u2019\u00e9v\u00e8nement<\/p>\n<p class=\" wall-content\">La pr\u00e9fecture motive cette d\u00e9cision par le fait que <strong>la forte affluence attendue (plus de 100\u2009000\u00a0spectateurs) \u00ab\u2009majore le risque d\u2019attentat\u2009\u00bb<\/strong>. D\u2019autant que la menace terroriste est jug\u00e9e \u00ab\u2009tr\u00e8s \u00e9lev\u00e9e\u2009\u00bb, comme l\u2019a rappel\u00e9 le ministre de l\u2019Int\u00e9rieur Laurent Nu\u00f1ez en demandant de <a href=\"https:\/\/actu.fr\/grand-est\/strasbourg_67482\/menace-terroriste-laurent-nunez-demande-de-renforcer-la-securite-des-marches-de-noel-et-cite-strasbourg_63525848.html\" target=\"_blank\" rel=\"noopener\">renforcer la s\u00e9curit\u00e9 des march\u00e9s de No\u00ebl<\/a>.<\/p>\n<p class=\" wall-content\">Selon la pr\u00e9fecture, cette vision en grand angle permettra de <strong>\u00ab\u2009pr\u00e9venir les atteintes aux personnes et aux biens, les actes terroristes<\/strong>, d\u2019assurer la s\u00e9curit\u00e9 de la manifestation, de garantir le maintien et le r\u00e9tablissement de l\u2019ordre public\u2009\u00bb.<\/p>\n<p class=\" wall-content\">Personnalisez votre actualit\u00e9 en ajoutant vos villes et m\u00e9dias en favori avec <a href=\"https:\/\/moncompte.actu.fr\" title=\"D\u00e9couvez Mon Actu\" rel=\"nofollow noopener\" data-trk=\"{&quot;cta&quot;:{&quot;action&quot;:&quot;https:\\\/\\\/moncompte.actu.fr&quot;,&quot;category&quot;:&quot;mon compte&quot;,&quot;from&quot;:&quot;article footer&quot;,&quot;name&quot;:&quot;Mon actu&quot;,&quot;type&quot;:&quot;cta&quot;}}\" target=\"_blank\">Mon Actu<\/a>.<\/p>\n","protected":false},"excerpt":{"rendered":"Par Paul-Emile Bouchy Publi\u00e9 le 5 d\u00e9c. 2025 \u00e0 12h53 Ce samedi 6\u00a0d\u00e9cembre aura lieu le point d\u2019orgue&hellip;\n","protected":false},"author":2,"featured_media":579835,"comment_status":"","ping_status":"","sticky":false,"template":"","format":"standard","meta":{"footnotes":""},"categories":[9635],"tags":[1111,11,1777,674,1011,27,775,1702,12,1072,25,14334,104],"class_list":{"0":"post-579834","1":"post","2":"type-post","3":"status-publish","4":"format-standard","5":"has-post-thumbnail","7":"category-nancy","8":"tag-actu","9":"tag-actualites","10":"tag-eu","11":"tag-europe","12":"tag-fr","13":"tag-france","14":"tag-grand-est","15":"tag-nancy","16":"tag-news","17":"tag-police","18":"tag-republique-francaise","19":"tag-saint-nicolas","20":"tag-societe"},"share_on_mastodon":{"url":"https:\/\/pubeurope.com\/@fr\/115666959900258960","error":""},"_links":{"self":[{"href":"https:\/\/www.europesays.com\/fr\/wp-json\/wp\/v2\/posts\/579834","targetHints":{"allow":["GET"]}}],"collection":[{"href":"https:\/\/www.europesays.com\/fr\/wp-json\/wp\/v2\/posts"}],"about":[{"href":"https:\/\/www.europesays.com\/fr\/wp-json\/wp\/v2\/types\/post"}],"author":[{"embeddable":true,"href":"https:\/\/www.europesays.com\/fr\/wp-json\/wp\/v2\/users\/2"}],"replies":[{"embeddable":true,"href":"https:\/\/www.europesays.com\/fr\/wp-json\/wp\/v2\/comments?post=579834"}],"version-history":[{"count":0,"href":"https:\/\/www.europesays.com\/fr\/wp-json\/wp\/v2\/posts\/579834\/revisions"}],"wp:featuredmedia":[{"embeddable":true,"href":"https:\/\/www.europesays.com\/fr\/wp-json\/wp\/v2\/media\/579835"}],"wp:attachment":[{"href":"https:\/\/www.europesays.com\/fr\/wp-json\/wp\/v2\/media?parent=579834"}],"wp:term":[{"taxonomy":"category","embeddable":true,"href":"https:\/\/www.europesays.com\/fr\/wp-json\/wp\/v2\/categories?post=579834"},{"taxonomy":"post_tag","embeddable":true,"href":"https:\/\/www.europesays.com\/fr\/wp-json\/wp\/v2\/tags?post=579834"}],"curies":[{"name":"wp","href":"https:\/\/api.w.org\/{rel}","templated":true}]}}