{"id":579836,"date":"2025-12-05T12:29:12","date_gmt":"2025-12-05T12:29:12","guid":{"rendered":"https:\/\/www.europesays.com\/fr\/579836\/"},"modified":"2025-12-05T12:29:12","modified_gmt":"2025-12-05T12:29:12","slug":"midi-olympique-mise-sur-une-victoire-bonifiee-du-rc-toulon","status":"publish","type":"post","link":"https:\/\/www.europesays.com\/fr\/579836\/","title":{"rendered":"Midi Olympique mise sur une victoire bonifi\u00e9e du RC Toulon !"},"content":{"rendered":"<p>Ce dimanche apr\u00e8s-midi, le Rugby Club Toulonnais d\u00e9fiera Edimbourg \u00e0 l\u2019occasion de la premi\u00e8re journ\u00e9e de la Champions Cup.<\/p>\n<p>Ce vendredi, Midi Olympique d\u00e9voile ses pronostics pour cette rencontre.<\/p>\n<p>Et selon le m\u00e9dia sp\u00e9cialis\u00e9, le Rugby Club Toulonnais devraient s\u2019imposer avec le point de bonus offensif.<\/p>\n<p><strong>Voici les pronostics de <a href=\"https:\/\/www.rugbyrama.fr\/2025\/12\/05\/champions-cup-les-pronos-des-clubs-francais-le-bon-coup-de-toulon-bordeaux-begles-sexporte-bien-13092478.php\" target=\"_blank\" rel=\"noopener\">Midi Olympique<\/a> :<\/strong><\/p>\n<p>\u00ab\u00a0\u00c9limin\u00e9s en quart de finale chez eux face \u00e0 Toulouse, \u00e0 la sir\u00e8ne, lors du pr\u00e9c\u00e9dent exercice, les Toulonnais avaient, avant cela, r\u00e9alis\u00e9 une phase de poules quasiment parfaite, suffisamment, en tout cas, pour l\u2019achever \u00e0 la premi\u00e8re place de leur groupe. Les Varois connaissent donc la marche \u00e0 suivre pour se d\u00e9gager le tableau, au moins jusqu\u2019aux quarts, afin de jouer le plus possible \u00e0 Mayol\u2026 Face \u00e0 des \u00c9cossais au d\u00e9but de saison laborieux en URC (10\u1d49) et priv\u00e9s de plusieurs internationaux sur le flanc (Tuipulotu, Rae\u2026), les cinq points ne sont pas une mission impossible !\u00a0\u00bb<\/p>\n<p><strong>Voici les autres pronostics de Midi Olympique :<\/strong><\/p>\n<p>Bayonne \u2013 Stormers (vendredi, 21h) : succ\u00e8s des Stormers<br \/>Clermont \u2013 Saracens (samedi 14h) : succ\u00e8s de Clermont<br \/>Bulls \u2013 Bordeaux-B\u00e8gles (samedi 16h15) : succ\u00e8s bonifi\u00e9 de Bordeaux-B\u00e8gles<br \/>La Rochelle \u2013 Leicester (samedi 18h30) : succ\u00e8s de La Rochelle<br \/>Pau \u2013 Northampton (dimanche, 14h) : succ\u00e8s de Northampton<br \/>Toulouse \u2013 Sharks (dimanche, 16h15) : succ\u00e8s bonifi\u00e9 de Toulouse<br \/>Gloucester \u2013 Castres (dimanche, 16h15) : succ\u00e8s de Castres<\/p>\n","protected":false},"excerpt":{"rendered":"Ce dimanche apr\u00e8s-midi, le Rugby Club Toulonnais d\u00e9fiera Edimbourg \u00e0 l\u2019occasion de la premi\u00e8re journ\u00e9e de la Champions&hellip;\n","protected":false},"author":2,"featured_media":571952,"comment_status":"","ping_status":"","sticky":false,"template":"","format":"standard","meta":{"footnotes":""},"categories":[9619],"tags":[1111,11,1777,674,1011,27,12,882,25,2310],"class_list":{"0":"post-579836","1":"post","2":"type-post","3":"status-publish","4":"format-standard","5":"has-post-thumbnail","7":"category-toulon","8":"tag-actu","9":"tag-actualites","10":"tag-eu","11":"tag-europe","12":"tag-fr","13":"tag-france","14":"tag-news","15":"tag-provence-alpes-cote-dazur","16":"tag-republique-francaise","17":"tag-toulon"},"share_on_mastodon":{"url":"https:\/\/pubeurope.com\/@fr\/115666967965980944","error":""},"_links":{"self":[{"href":"https:\/\/www.europesays.com\/fr\/wp-json\/wp\/v2\/posts\/579836","targetHints":{"allow":["GET"]}}],"collection":[{"href":"https:\/\/www.europesays.com\/fr\/wp-json\/wp\/v2\/posts"}],"about":[{"href":"https:\/\/www.europesays.com\/fr\/wp-json\/wp\/v2\/types\/post"}],"author":[{"embeddable":true,"href":"https:\/\/www.europesays.com\/fr\/wp-json\/wp\/v2\/users\/2"}],"replies":[{"embeddable":true,"href":"https:\/\/www.europesays.com\/fr\/wp-json\/wp\/v2\/comments?post=579836"}],"version-history":[{"count":0,"href":"https:\/\/www.europesays.com\/fr\/wp-json\/wp\/v2\/posts\/579836\/revisions"}],"wp:featuredmedia":[{"embeddable":true,"href":"https:\/\/www.europesays.com\/fr\/wp-json\/wp\/v2\/media\/571952"}],"wp:attachment":[{"href":"https:\/\/www.europesays.com\/fr\/wp-json\/wp\/v2\/media?parent=579836"}],"wp:term":[{"taxonomy":"category","embeddable":true,"href":"https:\/\/www.europesays.com\/fr\/wp-json\/wp\/v2\/categories?post=579836"},{"taxonomy":"post_tag","embeddable":true,"href":"https:\/\/www.europesays.com\/fr\/wp-json\/wp\/v2\/tags?post=579836"}],"curies":[{"name":"wp","href":"https:\/\/api.w.org\/{rel}","templated":true}]}}