{"id":579837,"date":"2025-12-05T12:30:17","date_gmt":"2025-12-05T12:30:17","guid":{"rendered":"https:\/\/www.europesays.com\/fr\/579837\/"},"modified":"2025-12-05T12:30:17","modified_gmt":"2025-12-05T12:30:17","slug":"barnabe-debarque-au-jeu-de-paume-une-boutique-de-160-m%c2%b2-pour-seduire-les-fans-de-jeans-et-workwear-des-fevrier-2026","status":"publish","type":"post","link":"https:\/\/www.europesays.com\/fr\/579837\/","title":{"rendered":"Barnab\u00e9 d\u00e9barque au Jeu de Paume\u00a0: une boutique de 160 m\u00b2 pour s\u00e9duire les fans de jeans et workwear d\u00e8s f\u00e9vrier\u00a02026"},"content":{"rendered":"<p>\n                                                                Barnab\u00e9 ouvrira en f\u00e9vrier\u00a02026 une nouvelle boutique au Jeu-de-Paume, \u00e0 Montpellier. L\u2019enseigne fond\u00e9e en 2014 \u00e0 Montpellier a re\u00e7u ce jeudi 4\u00a0d\u00e9cembre les cl\u00e9s de son futur local. Le sp\u00e9cialiste du jeans et du workwear conserve ses magasins de la rue de l\u2019Argenterie.\n                            <\/p>\n<p>Barnab\u00e9 tente l\u2019aventure du Jeu-de-Paume. L\u2019enseigne montpelli\u00e9raine de pr\u00eat-\u00e0-porter, sp\u00e9cialiste du jeans, du cuir et des v\u00eatements workwear, ouvrira dans quelques mois une nouvelle boutique au num\u00e9ro\u00a020 du boulevard. L\u2019\u00e9quipe de Barnab\u00e9 a r\u00e9cup\u00e9r\u00e9 les cl\u00e9s de son futur local ce jeudi 4\u00a0d\u00e9cembre aupr\u00e8s d\u2019Alt\u00e9med, l\u2019am\u00e9nageur public. Il devrait accueillir les premiers clients d\u00e8s f\u00e9vrier\u00a02026, apr\u00e8s une phase de travaux qui d\u00e9bute ce lundi.<\/p>\n<p>Fond\u00e9 en 2014 \u00e0 Montpellier<\/p>\n<p>La future boutique s\u2019implante sur 160 m\u00b2, sur deux niveaux. Un temps occup\u00e9 par des concept-stores, le local \u00e9tait aussi devenu la Maison du P\u00e8re No\u00ebl en\u00a02023 et\u00a02024, une op\u00e9ration port\u00e9e par les commer\u00e7ants du quartier \u00e0 l\u2019occasion des f\u00eates de fin d\u2019ann\u00e9e.<\/p>\n<p>\u00ab\u00a0On garde notre identit\u00e9\u00a0: des v\u00eatements de tr\u00e8s bonne qualit\u00e9, qui durent longtemps\u00a0et que l\u2019on ne peut pas forc\u00e9ment trouver ailleurs. Mais au Jeu-de-Paume, on va cr\u00e9er un concept autour de la marque Carhartt (firme anglaise cr\u00e9\u00e9e en 1994 autour du v\u00eatement de travail devenu objet de mode, NDLR)\u00a0\u00bb, d\u00e9taille Anthony, le directeur des magasins Barnab\u00e9.<\/p>\n<p>L\u2019enseigne, fond\u00e9e \u00e0 Montpellier en 2014, conserve \u00e9galement ses deux points de vente historiques, situ\u00e9s l\u2019un en face de l\u2019autre dans la rue de l\u2019Argenterie.<\/p>\n","protected":false},"excerpt":{"rendered":"Barnab\u00e9 ouvrira en f\u00e9vrier\u00a02026 une nouvelle boutique au Jeu-de-Paume, \u00e0 Montpellier. L\u2019enseigne fond\u00e9e en 2014 \u00e0 Montpellier a&hellip;\n","protected":false},"author":2,"featured_media":579838,"comment_status":"","ping_status":"","sticky":false,"template":"","format":"standard","meta":{"footnotes":""},"categories":[9599],"tags":[1111,11,215,33,1777,674,1011,27,7089,2208,12,2680,25],"class_list":{"0":"post-579837","1":"post","2":"type-post","3":"status-publish","4":"format-standard","5":"has-post-thumbnail","7":"category-montpellier","8":"tag-actu","9":"tag-actualites","10":"tag-commerce","11":"tag-economie","12":"tag-eu","13":"tag-europe","14":"tag-fr","15":"tag-france","16":"tag-herault","17":"tag-montpellier","18":"tag-news","19":"tag-occitanie","20":"tag-republique-francaise"},"share_on_mastodon":{"url":"https:\/\/pubeurope.com\/@fr\/115666972399732569","error":""},"_links":{"self":[{"href":"https:\/\/www.europesays.com\/fr\/wp-json\/wp\/v2\/posts\/579837","targetHints":{"allow":["GET"]}}],"collection":[{"href":"https:\/\/www.europesays.com\/fr\/wp-json\/wp\/v2\/posts"}],"about":[{"href":"https:\/\/www.europesays.com\/fr\/wp-json\/wp\/v2\/types\/post"}],"author":[{"embeddable":true,"href":"https:\/\/www.europesays.com\/fr\/wp-json\/wp\/v2\/users\/2"}],"replies":[{"embeddable":true,"href":"https:\/\/www.europesays.com\/fr\/wp-json\/wp\/v2\/comments?post=579837"}],"version-history":[{"count":0,"href":"https:\/\/www.europesays.com\/fr\/wp-json\/wp\/v2\/posts\/579837\/revisions"}],"wp:featuredmedia":[{"embeddable":true,"href":"https:\/\/www.europesays.com\/fr\/wp-json\/wp\/v2\/media\/579838"}],"wp:attachment":[{"href":"https:\/\/www.europesays.com\/fr\/wp-json\/wp\/v2\/media?parent=579837"}],"wp:term":[{"taxonomy":"category","embeddable":true,"href":"https:\/\/www.europesays.com\/fr\/wp-json\/wp\/v2\/categories?post=579837"},{"taxonomy":"post_tag","embeddable":true,"href":"https:\/\/www.europesays.com\/fr\/wp-json\/wp\/v2\/tags?post=579837"}],"curies":[{"name":"wp","href":"https:\/\/api.w.org\/{rel}","templated":true}]}}